{"id":2562,"date":"2018-11-23T00:26:18","date_gmt":"2018-11-23T00:26:18","guid":{"rendered":"http:\/\/raval.es\/elx\/?p=2562"},"modified":"2018-12-13T20:28:28","modified_gmt":"2018-12-13T20:28:28","slug":"guardamar25","status":"publish","type":"post","link":"https:\/\/raval.es\/elx\/guardamar25\/","title":{"rendered":"Senderismo: Guardamar del Segura &#8211; Domingo, 25"},"content":{"rendered":"<div id=\"fb-root\"><\/div>\n<p>Hora d\u2019eixida: 9:30.<br \/>\nLloc d\u2019eixida: A la porta principal\u00a0 del Parc Santa Sof\u00eda\u00a0 (carrer Ingeniero Mira)Itinerari: Circular.<br \/>\nDist\u00e0ncia aproximada: 12 km.<br \/>\nTemps aproximat: 4:00 h.<br \/>\nDificultat: F\u00e0cil.<\/p>\n<p>Recordeu portar:<br \/>\n&#8211; Roba c\u00f2moda<br \/>\n&#8211; Cal\u00e7at adeq\u00fcat<br \/>\n&#8211; Aigua<br \/>\n&#8211; Esmorzar<\/p>\n<p>\u2026i llegueix aquests <strong><a href=\"http:\/\/raval.es\/elx\/senderistes\/\">CONSELLS PER SENDERISTES<\/a><\/strong><\/p>\n<p><strong>Inscripci\u00f3 gratu\u00efta en: <\/strong><a href=\"http:\/\/raval.es\/nov17\"><strong>raval.es\/2018<br \/>\n<\/strong><\/a><strong>M\u00e9s informaci\u00f3 en <a href=\"mailto:info@raval.es\">info@raval.es<\/a>, la p\u00e0gina de <a href=\"http:\/\/raval.es\/elx\/contacto\/\">contacte<\/a> i\/o el telf. <span id=\"et-info-phone\">633 971 670 (+whatsapp)<\/span><\/strong><\/p>\n<p><strong><em>IMPORTANT:\u00a0 <\/em><\/strong><strong><em>Tots\/es els inscrits s\u00f3n afegits a un whatsapp del Grup de Senderisme per estar puntualmente informats de qualsevol canvi en la ruta, hora, lloc de trobada o apla\u00e7ament.\u00a0 <\/em><\/strong><\/p>\n","protected":false},"excerpt":{"rendered":"<p>Hora d\u2019eixida: 9:30. Lloc d\u2019eixida: A la porta principal\u00a0 del Parc Santa Sof\u00eda\u00a0 (carrer Ingeniero Mira)Itinerari: Circular. Dist\u00e0ncia aproximada: 12 km. Temps aproximat: 4:00 h. Dificultat: F\u00e0cil. Recordeu portar: &#8211; Roba c\u00f2moda &#8211; Cal\u00e7at adeq\u00fcat &#8211; Aigua &#8211; Esmorzar \u2026i llegueix aquests CONSELLS PER SENDERISTES Inscripci\u00f3 gratu\u00efta en: raval.es\/2018 M\u00e9s informaci\u00f3 en info@raval.es, la p\u00e0gina [&hellip;]<\/p>\n","protected":false},"author":1,"featured_media":2566,"comment_status":"open","ping_status":"open","sticky":false,"template":"","format":"standard","meta":{"_et_pb_use_builder":"","_et_pb_old_content":"","_et_gb_content_width":"","_joinchat":[],"footnotes":""},"categories":[91,64,70],"tags":[],"class_list":["post-2562","post","type-post","status-publish","format-standard","has-post-thumbnail","hentry","category-91","category-actividades","category-senderisme"],"_links":{"self":[{"href":"https:\/\/raval.es\/elx\/wp-json\/wp\/v2\/posts\/2562","targetHints":{"allow":["GET"]}}],"collection":[{"href":"https:\/\/raval.es\/elx\/wp-json\/wp\/v2\/posts"}],"about":[{"href":"https:\/\/raval.es\/elx\/wp-json\/wp\/v2\/types\/post"}],"author":[{"embeddable":true,"href":"https:\/\/raval.es\/elx\/wp-json\/wp\/v2\/users\/1"}],"replies":[{"embeddable":true,"href":"https:\/\/raval.es\/elx\/wp-json\/wp\/v2\/comments?post=2562"}],"version-history":[{"count":2,"href":"https:\/\/raval.es\/elx\/wp-json\/wp\/v2\/posts\/2562\/revisions"}],"predecessor-version":[{"id":2565,"href":"https:\/\/raval.es\/elx\/wp-json\/wp\/v2\/posts\/2562\/revisions\/2565"}],"wp:featuredmedia":[{"embeddable":true,"href":"https:\/\/raval.es\/elx\/wp-json\/wp\/v2\/media\/2566"}],"wp:attachment":[{"href":"https:\/\/raval.es\/elx\/wp-json\/wp\/v2\/media?parent=2562"}],"wp:term":[{"taxonomy":"category","embeddable":true,"href":"https:\/\/raval.es\/elx\/wp-json\/wp\/v2\/categories?post=2562"},{"taxonomy":"post_tag","embeddable":true,"href":"https:\/\/raval.es\/elx\/wp-json\/wp\/v2\/tags?post=2562"}],"curies":[{"name":"wp","href":"https:\/\/api.w.org\/{rel}","templated":true}]}}