{"id":2568,"date":"2018-12-13T20:24:25","date_gmt":"2018-12-13T20:24:25","guid":{"rendered":"http:\/\/raval.es\/elx\/?p=2568"},"modified":"2019-01-09T23:17:39","modified_gmt":"2019-01-09T23:17:39","slug":"josemari","status":"publish","type":"post","link":"https:\/\/raval.es\/elx\/josemari\/","title":{"rendered":"El mag Josemari al Raval &#8211; diumenge 16 desembre"},"content":{"rendered":"<div id=\"fb-root\"><\/div>\n<p>[et_pb_section bb_built=\u00bb1&#8243;][et_pb_row][et_pb_column type=\u00bb2_3&#8243;][et_pb_image _builder_version=\u00bb3.17.6&#8243; src=\u00bbhttp:\/\/raval.es\/elx\/wp-content\/uploads\/2018\/12\/mag16D.jpg\u00bb \/][\/et_pb_column][et_pb_column type=\u00bb1_3&#8243;][et_pb_text _builder_version=\u00bb3.17.6&#8243;]<\/p>\n<p>ENTRADA LLIURE- Per tots els p\u00fablics<\/p>\n<p>\u00abMis espect\u00e1culos de magia familiar est\u00e1n creados para que toda la familia, desde ni\u00f1os a mayores, disfruten y participen. En mi magia utilizo el humor y hago que el show sea participativo para que los espectadores puedan sentir la magia en primera persona. Por supuesto siempre siendo respetuoso con el p\u00fablico.<\/p>\n<p>Te garantizo que cuando vuelvas a casa despu\u00e9s de disfrutar de uno de mis shows, te ir\u00e1s con la sensaci\u00f3n de haber vivido momentos m\u00e1gicos, divertidos e inolvidables\u00bb<\/p>\n<p><a href=\"http:\/\/www.magojosemari.com\/?fbclid=IwAR3mcdXJCsSu92LNusvxR36JhAQycVhycLPW6oZMDcgypjINZgnpDtWR7Ow\" target=\"_blank\" rel=\"nofollow noopener\" data-lynx-mode=\"hover\" data-lynx-uri=\"https:\/\/l.facebook.com\/l.php?u=http%3A%2F%2Fwww.magojosemari.com%2F%3Ffbclid%3DIwAR3mcdXJCsSu92LNusvxR36JhAQycVhycLPW6oZMDcgypjINZgnpDtWR7Ow&amp;h=AT0uCAEkBuxhvhfO4PzhYsmk0y33xLBEsbUCufBFGvPNJS-88Fj5vsIE0wh6uzc0gqF_1JluVTCAQvqcY1nKpNmhU9Q5EZUMdB8s0Rxtg_rDxf26o0oPufr9T7pATWZ2Ghu1hYw6Fg\">http:\/\/www.magojosemari.com<\/a><\/p>\n<p>[\/et_pb_text][\/et_pb_column][\/et_pb_row][\/et_pb_section]<\/p>\n","protected":false},"excerpt":{"rendered":"<p>Magia per tots els p\u00fablics i totes les edats el diumenge, 16 de desembre des de les 18:00h<\/p>\n","protected":false},"author":1,"featured_media":2569,"comment_status":"open","ping_status":"open","sticky":false,"template":"","format":"standard","meta":{"_et_pb_use_builder":"on","_et_pb_old_content":"","_et_gb_content_width":"","_joinchat":[],"footnotes":""},"categories":[91,64],"tags":[],"class_list":["post-2568","post","type-post","status-publish","format-standard","has-post-thumbnail","hentry","category-91","category-actividades"],"_links":{"self":[{"href":"https:\/\/raval.es\/elx\/wp-json\/wp\/v2\/posts\/2568","targetHints":{"allow":["GET"]}}],"collection":[{"href":"https:\/\/raval.es\/elx\/wp-json\/wp\/v2\/posts"}],"about":[{"href":"https:\/\/raval.es\/elx\/wp-json\/wp\/v2\/types\/post"}],"author":[{"embeddable":true,"href":"https:\/\/raval.es\/elx\/wp-json\/wp\/v2\/users\/1"}],"replies":[{"embeddable":true,"href":"https:\/\/raval.es\/elx\/wp-json\/wp\/v2\/comments?post=2568"}],"version-history":[{"count":3,"href":"https:\/\/raval.es\/elx\/wp-json\/wp\/v2\/posts\/2568\/revisions"}],"predecessor-version":[{"id":2572,"href":"https:\/\/raval.es\/elx\/wp-json\/wp\/v2\/posts\/2568\/revisions\/2572"}],"wp:featuredmedia":[{"embeddable":true,"href":"https:\/\/raval.es\/elx\/wp-json\/wp\/v2\/media\/2569"}],"wp:attachment":[{"href":"https:\/\/raval.es\/elx\/wp-json\/wp\/v2\/media?parent=2568"}],"wp:term":[{"taxonomy":"category","embeddable":true,"href":"https:\/\/raval.es\/elx\/wp-json\/wp\/v2\/categories?post=2568"},{"taxonomy":"post_tag","embeddable":true,"href":"https:\/\/raval.es\/elx\/wp-json\/wp\/v2\/tags?post=2568"}],"curies":[{"name":"wp","href":"https:\/\/api.w.org\/{rel}","templated":true}]}}