{"id":2629,"date":"2019-02-04T23:59:32","date_gmt":"2019-02-04T23:59:32","guid":{"rendered":"http:\/\/raval.es\/elx\/?p=2629"},"modified":"2019-02-05T10:14:46","modified_gmt":"2019-02-05T10:14:46","slug":"propuestas-vecinales-para-las-municipales-2019","status":"publish","type":"post","link":"https:\/\/raval.es\/elx\/propuestas-vecinales-para-las-municipales-2019\/","title":{"rendered":"Propuestas Vecinales para las Municipales 2019"},"content":{"rendered":"<div id=\"fb-root\"><\/div>\n<p>[et_pb_section bb_built=\u00bb1&#8243;][et_pb_row][et_pb_column type=\u00bb1_3&#8243;][et_pb_image _builder_version=\u00bb3.17.6&#8243; src=\u00bbhttp:\/\/raval.es\/elx\/wp-content\/uploads\/2019\/02\/propostesFAAVV2.jpeg\u00bb \/][et_pb_code _builder_version=\u00bb3.17.6&#8243;]<iframe loading=\"lazy\" src=\"https:\/\/www.facebook.com\/plugins\/video.php?href=https%3A%2F%2Fwww.facebook.com%2Ffederacionvecinalelche%2Fvideos%2F393625288055949%2F&#038;show_text=0&#038;width=267\" width=\"267\" height=\"476\" style=\"border:none;overflow:hidden\" scrolling=\"no\" frameborder=\"0\" allowTransparency=\"true\" allowFullScreen=\"true\"><\/iframe>[\/et_pb_code][\/et_pb_column][et_pb_column type=\u00bb1_3&#8243;][et_pb_text _builder_version=\u00bb3.17.6&#8243;]<\/p>\n<p>La Federaci\u00f3 d&#8217;Associacions Ve\u00efnals Dama d&#8217;Elx va presentar el darrer dimecres, 30 de gener, a la sala \u00abAmbit Cultural\u00bb del Corte Ingl\u00e9s, les propostes elaborades per les distintes associacions per demanar als partits pol\u00edtics que es presenten a les el\u00b7leccions municipals de maig de 2019, per a que tots ells es comprometeren a dur-les a termini guany\u00e9s qui guany\u00e9s.<\/p>\n<p>La iniciativa va ser molt ben acollida per la quasi dotzena de partit que varen acudir a la presentaci\u00f3 de les propostes que, en gran medida varen ser acceptades per tots ells.<\/p>\n<p>[\/et_pb_text][\/et_pb_column][et_pb_column type=\u00bb1_3&#8243;][et_pb_button _builder_version=\u00bb3.17.6&#8243; button_text=\u00bbDescarrega el PDF\u00bb button_url=\u00bbhttp:\/\/raval.es\/dox\/Propostes2019-FAAV.pdf\u00bb button_alignment=\u00bbcenter\u00bb \/][et_pb_image _builder_version=\u00bb3.17.6&#8243; src=\u00bbhttp:\/\/raval.es\/elx\/wp-content\/uploads\/2019\/02\/PropostesFAAV.jpg\u00bb url=\u00bbhttp:\/\/raval.es\/dox\/Propostes2019-FAAV.pdf\u00bb \/][\/et_pb_column][\/et_pb_row][\/et_pb_section]<\/p>\n","protected":false},"excerpt":{"rendered":"<p>La Federaci\u00f3 d&#8217;Associacions Ve\u00efnals Dama d&#8217;Elx va presentar un seguit de propostes pels partits pol\u00edtics que es presentaran a les eleccions municipals de maig<\/p>\n","protected":false},"author":1,"featured_media":2631,"comment_status":"open","ping_status":"open","sticky":false,"template":"","format":"standard","meta":{"_et_pb_use_builder":"on","_et_pb_old_content":"","_et_gb_content_width":"","_joinchat":[],"footnotes":""},"categories":[51],"tags":[],"class_list":["post-2629","post","type-post","status-publish","format-standard","has-post-thumbnail","hentry","category-noticias"],"_links":{"self":[{"href":"https:\/\/raval.es\/elx\/wp-json\/wp\/v2\/posts\/2629","targetHints":{"allow":["GET"]}}],"collection":[{"href":"https:\/\/raval.es\/elx\/wp-json\/wp\/v2\/posts"}],"about":[{"href":"https:\/\/raval.es\/elx\/wp-json\/wp\/v2\/types\/post"}],"author":[{"embeddable":true,"href":"https:\/\/raval.es\/elx\/wp-json\/wp\/v2\/users\/1"}],"replies":[{"embeddable":true,"href":"https:\/\/raval.es\/elx\/wp-json\/wp\/v2\/comments?post=2629"}],"version-history":[{"count":4,"href":"https:\/\/raval.es\/elx\/wp-json\/wp\/v2\/posts\/2629\/revisions"}],"predecessor-version":[{"id":2640,"href":"https:\/\/raval.es\/elx\/wp-json\/wp\/v2\/posts\/2629\/revisions\/2640"}],"wp:featuredmedia":[{"embeddable":true,"href":"https:\/\/raval.es\/elx\/wp-json\/wp\/v2\/media\/2631"}],"wp:attachment":[{"href":"https:\/\/raval.es\/elx\/wp-json\/wp\/v2\/media?parent=2629"}],"wp:term":[{"taxonomy":"category","embeddable":true,"href":"https:\/\/raval.es\/elx\/wp-json\/wp\/v2\/categories?post=2629"},{"taxonomy":"post_tag","embeddable":true,"href":"https:\/\/raval.es\/elx\/wp-json\/wp\/v2\/tags?post=2629"}],"curies":[{"name":"wp","href":"https:\/\/api.w.org\/{rel}","templated":true}]}}