{"id":2663,"date":"2019-02-20T21:09:11","date_gmt":"2019-02-20T21:09:11","guid":{"rendered":"http:\/\/raval.es\/elx\/?p=2663"},"modified":"2019-03-20T19:21:52","modified_gmt":"2019-03-20T19:21:52","slug":"cati","status":"publish","type":"post","link":"https:\/\/raval.es\/elx\/cati\/","title":{"rendered":"Senderisme: XORRET del CAT\u00cd &#8211; Diumenge, 24"},"content":{"rendered":"<div id=\"fb-root\"><\/div>\n<p>[et_pb_section bb_built=\u00bb1&#8243; _builder_version=\u00bb3.17.6&#8243;][et_pb_row][et_pb_column type=\u00bb1_2&#8243;][et_pb_image _builder_version=\u00bb3.17.6&#8243; src=\u00bbhttp:\/\/raval.es\/elx\/wp-content\/uploads\/2019\/02\/xorret.jpg\u00bb \/][et_pb_image _builder_version=\u00bb3.17.6&#8243; src=\u00bbhttp:\/\/raval.es\/elx\/wp-content\/uploads\/2019\/02\/xorretcat.jpg\u00bb \/][\/et_pb_column][et_pb_column type=\u00bb1_2&#8243;][et_pb_text _builder_version=\u00bb3.17.6&#8243;]<\/p>\n<ul>\n<li>Itinerari circular<\/li>\n<li>Dist\u00e0ncia aproximada: 10,5 km.<\/li>\n<li>Temps aproximat: 3.30 h.<\/li>\n<li>Dificultat: Mitjana<\/li>\n<li>Hora d\u2019eixida: 8.30h<\/li>\n<li>Lloc d\u2019eixida: Parada bus 285 (Hort Portes Encarnades) en cotxes particulars<\/li>\n<li>Recordeu portar: &#8211; Roba c\u00f2moda &#8211; Cal\u00e7at adeq\u00fcat &#8211; Aigua &#8211; Esmorzar<\/li>\n<\/ul>\n<p>\u2026i llegueix aquests <strong><a href=\"http:\/\/raval.es\/elx\/senderistes\/\">CONSELLS PER SENDERISTES<\/a><\/strong><\/p>\n<ul>\n<li><strong>Inscripci\u00f3 previa gratu\u00efta obligat\u00f2ria en: <\/strong><a href=\"http:\/\/raval.es\/2019\"><strong>raval.es\/2019 <\/strong><\/a><\/li>\n<li><strong>M\u00e9s informaci\u00f3 en <a href=\"mailto:info@raval.es\">info@raval.es<\/a>, la p\u00e0gina de <a href=\"http:\/\/raval.es\/elx\/contacto\/\">contacte<\/a> i\/o el telf. <span id=\"et-info-phone\">633 971 670 (+whatsapp)<\/span><\/strong><\/li>\n<\/ul>\n<p><strong><em>IMPORTANT:\u00a0 <\/em><\/strong><strong><em>Tots\/es els inscrits s\u00f3n afegits a un whatsapp del Grup de Senderisme per estar puntualmente informats de qualsevol canvi en la ruta, hora, lloc de trobada o apla\u00e7ament.\u00a0 <\/em><\/strong><\/p>\n<p>[\/et_pb_text][\/et_pb_column][\/et_pb_row][\/et_pb_section]<\/p>\n","protected":false},"excerpt":{"rendered":"<p>El Xorret del Cat\u00ed, en plena Sierra de El Maigm\u00f3, es una zona elevada de abundante naturaleza situada entre las localidades de Castalla y Petrer que supera los 1.000 metros de altitud. <\/p>\n","protected":false},"author":1,"featured_media":2669,"comment_status":"open","ping_status":"open","sticky":false,"template":"","format":"standard","meta":{"_et_pb_use_builder":"on","_et_pb_old_content":"<p><img class=\"alignnone size-medium wp-image-2664\" src=\"http:\/\/raval.es\/elx\/wp-content\/uploads\/2019\/02\/xorret-300x197.jpg\" alt=\"\" width=\"300\" height=\"197\" \/> <img class=\"alignnone size-medium wp-image-2665\" src=\"http:\/\/raval.es\/elx\/wp-content\/uploads\/2019\/02\/xorretcat-291x300.jpg\" alt=\"\" width=\"291\" height=\"300\" \/>Itinerari circular<br \/>Dist\u00e0ncia aproximada: 10,5 km.<br \/>Temps aproximat: 3.30 h.<br \/>Dificultat: Mitjana<br \/>Hora d\u2019eixida: 8.30h<br \/>Lloc d\u2019eixida: Parada bus 285 (Hort Portes Encarnades) en cotxes particulars<br \/>Inscripci\u00f3 previa obligat\u00f2ria:<br \/>www.raval.es\/2109<\/p><p>Recordeu portar:<br \/>- Roba c\u00f2moda<br \/>- Cal\u00e7at adeq\u00fcat<br \/>- Aigua<br \/>- Esmorzar<\/p><p>\u2026i llegueix aquests <strong><a href=\"http:\/\/raval.es\/elx\/senderistes\/\">CONSELLS PER SENDERISTES<\/a><\/strong><\/p><p><strong>Inscripci\u00f3 gratu\u00efta en: <\/strong><a href=\"http:\/\/raval.es\/2019\"><strong>raval.es\/2019<br \/><\/strong><\/a><strong>M\u00e9s informaci\u00f3 en <a href=\"mailto:info@raval.es\">info@raval.es<\/a>, la p\u00e0gina de <a href=\"http:\/\/raval.es\/elx\/contacto\/\">contacte<\/a> i\/o el telf. <span id=\"et-info-phone\">633 971 670 (+whatsapp)<\/span><\/strong><\/p><p><strong><em>IMPORTANT:\u00a0 <\/em><\/strong><strong><em>Tots\/es els inscrits s\u00f3n afegits a un whatsapp del Grup de Senderisme per estar puntualmente informats de qualsevol canvi en la ruta, hora, lloc de trobada o apla\u00e7ament.\u00a0 <\/em><\/strong><\/p>","_et_gb_content_width":"","_joinchat":[],"footnotes":""},"categories":[94,70],"tags":[],"class_list":["post-2663","post","type-post","status-publish","format-standard","has-post-thumbnail","hentry","category-94","category-senderisme"],"_links":{"self":[{"href":"https:\/\/raval.es\/elx\/wp-json\/wp\/v2\/posts\/2663","targetHints":{"allow":["GET"]}}],"collection":[{"href":"https:\/\/raval.es\/elx\/wp-json\/wp\/v2\/posts"}],"about":[{"href":"https:\/\/raval.es\/elx\/wp-json\/wp\/v2\/types\/post"}],"author":[{"embeddable":true,"href":"https:\/\/raval.es\/elx\/wp-json\/wp\/v2\/users\/1"}],"replies":[{"embeddable":true,"href":"https:\/\/raval.es\/elx\/wp-json\/wp\/v2\/comments?post=2663"}],"version-history":[{"count":4,"href":"https:\/\/raval.es\/elx\/wp-json\/wp\/v2\/posts\/2663\/revisions"}],"predecessor-version":[{"id":2680,"href":"https:\/\/raval.es\/elx\/wp-json\/wp\/v2\/posts\/2663\/revisions\/2680"}],"wp:featuredmedia":[{"embeddable":true,"href":"https:\/\/raval.es\/elx\/wp-json\/wp\/v2\/media\/2669"}],"wp:attachment":[{"href":"https:\/\/raval.es\/elx\/wp-json\/wp\/v2\/media?parent=2663"}],"wp:term":[{"taxonomy":"category","embeddable":true,"href":"https:\/\/raval.es\/elx\/wp-json\/wp\/v2\/categories?post=2663"},{"taxonomy":"post_tag","embeddable":true,"href":"https:\/\/raval.es\/elx\/wp-json\/wp\/v2\/tags?post=2663"}],"curies":[{"name":"wp","href":"https:\/\/api.w.org\/{rel}","templated":true}]}}