{"id":2682,"date":"2019-03-20T18:55:39","date_gmt":"2019-03-20T18:55:39","guid":{"rendered":"http:\/\/raval.es\/elx\/?p=2682"},"modified":"2019-03-25T23:12:18","modified_gmt":"2019-03-25T23:12:18","slug":"tigernut","status":"publish","type":"post","link":"https:\/\/raval.es\/elx\/tigernut\/","title":{"rendered":"TIGERNUT &#8211; Documental &#8211; 22 Mar\u00e7"},"content":{"rendered":"<div id=\"fb-root\"><\/div>\n<p>[et_pb_section fb_built=\u00bb1&#8243; _builder_version=\u00bb3.0.47&#8243;][et_pb_row custom_padding=\u00bb0px|||0px\u00bb custom_margin=\u00bb0px|||0px\u00bb padding_top_1=\u00bb0px\u00bb _builder_version=\u00bb3.17.6&#8243; background_size=\u00bbinitial\u00bb background_position=\u00bbtop_left\u00bb background_repeat=\u00bbrepeat\u00bb padding_left_1=\u00bb0px\u00bb module_alignment=\u00bbleft\u00bb][et_pb_column type=\u00bb4_4&#8243; _builder_version=\u00bb3.0.47&#8243; padding_left=\u00bb0px\u00bb padding_top=\u00bb0px\u00bb parallax=\u00bboff\u00bb parallax_method=\u00bbon\u00bb][et_pb_text _builder_version=\u00bb3.17.6&#8243; text_font=\u00bbLato||||||||\u00bb text_line_height=\u00bb1.5em\u00bb background_color=\u00bbrgba(109,208,214,0.51)\u00bb custom_margin=\u00bb0px||-18px\u00bb custom_padding=\u00bb16px|18px|0px|18px\u00bb animation_style=\u00bbfade\u00bb]<\/p>\n<h3 style=\"text-align: center;\"><strong>TIGERNUT, la patria de las mujeres \u00edntegras<\/strong><\/h3>\n<h5 style=\"text-align: center;\">PROJECCI\u00d3 DE DOCUMENTAL i DEBAT<\/h5>\n<p>TIGERNUT \u00e9s una recerca que destapa una suposada trama internacional de corrupci\u00f3 i abusos d&#8217;una empresa valenciana que espolia recursos a \u00c0frica sobre la xufa, el nou \u00abSuper Food\u00bb o S\u00faper Aliment de moda en les dietes saludables ecol\u00f2giques i veganes de mig m\u00f3n.<\/p>\n<p>El documental ha sigut seleccionat en m\u00e9s de 30 cert\u00e0mens internacionals de cinema independent i guardonat a EUA, Hongria, Equador, Regne Unit&#8230;<\/p>\n<p>A Espanya la reacci\u00f3 per part de les empreses importadores de xufa africana ha sigut querellar-se per inj\u00faries i cal\u00famnies contra Andoni Monforte (autor d&#8217;aquest treball) i el seu equip per a impedir la seua difusi\u00f3.<\/p>\n<h1>\u00a0<\/h1>\n<h3 style=\"text-align: center;\"><strong>Divendres, 22 de mar\u00e7 \u00b7 19.00 h<\/strong><br \/><strong>Centre Social Raval &#8211; Pl. Major Raval &#8211; ELX<\/strong><\/h3>\n<p>&nbsp;<\/p>\n<div id=\"m_-8073513442743257606yMail_cursorElementTracker_1549554084160\" style=\"text-align: center;\">\u00a0<\/div>\n<p>[\/et_pb_text][et_pb_image src=\u00bbhttp:\/\/raval.es\/elx\/wp-content\/uploads\/2019\/03\/tigernutcartell.jpg\u00bb _builder_version=\u00bb3.17.6&#8243;]<br \/>\n[\/et_pb_image][et_pb_text _builder_version=\u00bb3.17.6&#8243;]<\/p>\n<p style=\"text-align: center;\"><strong>ORGANITZA:<\/strong><\/p>\n<p style=\"text-align: center;\"><strong><a href=\"http:\/\/margallo.org\">Margall\u00f3-Ecologistes en Acci\u00f3<\/a>\u00a0\u00a0 &#8211; \u00a0 <a href=\"http:\/\/alonis.net\">Associaci\u00f3 ALONIS<\/a>\u00a0\u00a0 &#8211;\u00a0\u00a0 <a href=\"http:\/\/desdebaix.es\/\">Des De Baix<\/a> \u00a0 &#8211; \u00a0 <a href=\"http:\/\/raval.es\">AV. RAVAL<\/a><\/strong><\/p>\n<p>[\/et_pb_text][et_pb_image src=\u00bbhttp:\/\/raval.es\/elx\/wp-content\/uploads\/2019\/03\/tigernutlogos.jpg\u00bb align=\u00bbcenter\u00bb _builder_version=\u00bb3.17.6&#8243;][\/et_pb_image][\/et_pb_column][\/et_pb_row][\/et_pb_section]<\/p>\n","protected":false},"excerpt":{"rendered":"<p>TIGERNUT \u00e9s una recerca que destapa una suposada trama internacional de corrupci\u00f3 i abusos d&#8217;una empresa valenciana que espolia recursos a \u00c0frica sobre la xufa, el nou \u00abSuper Food\u00bb o S\u00faper Aliment de moda en les dietes saludables ecol\u00f2giques i veganes de mig m\u00f3n.<\/p>\n","protected":false},"author":1,"featured_media":2684,"comment_status":"open","ping_status":"open","sticky":false,"template":"","format":"standard","meta":{"_et_pb_use_builder":"on","_et_pb_old_content":"","_et_gb_content_width":"","_joinchat":[],"footnotes":""},"categories":[94,64],"tags":[],"class_list":["post-2682","post","type-post","status-publish","format-standard","has-post-thumbnail","hentry","category-94","category-actividades"],"_links":{"self":[{"href":"https:\/\/raval.es\/elx\/wp-json\/wp\/v2\/posts\/2682","targetHints":{"allow":["GET"]}}],"collection":[{"href":"https:\/\/raval.es\/elx\/wp-json\/wp\/v2\/posts"}],"about":[{"href":"https:\/\/raval.es\/elx\/wp-json\/wp\/v2\/types\/post"}],"author":[{"embeddable":true,"href":"https:\/\/raval.es\/elx\/wp-json\/wp\/v2\/users\/1"}],"replies":[{"embeddable":true,"href":"https:\/\/raval.es\/elx\/wp-json\/wp\/v2\/comments?post=2682"}],"version-history":[{"count":10,"href":"https:\/\/raval.es\/elx\/wp-json\/wp\/v2\/posts\/2682\/revisions"}],"predecessor-version":[{"id":2709,"href":"https:\/\/raval.es\/elx\/wp-json\/wp\/v2\/posts\/2682\/revisions\/2709"}],"wp:featuredmedia":[{"embeddable":true,"href":"https:\/\/raval.es\/elx\/wp-json\/wp\/v2\/media\/2684"}],"wp:attachment":[{"href":"https:\/\/raval.es\/elx\/wp-json\/wp\/v2\/media?parent=2682"}],"wp:term":[{"taxonomy":"category","embeddable":true,"href":"https:\/\/raval.es\/elx\/wp-json\/wp\/v2\/categories?post=2682"},{"taxonomy":"post_tag","embeddable":true,"href":"https:\/\/raval.es\/elx\/wp-json\/wp\/v2\/tags?post=2682"}],"curies":[{"name":"wp","href":"https:\/\/api.w.org\/{rel}","templated":true}]}}