{"id":2716,"date":"2019-03-28T21:33:34","date_gmt":"2019-03-28T21:33:34","guid":{"rendered":"http:\/\/raval.es\/elx\/?p=2716"},"modified":"2019-04-11T12:32:17","modified_gmt":"2019-04-11T12:32:17","slug":"bicicritica19","status":"publish","type":"post","link":"https:\/\/raval.es\/elx\/bicicritica19\/","title":{"rendered":"BICICRITICA -30 Mar\u00e7"},"content":{"rendered":"<div id=\"fb-root\"><\/div>\n<p>[et_pb_section bb_built=\u00bb1&#8243; _builder_version=\u00bb3.0.47&#8243;][et_pb_row custom_padding=\u00bb0px|||0px\u00bb custom_margin=\u00bb0px|||0px\u00bb padding_top_1=\u00bb0px\u00bb _builder_version=\u00bb3.17.6&#8243; background_size=\u00bbinitial\u00bb background_position=\u00bbtop_left\u00bb background_repeat=\u00bbrepeat\u00bb padding_left_1=\u00bb0px\u00bb module_alignment=\u00bbleft\u00bb][et_pb_column type=\u00bb4_4&#8243;][et_pb_text _builder_version=\u00bb3.17.6&#8243; text_font=\u00bbLato||||||||\u00bb text_line_height=\u00bb1.5em\u00bb background_color=\u00bbrgba(109,208,214,0.51)\u00bb custom_margin=\u00bb0px||-18px\u00bb custom_padding=\u00bb16px|18px|0px|18px\u00bb animation_style=\u00bbfade\u00bb]<\/p>\n<p><strong>Ja estem aqu\u00ed per a celebrar que fa 10 anys que comen\u00e7\u00e0rem.<\/strong> Des de fa un parell d&#8217;anys ja no eixim cada mes en grup, per\u00f2 s\u00ed que ho fem cada dia individualment o entre amics\/amigues. Toca celebrar-ho! Reivindiquem la nostra pres\u00e8ncia en els carrers d&#8217;Elx i recordem que tamb\u00e9 SOM TR\u00c0NSIT!<br \/>Ens veiem l&#8217;\u00faltim dissabte de este mes (30 de MAR\u00c7) a les 12.00 a les Ximeneres (pl. de l&#8217;Algeps). L&#8217;<a class=\"profileLink\" href=\"http:\/\/raval.es\" data-hovercard=\"\/ajax\/hovercard\/page.php?id=492394410921835&amp;extragetparams=%7B%22__tn__%22%3A%22%2CdK-R-R%22%2C%22eid%22%3A%22ARBAb77v8pP3SGiH0TiXUoUU4y1q92QSRzrmk4o8p12VJpGt8LmdtDVLHjcndBGQNmCMCPnjMIk1_brV%22%2C%22fref%22%3A%22mentions%22%2C%22directed_target_id%22%3A260010018242835%7D\" data-hovercard-prefer-more-content-show=\"1\">Associaci\u00f3 Ve\u00efnal Raval<\/a> d&#8217;Elx ens convidar\u00e0 a coca t\u00edpica d&#8217;Elx al final de la marxa i far<span class=\"text_exposed_show\">em el tir d&#8217;eixida al mes de la bici amb els amics i amigues de <a class=\"profileLink\" href=\"https:\/\/www.facebook.com\/30DEBElche\/?__tn__=K-R&amp;eid=ARDA68uDdnVm-vf_q-utNaWj6ihziRwXuZ8TegMW03GYhNBzU-Rfannz1gyVyLCnZs586sj9Bib2tmkD&amp;fref=mentions&amp;__xts__%5B0%5D=68.ARCWb7SB0ypef-lY77OOqLHp2jx4JVKMnn59ehE0DGYMoVVtxUQxdzxyDkwEuZTsYDHu01rRmtu8pQ4zeqWDwscnNjLDeTGKdTZXCfJ62g4kBXrV6DsL_SCVt38HsvrSO4LcQlq7Lq-PsXC95aUv0lGThQcYwd-gYENud41Miv5RVQ0DgnNn0q8KMnyUexnHGOyCNU_VDAgzCUieFk2hzhTuw87D58suC_kO51UESiLbR8sEbo8k5WgxPFlajHDqKGIrfDEYtyf2q6TGsHgDSg\" data-hovercard=\"\/ajax\/hovercard\/page.php?id=234937176962383&amp;extragetparams=%7B%22__tn__%22%3A%22%2CdK-R-R%22%2C%22eid%22%3A%22ARDA68uDdnVm-vf_q-utNaWj6ihziRwXuZ8TegMW03GYhNBzU-Rfannz1gyVyLCnZs586sj9Bib2tmkD%22%2C%22fref%22%3A%22mentions%22%2C%22directed_target_id%22%3A260010018242835%7D\" data-hovercard-prefer-more-content-show=\"1\">30 dias en bici Elx<\/a>!<\/span><\/p>\n<h3 style=\"text-align: center;\"><strong>Dissabte, 30 de mar\u00e7 \u00b7 12.00 h<\/strong><br \/><strong>Ximeneres &#8211; Pl. de l&#8217;Algeps- ELX<\/strong><\/h3>\n<p>\u00a0<\/p>\n<div id=\"m_-8073513442743257606yMail_cursorElementTracker_1549554084160\" style=\"text-align: center;\">\u00a0<\/div>\n<p>[\/et_pb_text][et_pb_image src=\u00bbhttp:\/\/raval.es\/elx\/wp-content\/uploads\/2019\/03\/bicicritica10.jpg\u00bb _builder_version=\u00bb3.17.6&#8243; \/][\/et_pb_column][\/et_pb_row][\/et_pb_section]<\/p>\n","protected":false},"excerpt":{"rendered":"<p>Ja estem aqu\u00ed per a celebrar que fa 10 anys que comen\u00e7\u00e0rem.<br \/>\nDissabte, 30 de mar\u00e7 \u00b7 Sortida: 12.00 h des de Ximeneres &#8211; Pl. de l&#8217;Algeps- ELX<\/p>\n","protected":false},"author":1,"featured_media":2717,"comment_status":"open","ping_status":"open","sticky":false,"template":"","format":"standard","meta":{"_et_pb_use_builder":"on","_et_pb_old_content":"","_et_gb_content_width":"","_joinchat":[],"footnotes":""},"categories":[94,64],"tags":[],"class_list":["post-2716","post","type-post","status-publish","format-standard","has-post-thumbnail","hentry","category-94","category-actividades"],"_links":{"self":[{"href":"https:\/\/raval.es\/elx\/wp-json\/wp\/v2\/posts\/2716","targetHints":{"allow":["GET"]}}],"collection":[{"href":"https:\/\/raval.es\/elx\/wp-json\/wp\/v2\/posts"}],"about":[{"href":"https:\/\/raval.es\/elx\/wp-json\/wp\/v2\/types\/post"}],"author":[{"embeddable":true,"href":"https:\/\/raval.es\/elx\/wp-json\/wp\/v2\/users\/1"}],"replies":[{"embeddable":true,"href":"https:\/\/raval.es\/elx\/wp-json\/wp\/v2\/comments?post=2716"}],"version-history":[{"count":1,"href":"https:\/\/raval.es\/elx\/wp-json\/wp\/v2\/posts\/2716\/revisions"}],"predecessor-version":[{"id":2719,"href":"https:\/\/raval.es\/elx\/wp-json\/wp\/v2\/posts\/2716\/revisions\/2719"}],"wp:featuredmedia":[{"embeddable":true,"href":"https:\/\/raval.es\/elx\/wp-json\/wp\/v2\/media\/2717"}],"wp:attachment":[{"href":"https:\/\/raval.es\/elx\/wp-json\/wp\/v2\/media?parent=2716"}],"wp:term":[{"taxonomy":"category","embeddable":true,"href":"https:\/\/raval.es\/elx\/wp-json\/wp\/v2\/categories?post=2716"},{"taxonomy":"post_tag","embeddable":true,"href":"https:\/\/raval.es\/elx\/wp-json\/wp\/v2\/tags?post=2716"}],"curies":[{"name":"wp","href":"https:\/\/api.w.org\/{rel}","templated":true}]}}