{"id":2720,"date":"2019-04-01T06:27:20","date_gmt":"2019-04-01T06:27:20","guid":{"rendered":"http:\/\/raval.es\/elx\/?p=2720"},"modified":"2019-04-11T12:50:42","modified_gmt":"2019-04-11T12:50:42","slug":"epasetmana2019","status":"publish","type":"post","link":"https:\/\/raval.es\/elx\/epasetmana2019\/","title":{"rendered":"Setmana Cultural EPA Merce Rodoreda"},"content":{"rendered":"<div id=\"fb-root\"><\/div>\n<p>[et_pb_section bb_built=\u00bb1&#8243;][et_pb_row][et_pb_column type=\u00bb2_5&#8243;][et_pb_image _builder_version=\u00bb3.17.6&#8243; src=\u00bbhttp:\/\/raval.es\/elx\/wp-content\/uploads\/2019\/04\/portada.jpg\u00bb \/][\/et_pb_column][et_pb_column type=\u00bb3_5&#8243;][et_pb_text _builder_version=\u00bb3.17.6&#8243;]<\/p>\n<p><a href=\"http:\/\/mercerodoreda.edu.gva.es\/wordpress\/setmana-cultural\/\"><b>ESCOLA P\u00daBLICA D\u2019ADULTS\u00a0\u00a0 <\/b><b>FPA MERC\u00c8 RODOREDA <br \/><\/b><b><i>XXIV SETMANA CULTURAL<\/i><\/b><\/a><\/p>\n<p>[\/et_pb_text][et_pb_image _builder_version=\u00bb3.17.6&#8243; src=\u00bbhttp:\/\/raval.es\/elx\/wp-content\/uploads\/2019\/04\/Setmana-Cultural2.jpg\u00bb \/][et_pb_image _builder_version=\u00bb3.17.6&#8243; src=\u00bbhttp:\/\/raval.es\/elx\/wp-content\/uploads\/2019\/04\/Setmana-Cultural1.jpg\u00bb \/][\/et_pb_column][\/et_pb_row][\/et_pb_section]<\/p>\n","protected":false},"excerpt":{"rendered":"<p>La Federaci\u00f3 d&#8217;Associacions Ve\u00efnals Dama d&#8217;Elx va presentar un seguit de propostes pels partits pol\u00edtics que es presentaran a les eleccions municipals de maig<\/p>\n","protected":false},"author":1,"featured_media":2721,"comment_status":"open","ping_status":"open","sticky":false,"template":"","format":"standard","meta":{"_et_pb_use_builder":"on","_et_pb_old_content":"","_et_gb_content_width":"","_joinchat":[],"footnotes":""},"categories":[94,64],"tags":[],"class_list":["post-2720","post","type-post","status-publish","format-standard","has-post-thumbnail","hentry","category-94","category-actividades"],"_links":{"self":[{"href":"https:\/\/raval.es\/elx\/wp-json\/wp\/v2\/posts\/2720","targetHints":{"allow":["GET"]}}],"collection":[{"href":"https:\/\/raval.es\/elx\/wp-json\/wp\/v2\/posts"}],"about":[{"href":"https:\/\/raval.es\/elx\/wp-json\/wp\/v2\/types\/post"}],"author":[{"embeddable":true,"href":"https:\/\/raval.es\/elx\/wp-json\/wp\/v2\/users\/1"}],"replies":[{"embeddable":true,"href":"https:\/\/raval.es\/elx\/wp-json\/wp\/v2\/comments?post=2720"}],"version-history":[{"count":2,"href":"https:\/\/raval.es\/elx\/wp-json\/wp\/v2\/posts\/2720\/revisions"}],"predecessor-version":[{"id":2726,"href":"https:\/\/raval.es\/elx\/wp-json\/wp\/v2\/posts\/2720\/revisions\/2726"}],"wp:featuredmedia":[{"embeddable":true,"href":"https:\/\/raval.es\/elx\/wp-json\/wp\/v2\/media\/2721"}],"wp:attachment":[{"href":"https:\/\/raval.es\/elx\/wp-json\/wp\/v2\/media?parent=2720"}],"wp:term":[{"taxonomy":"category","embeddable":true,"href":"https:\/\/raval.es\/elx\/wp-json\/wp\/v2\/categories?post=2720"},{"taxonomy":"post_tag","embeddable":true,"href":"https:\/\/raval.es\/elx\/wp-json\/wp\/v2\/tags?post=2720"}],"curies":[{"name":"wp","href":"https:\/\/api.w.org\/{rel}","templated":true}]}}