{"id":2729,"date":"2019-04-11T12:31:44","date_gmt":"2019-04-11T12:31:44","guid":{"rendered":"http:\/\/raval.es\/elx\/?p=2729"},"modified":"2020-10-30T12:43:45","modified_gmt":"2020-10-30T12:43:45","slug":"huertos2019-1","status":"publish","type":"post","link":"https:\/\/raval.es\/elx\/huertos2019-1\/","title":{"rendered":"Curso de Iniciaci\u00f3n a la AGRICULTURA ECOL\u00d3GICA"},"content":{"rendered":"<div id=\"fb-root\"><\/div>\n\n[et_pb_section bb_built=\u00bb1&#8243; fullwidth=\u00bboff\u00bb specialty=\u00bbon\u00bb][et_pb_column type=\u00bb1_2&#8243;][et_pb_image src=\u00bbhttp:\/\/raval.es\/elx\/wp-content\/uploads\/2017\/10\/kit_huerto_urbano.jpg\u00bb show_in_lightbox=\u00bboff\u00bb url_new_window=\u00bboff\u00bb use_overlay=\u00bboff\u00bb animation=\u00bbleft\u00bb sticky=\u00bbon\u00bb align=\u00bbleft\u00bb force_fullwidth=\u00bboff\u00bb always_center_on_mobile=\u00bbon\u00bb use_border_color=\u00bboff\u00bb border_color=\u00bb#ffffff\u00bb border_style=\u00bbsolid\u00bb animation_direction=\u00bbleft\u00bb show_bottom_space=\u00bboff\u00bb animation_style=\u00bbslide\u00bb animation_duration=\u00bb500ms\u00bb animation_intensity_slide=\u00bb10%\u00bb _builder_version=\u00bb3.17.6&#8243; \/][et_pb_image src=\u00bbhttp:\/\/raval.es\/elx\/wp-content\/uploads\/2019\/04\/HortUrba17.jpg\u00bb use_border_color=\u00bboff\u00bb animation_direction=\u00bbleft\u00bb animation_style=\u00bbslide\u00bb animation_duration=\u00bb500ms\u00bb animation_intensity_slide=\u00bb10%\u00bb _builder_version=\u00bb3.17.6&#8243; \/][et_pb_text use_border_color=\u00bboff\u00bb border_color_all=\u00bb#ffffff\u00bb module_alignment=\u00bbleft\u00bb _builder_version=\u00bb3.17.6&#8243;]\r\n\r\n<p>El\u00a0 <strong>INICIO del Curso<\/strong> se realizar\u00e1 en la el Centro Social del Raval, c\/Boix i Rosari, 2, el viernes 12 de Abril a las a las 18:00h<\/p>\r\n<p>Las<strong> sesiones ser\u00e1n principalmente pr\u00e1cticas<\/strong> en el Huerto urbano de la Cuerna (Altabix) <\/p>\r\n\r\n[\/et_pb_text][et_pb_text use_border_color=\u00bboff\u00bb border_color_all=\u00bb#ffffff\u00bb module_alignment=\u00bbleft\u00bb _builder_version=\u00bb3.17.6&#8243;]\r\n\r\n<p>Inscripciones en:<br \/><a href=\"http:\/\/raval.es\/2019\">raval.es\/2019<\/a> o <a href=\"mailto:info@raval.es\">info@raval.es<\/a><\/p>\r\n<p>La A.V. RAVAL subvenciona una parte de los costes: Profesorado, materiales, alquiler parcela de La Cuerna (donde se hacen las practicas), semillas, etc. Vuestra aportaci\u00f3n por las 8 sesiones es de 20 Euros para los miembos de la AV raval o de 32 Euros para no asociados. Se abonar\u00e1 el d\u00eda de inicio del curso o, previamente mediante ingreso bancario <em>(solicitar cuenta a <a href=\"mailto:info@raval.es\">info@raval.es<\/a>)<\/em><\/p>\r\n\r\n[\/et_pb_text][\/et_pb_column][et_pb_column type=\u00bb1_2&#8243; specialty_columns=\u00bb2&#8243;][et_pb_row_inner admin_label=\u00bbFila\u00bb][et_pb_column_inner type=\u00bb4_4&#8243; saved_specialty_column_type=\u00bb1_2&#8243;][et_pb_text use_border_color=\u00bboff\u00bb border_color_all=\u00bb#ffffff\u00bb module_alignment=\u00bbleft\u00bb _builder_version=\u00bb3.17.6&#8243;]\r\n\r\n<h5><strong>Desde el 12 de Abril<br \/><\/strong>Coordinado por Asier Rodr\u00edguez, experto en Huertos ecol\u00f3gicos urbanos<\/h5><p>.<br \/>Curso de 16 horas, distribuidas en 8 sesiones de 2h. los viernes por la tarde en horario de 18:00 a 20:00.<br \/>Fechas:<br \/>Abril: 12 y 26<br \/>Mayo: 3, 10, 17, 24 y 31<br \/>Junio: 7<br \/>M\u00f3dulo 1: Introducci\u00f3n a la Agricultura Ecol\u00f3gica<br \/>M\u00f3dulo 2: Las Plantas<br \/>M\u00f3dulo 3: El suelo<br \/>M\u00f3dulo 4: El agua<br \/>M\u00f3dulo 5. Mantenimiento del equilibrio en el huerto<br \/>M\u00f3dulo 6: El sistema de cultivo en el Huerto de la Cuerna<br \/>M\u00f3dulo 7: Dise\u00f1o y planificaci\u00f3n del huerto del Raval<br \/>M\u00f3dulo 8: Compostaje<\/p><p><strong>Lugar de realizaci\u00f3n:<\/strong><br \/>La primera sesi\u00f3n ser\u00e1 te\u00f3rica, en el aula del Centro Social del Raval. <br \/>El resto de sesiones se realizar\u00e1n en el Huerto de la Cuerna (parte te\u00f3rica y<br \/>pr\u00e1ctica).<\/p><p><strong>Materiales:<\/strong><br \/>Utilizaremos el abono del huerto de la Cuerna, humus de lombriz\u00a0 y los<br \/>plantones para el cultivo de verano. Los materiales no fungibles los presta el Huerto de la Cuerna.<\/p>\r\n\r\n[\/et_pb_text][\/et_pb_column_inner][\/et_pb_row_inner][\/et_pb_column][\/et_pb_section]\n","protected":false},"excerpt":{"rendered":"<p>El pr\u00f3ximo 12 de Abril se inicia un nuevo curso de Agricultura Ecol\u00f3gica, encaminado a servir de orientaci\u00f3n a las\/os interesadas\/os en participar en el proyecto del Huerto Urbano que en breve se pondr\u00e1 en marcha en la zona de Raval-Portes Encarnaes.<\/p>\n","protected":false},"author":1,"featured_media":1666,"comment_status":"closed","ping_status":"open","sticky":false,"template":"","format":"standard","meta":{"_et_pb_use_builder":"on","_et_pb_old_content":"","_et_gb_content_width":"","_joinchat":[],"footnotes":""},"categories":[94,64],"tags":[],"class_list":["post-2729","post","type-post","status-publish","format-standard","has-post-thumbnail","hentry","category-94","category-actividades"],"_links":{"self":[{"href":"https:\/\/raval.es\/elx\/wp-json\/wp\/v2\/posts\/2729","targetHints":{"allow":["GET"]}}],"collection":[{"href":"https:\/\/raval.es\/elx\/wp-json\/wp\/v2\/posts"}],"about":[{"href":"https:\/\/raval.es\/elx\/wp-json\/wp\/v2\/types\/post"}],"author":[{"embeddable":true,"href":"https:\/\/raval.es\/elx\/wp-json\/wp\/v2\/users\/1"}],"replies":[{"embeddable":true,"href":"https:\/\/raval.es\/elx\/wp-json\/wp\/v2\/comments?post=2729"}],"version-history":[{"count":6,"href":"https:\/\/raval.es\/elx\/wp-json\/wp\/v2\/posts\/2729\/revisions"}],"predecessor-version":[{"id":4347,"href":"https:\/\/raval.es\/elx\/wp-json\/wp\/v2\/posts\/2729\/revisions\/4347"}],"wp:featuredmedia":[{"embeddable":true,"href":"https:\/\/raval.es\/elx\/wp-json\/wp\/v2\/media\/1666"}],"wp:attachment":[{"href":"https:\/\/raval.es\/elx\/wp-json\/wp\/v2\/media?parent=2729"}],"wp:term":[{"taxonomy":"category","embeddable":true,"href":"https:\/\/raval.es\/elx\/wp-json\/wp\/v2\/categories?post=2729"},{"taxonomy":"post_tag","embeddable":true,"href":"https:\/\/raval.es\/elx\/wp-json\/wp\/v2\/tags?post=2729"}],"curies":[{"name":"wp","href":"https:\/\/api.w.org\/{rel}","templated":true}]}}