{"id":2733,"date":"2019-04-11T12:38:36","date_gmt":"2019-04-11T12:38:36","guid":{"rendered":"http:\/\/raval.es\/elx\/?p=2733"},"modified":"2019-05-07T19:24:40","modified_gmt":"2019-05-07T19:24:40","slug":"periodistes","status":"publish","type":"post","link":"https:\/\/raval.es\/elx\/periodistes\/","title":{"rendered":"EL PERIODISME DAVANT EL DESAFIAMENT ELECTORAL &#8211; 13 Abril"},"content":{"rendered":"<div id=\"fb-root\"><\/div>\n<p>[et_pb_section bb_built=\u00bb1&#8243; _builder_version=\u00bb3.0.47&#8243;][et_pb_row custom_padding=\u00bb0px|||0px\u00bb custom_margin=\u00bb0px|||0px\u00bb padding_top_1=\u00bb0px\u00bb _builder_version=\u00bb3.17.6&#8243; background_size=\u00bbinitial\u00bb background_position=\u00bbtop_left\u00bb background_repeat=\u00bbrepeat\u00bb padding_left_1=\u00bb0px\u00bb module_alignment=\u00bbleft\u00bb][et_pb_column type=\u00bb4_4&#8243;][et_pb_text _builder_version=\u00bb3.17.6&#8243; text_font=\u00bbLato||||||||\u00bb text_line_height=\u00bb1.5em\u00bb background_color=\u00bbrgba(109,208,214,0.51)\u00bb custom_margin=\u00bb0px||-18px\u00bb custom_padding=\u00bb16px|18px|0px|18px\u00bb animation_style=\u00bbfade\u00bb]<\/p>\n<p><span class=\"text_exposed_show\"><strong>AN\u00c1LISIS DE LOS NUEVOS FEN\u00d3MENOS Y CONTEXTO ACTUAL EN ELX<\/strong><br \/>El pr\u00f3ximo s\u00e1bado 13 de abril la Asociaci\u00f3n de Periodistas volvemos a tener una charla coloquio. Esta vez, de cara a los comicios electorales, tanto nacionales como locales, en los que analizaremos el panorama pol\u00edtico con la profesora de Ciencia Pol\u00edtica de la UMH Irene Belmonte Mart\u00edn, junto a las periodistas locales <strong><a href=\"https:\/\/www.facebook.com\/ana.fajardomartinez\">Ana Fajardo<\/a><\/strong> (<a id=\"js_m4\" class=\"profileLink\" href=\"https:\/\/www.facebook.com\/diarioinformacionelche\/?__tn__=K-R&amp;eid=ARCCfp1rQXHdv7cDxcS-vY7C8im3P4tQQQacn1oD5-w3ZBxz5WFUijm_JN0IYCwBtfcyRq4ipTRnTO4-&amp;fref=mentions&amp;__xts__%5B0%5D=68.ARCDiGIbQFFIt6Slc5zVlalQdm91jNIF8Uu2AdPFPNmb1xzfIIVcdWIBsgY_12hPLBWuGkode7p4kHza5xvMiQl7no_sQzej6ucjvfIjv5J_drSRyQeTLnko5f5zeea-607uAUcSaMEi9rkI_YCFESn9QreaiiyHqaXX4pxbKkkIAIVCN9ff7lrK8BJ8RDbyozZMT9QCinmSrU0A4LqdVEDFlZChipO0wGyaaNWAbooTtOIULxDSyY1W22s4havm86GhSlvQW0Q_BdDH4FJT2BUfdbPU2cWiA_PbkqzU1JcyJ1VOYL-FK0s28yDNpG5UnU41eNPvjrT_GCcesE6GBxx-iXMN\" data-hovercard=\"\/ajax\/hovercard\/page.php?id=1585240325097943&amp;extragetparams=%7B%22__tn__%22%3A%22%2CdK-R-R%22%2C%22eid%22%3A%22ARCCfp1rQXHdv7cDxcS-vY7C8im3P4tQQQacn1oD5-w3ZBxz5WFUijm_JN0IYCwBtfcyRq4ipTRnTO4-%22%2C%22fref%22%3A%22mentions%22%7D\" data-hovercard-prefer-more-content-show=\"1\" aria-describedby=\"u_2d_1\" aria-owns=\"\">Informaci\u00f3n ELCHE<\/a>), <a href=\"https:\/\/www.facebook.com\/EmilioJMarSal\"><strong>Emilio J. Mart\u00ednez<\/strong><\/a> (<a class=\"profileLink\" href=\"https:\/\/www.facebook.com\/ondailicitana\/?__tn__=K-R&amp;eid=ARCUTHIJFZyHG9MVvzuKhsVwsHBkN1T22iYFMSuP8nGiMEGb1dG-vI0erHIYTha4zx0jUQ4e0QvnsY5-&amp;fref=mentions&amp;__xts__%5B0%5D=68.ARCDiGIbQFFIt6Slc5zVlalQdm91jNIF8Uu2AdPFPNmb1xzfIIVcdWIBsgY_12hPLBWuGkode7p4kHza5xvMiQl7no_sQzej6ucjvfIjv5J_drSRyQeTLnko5f5zeea-607uAUcSaMEi9rkI_YCFESn9QreaiiyHqaXX4pxbKkkIAIVCN9ff7lrK8BJ8RDbyozZMT9QCinmSrU0A4LqdVEDFlZChipO0wGyaaNWAbooTtOIULxDSyY1W22s4havm86GhSlvQW0Q_BdDH4FJT2BUfdbPU2cWiA_PbkqzU1JcyJ1VOYL-FK0s28yDNpG5UnU41eNPvjrT_GCcesE6GBxx-iXMN\" data-hovercard=\"\/ajax\/hovercard\/page.php?id=1703053363304618&amp;extragetparams=%7B%22__tn__%22%3A%22%2CdK-R-R%22%2C%22eid%22%3A%22ARCUTHIJFZyHG9MVvzuKhsVwsHBkN1T22iYFMSuP8nGiMEGb1dG-vI0erHIYTha4zx0jUQ4e0QvnsY5-%22%2C%22fref%22%3A%22mentions%22%7D\" data-hovercard-prefer-more-content-show=\"1\">Radio 4G Elche<\/a> y <a class=\"profileLink\" href=\"https:\/\/www.facebook.com\/Eldiariocves\/?__tn__=K-R&amp;eid=ARA_XlzLhBMEOyw7hQTpUQW1HKp8BRUhO4f0PijUZVc6KgAkzeLzi6PMJARlmdIz7EteHlyymZJC5Xsh&amp;fref=mentions&amp;__xts__%5B0%5D=68.ARCDiGIbQFFIt6Slc5zVlalQdm91jNIF8Uu2AdPFPNmb1xzfIIVcdWIBsgY_12hPLBWuGkode7p4kHza5xvMiQl7no_sQzej6ucjvfIjv5J_drSRyQeTLnko5f5zeea-607uAUcSaMEi9rkI_YCFESn9QreaiiyHqaXX4pxbKkkIAIVCN9ff7lrK8BJ8RDbyozZMT9QCinmSrU0A4LqdVEDFlZChipO0wGyaaNWAbooTtOIULxDSyY1W22s4havm86GhSlvQW0Q_BdDH4FJT2BUfdbPU2cWiA_PbkqzU1JcyJ1VOYL-FK0s28yDNpG5UnU41eNPvjrT_GCcesE6GBxx-iXMN\" data-hovercard=\"\/ajax\/hovercard\/page.php?id=557924394265370&amp;extragetparams=%7B%22__tn__%22%3A%22%2CdK-R-R%22%2C%22eid%22%3A%22ARA_XlzLhBMEOyw7hQTpUQW1HKp8BRUhO4f0PijUZVc6KgAkzeLzi6PMJARlmdIz7EteHlyymZJC5Xsh%22%2C%22fref%22%3A%22mentions%22%7D\" data-hovercard-prefer-more-content-show=\"1\">eldiariocv.es<\/a>) y la presidenta de <a class=\"profileLink\" href=\"https:\/\/www.facebook.com\/informadoreselche\/?__tn__=K-R&amp;eid=ARAlq95-nnB7ntBg6YmyoqG_jrwvcFULF_duLGB2rj9rcLanVuifyEQa9u5mSy8cQCu6CP3f6mbjamGz&amp;fref=mentions&amp;__xts__%5B0%5D=68.ARCDiGIbQFFIt6Slc5zVlalQdm91jNIF8Uu2AdPFPNmb1xzfIIVcdWIBsgY_12hPLBWuGkode7p4kHza5xvMiQl7no_sQzej6ucjvfIjv5J_drSRyQeTLnko5f5zeea-607uAUcSaMEi9rkI_YCFESn9QreaiiyHqaXX4pxbKkkIAIVCN9ff7lrK8BJ8RDbyozZMT9QCinmSrU0A4LqdVEDFlZChipO0wGyaaNWAbooTtOIULxDSyY1W22s4havm86GhSlvQW0Q_BdDH4FJT2BUfdbPU2cWiA_PbkqzU1JcyJ1VOYL-FK0s28yDNpG5UnU41eNPvjrT_GCcesE6GBxx-iXMN\" data-hovercard=\"\/ajax\/hovercard\/page.php?id=1050924688273756&amp;extragetparams=%7B%22__tn__%22%3A%22%2CdK-R-R%22%2C%22eid%22%3A%22ARAlq95-nnB7ntBg6YmyoqG_jrwvcFULF_duLGB2rj9rcLanVuifyEQa9u5mSy8cQCu6CP3f6mbjamGz%22%2C%22fref%22%3A%22mentions%22%7D\" data-hovercard-prefer-more-content-show=\"1\">Asociaci\u00f3n de Informadores de Elche<\/a> <a href=\"https:\/\/www.facebook.com\/genoveva.martinblanc\"><strong>Genoveva Mart\u00edn<\/strong><\/a>, que desempe\u00f1\u00f3 su labor como redactora en La Verdad. En la <a class=\"profileLink\" href=\"http:\/\/raval.es\" data-hovercard=\"\/ajax\/hovercard\/page.php?id=492394410921835&amp;extragetparams=%7B%22__tn__%22%3A%22%2CdK-R-R%22%2C%22eid%22%3A%22ARCG8Jdit4zzZHIRsQe_HHJHLegt7LLEbEjKBgVbIrWPdv9cjNC1CjgNP0-7IESk2Z7piCJJDpjdFTPY%22%2C%22fref%22%3A%22mentions%22%7D\" data-hovercard-prefer-more-content-show=\"1\">Associaci\u00f3 Ve\u00efnal Raval<\/a>. \u00a1No os lo perd\u00e1is!<br \/><\/span><\/p>\n<h3 style=\"text-align: center;\"><strong>Dissabte, 13 de abril \u00b7 11.00 h<\/strong><br \/><strong>Centre Social del Raval &#8211; ELX<\/strong><\/h3>\n<p style=\"text-align: center;\">C\/Boix i Rosario, 2 &#8211; Pla\u00e7a Major del Raval<strong><br \/><\/strong><\/p>\n<p>\u00a0<\/p>\n<div id=\"m_-8073513442743257606yMail_cursorElementTracker_1549554084160\" style=\"text-align: center;\">\u00a0<\/div>\n<p>[\/et_pb_text][et_pb_image src=\u00bbhttp:\/\/raval.es\/elx\/wp-content\/uploads\/2019\/04\/periodisme.jpeg\u00bb _builder_version=\u00bb3.17.6&#8243; \/][\/et_pb_column][\/et_pb_row][\/et_pb_section]<\/p>\n","protected":false},"excerpt":{"rendered":"<p>El pr\u00f3ximo s\u00e1bado 13 de abril la Asociaci\u00f3n de Periodistas volvemos a tener una charla coloquio. Esta vez, de cara a los comicios electorales, tanto nacionales como locales.<\/p>\n","protected":false},"author":1,"featured_media":2741,"comment_status":"open","ping_status":"open","sticky":false,"template":"","format":"standard","meta":{"_et_pb_use_builder":"on","_et_pb_old_content":"","_et_gb_content_width":"","_joinchat":[],"footnotes":""},"categories":[94,64],"tags":[],"class_list":["post-2733","post","type-post","status-publish","format-standard","has-post-thumbnail","hentry","category-94","category-actividades"],"_links":{"self":[{"href":"https:\/\/raval.es\/elx\/wp-json\/wp\/v2\/posts\/2733","targetHints":{"allow":["GET"]}}],"collection":[{"href":"https:\/\/raval.es\/elx\/wp-json\/wp\/v2\/posts"}],"about":[{"href":"https:\/\/raval.es\/elx\/wp-json\/wp\/v2\/types\/post"}],"author":[{"embeddable":true,"href":"https:\/\/raval.es\/elx\/wp-json\/wp\/v2\/users\/1"}],"replies":[{"embeddable":true,"href":"https:\/\/raval.es\/elx\/wp-json\/wp\/v2\/comments?post=2733"}],"version-history":[{"count":5,"href":"https:\/\/raval.es\/elx\/wp-json\/wp\/v2\/posts\/2733\/revisions"}],"predecessor-version":[{"id":2747,"href":"https:\/\/raval.es\/elx\/wp-json\/wp\/v2\/posts\/2733\/revisions\/2747"}],"wp:featuredmedia":[{"embeddable":true,"href":"https:\/\/raval.es\/elx\/wp-json\/wp\/v2\/media\/2741"}],"wp:attachment":[{"href":"https:\/\/raval.es\/elx\/wp-json\/wp\/v2\/media?parent=2733"}],"wp:term":[{"taxonomy":"category","embeddable":true,"href":"https:\/\/raval.es\/elx\/wp-json\/wp\/v2\/categories?post=2733"},{"taxonomy":"post_tag","embeddable":true,"href":"https:\/\/raval.es\/elx\/wp-json\/wp\/v2\/tags?post=2733"}],"curies":[{"name":"wp","href":"https:\/\/api.w.org\/{rel}","templated":true}]}}