{"id":2750,"date":"2019-05-07T08:30:42","date_gmt":"2019-05-07T08:30:42","guid":{"rendered":"http:\/\/raval.es\/elx\/?p=2750"},"modified":"2019-05-18T19:24:59","modified_gmt":"2019-05-18T19:24:59","slug":"alacantdesperta","status":"publish","type":"post","link":"https:\/\/raval.es\/elx\/alacantdesperta\/","title":{"rendered":"Alacant Desperta 2019"},"content":{"rendered":"<div id=\"fb-root\"><\/div>\n<p>[et_pb_section bb_built=\u00bb1&#8243;][et_pb_row][et_pb_column type=\u00bb1_2&#8243;][et_pb_image _builder_version=\u00bb3.17.6&#8243; src=\u00bbhttp:\/\/raval.es\/elx\/wp-content\/uploads\/2019\/05\/Captura-de-pantalla-2019-05-07-a-las-10.22.45.png\u00bb \/][\/et_pb_column][et_pb_column type=\u00bb1_2&#8243;][et_pb_text _builder_version=\u00bb3.17.6&#8243;]<\/p>\n<p>SOM CARRER; SOM CULTURA<\/p>\n<p>Alacant Desperta convoca la sexta edici\u00f3n de su Festival Ecol\u00f3gico los pr\u00f3ximos 17, 18 y 19 de mayo<br \/>https:\/\/www.alacantdesperta.com\/festival-ecologia<\/p>\n<p>Al llegar la luna llena de Mayo,&#x1f33b; la luna de las flores, &#x1f33a;@AlacantDesperta toma el Tossal&#x1f3ad;.<br \/>Este a\u00f1o con 10 escenarios y otros tantos espacios ocuparemos el parque del castillo de San Fernando. Deportes urbanos, artes esc\u00e9nicas, circo, poes\u00eda, talleres, tai chi, yoga, comidas del mundo, chill out, artes pl\u00e1sticas y un sin fin de actividades&#8230; todas ellas acompa\u00f1adas con mucha m\u00fasica, rap, rock, pop, electr\u00f3nica, fusi\u00f3n, mestizaje, etc desde los diferentes escenarios.<br \/>Bajo el Lema <a href=\"https:\/\/www.facebook.com\/hashtag\/somcarrersomcultura\" target=\"_blank\" rel=\"noopener\">#SomCarrerSomCultura<\/a> esta ser\u00e1 nuestra Sexta edici\u00f3n.<\/p>\n<p>[\/et_pb_text][\/et_pb_column][\/et_pb_row][\/et_pb_section]<\/p>\n","protected":false},"excerpt":{"rendered":"<p>Alacant Desperta convoca sla sexta edici\u00f3n de su Festival Ecol\u00f3gico los pr\u00f3ximos 17, 18 y 19 de mayo<\/p>\n","protected":false},"author":1,"featured_media":2757,"comment_status":"open","ping_status":"open","sticky":false,"template":"","format":"standard","meta":{"_et_pb_use_builder":"on","_et_pb_old_content":"","_et_gb_content_width":"","_joinchat":[],"footnotes":""},"categories":[51],"tags":[],"class_list":["post-2750","post","type-post","status-publish","format-standard","has-post-thumbnail","hentry","category-noticias"],"_links":{"self":[{"href":"https:\/\/raval.es\/elx\/wp-json\/wp\/v2\/posts\/2750","targetHints":{"allow":["GET"]}}],"collection":[{"href":"https:\/\/raval.es\/elx\/wp-json\/wp\/v2\/posts"}],"about":[{"href":"https:\/\/raval.es\/elx\/wp-json\/wp\/v2\/types\/post"}],"author":[{"embeddable":true,"href":"https:\/\/raval.es\/elx\/wp-json\/wp\/v2\/users\/1"}],"replies":[{"embeddable":true,"href":"https:\/\/raval.es\/elx\/wp-json\/wp\/v2\/comments?post=2750"}],"version-history":[{"count":2,"href":"https:\/\/raval.es\/elx\/wp-json\/wp\/v2\/posts\/2750\/revisions"}],"predecessor-version":[{"id":2758,"href":"https:\/\/raval.es\/elx\/wp-json\/wp\/v2\/posts\/2750\/revisions\/2758"}],"wp:featuredmedia":[{"embeddable":true,"href":"https:\/\/raval.es\/elx\/wp-json\/wp\/v2\/media\/2757"}],"wp:attachment":[{"href":"https:\/\/raval.es\/elx\/wp-json\/wp\/v2\/media?parent=2750"}],"wp:term":[{"taxonomy":"category","embeddable":true,"href":"https:\/\/raval.es\/elx\/wp-json\/wp\/v2\/categories?post=2750"},{"taxonomy":"post_tag","embeddable":true,"href":"https:\/\/raval.es\/elx\/wp-json\/wp\/v2\/tags?post=2750"}],"curies":[{"name":"wp","href":"https:\/\/api.w.org\/{rel}","templated":true}]}}