{"id":2781,"date":"2019-06-11T17:50:08","date_gmt":"2019-06-11T17:50:08","guid":{"rendered":"http:\/\/raval.es\/elx\/?p=2781"},"modified":"2019-06-20T09:12:51","modified_gmt":"2019-06-20T09:12:51","slug":"sainete-anemalamar","status":"publish","type":"post","link":"https:\/\/raval.es\/elx\/sainete-anemalamar\/","title":{"rendered":"Sainet: ANEM A LA MAR"},"content":{"rendered":"<div id=\"fb-root\"><\/div>\n<p>[et_pb_section bb_built=\u00bb1&#8243; fullwidth=\u00bboff\u00bb specialty=\u00bboff\u00bb][et_pb_row background_position=\u00bbtop_left\u00bb background_repeat=\u00bbrepeat\u00bb background_size=\u00bbinitial\u00bb][et_pb_column type=\u00bb1_3&#8243;][et_pb_image src=\u00bbhttp:\/\/raval.es\/elx\/wp-content\/uploads\/2019\/06\/anemalamar-carro.jpg\u00bb use_border_color=\u00bboff\u00bb animation_style=\u00bbslide\u00bb animation_duration=\u00bb500ms\u00bb animation_intensity_slide=\u00bb10%\u00bb animation_direction=\u00bbleft\u00bb _builder_version=\u00bb3.17.6&#8243;]<\/p>\n<p>[\/et_pb_image][et_pb_image src=\u00bbhttp:\/\/raval.es\/elx\/wp-content\/uploads\/2019\/06\/anemalamar-taula.jpg\u00bb use_border_color=\u00bboff\u00bb animation_style=\u00bbslide\u00bb animation_duration=\u00bb500ms\u00bb animation_intensity_slide=\u00bb10%\u00bb animation_direction=\u00bbleft\u00bb _builder_version=\u00bb3.17.6&#8243;]<\/p>\n<p>[\/et_pb_image][\/et_pb_column][et_pb_column type=\u00bb2_3&#8243;][et_pb_text use_border_color=\u00bboff\u00bb background_position=\u00bbtop_left\u00bb background_repeat=\u00bbrepeat\u00bb background_size=\u00bbinitial\u00bb _builder_version=\u00bb3.17.6&#8243;]<\/p>\n<p><strong>SAINET IL\u00b7LICIT\u00c0 EN DOS ACTES<br \/>de Antonio Crist\u00f3bal Amor\u00f3s<br \/><\/strong><\/p>\n<p><strong>Dissabte, 15 de Juny, a les 20h en la Pla\u00e7a Major del Raval<\/strong><\/p>\n<p>Aquesta obra ens recorda el costum de l\u2019\u00e8poca d\u2019anar a la mar a plantar les barraques a Santa Pola. <br \/>Pret\u00e9n ser un homenatge a totes les persones, moltes del Raval d\u2019Elx, que passaven l\u2019estiu a la vora de la mar descansant del treball, gaudint del bon temps i, de tant en tant, cantant can\u00e7ons populars. <br \/>Una her\u00e8ncia que ens han deixat i que hem de conservar ja que forma part de la nostra identitat. (L\u2019autor)<\/p>\n<p>REPART: <br \/><strong>Sunsioneta:<\/strong> Beatriz Mu\u00f1oz Ortiz<br \/><strong>Ve\u00efna, pastissera:<\/strong> Marga Donat Ibarra<br \/><strong>Carreter, T\u00f2fol:<\/strong> Juan Francisco Aznar Amor\u00f3s<br \/><strong>Pasqualet:<\/strong> Antonio Crist\u00f3bal Amor\u00f3s S\u00e1nchez<\/p>\n<p>CORS: <br \/><strong>Camerata de la Merced<\/strong><br \/><strong>Coro Amistad<\/strong><\/p>\n<p>DECORAT: Bego\u00f1a Garc\u00eda<br \/>Trinidad P\u00e9rez<\/p>\n<p>[\/et_pb_text][et_pb_image _builder_version=\u00bb3.17.6&#8243; src=\u00bbhttp:\/\/raval.es\/elx\/wp-content\/uploads\/2019\/06\/coro.jpg\u00bb \/][\/et_pb_column][\/et_pb_row][et_pb_row][et_pb_column type=\u00bb1_4&#8243;][et_pb_image _builder_version=\u00bb3.17.6&#8243; src=\u00bbhttp:\/\/raval.es\/elx\/wp-content\/uploads\/2018\/10\/AV-logo.png\u00bb \/][\/et_pb_column][et_pb_column type=\u00bb1_4&#8243;][et_pb_image _builder_version=\u00bb3.17.6&#8243; src=\u00bbhttp:\/\/raval.es\/elx\/wp-content\/uploads\/2018\/10\/elxparticipa.jpg\u00bb \/][\/et_pb_column][et_pb_column type=\u00bb1_4&#8243;][et_pb_image _builder_version=\u00bb3.17.6&#8243; src=\u00bbhttp:\/\/raval.es\/elx\/wp-content\/uploads\/2018\/10\/ajuntament.png\u00bb \/][\/et_pb_column][et_pb_column type=\u00bb1_4&#8243;][et_pb_image _builder_version=\u00bb3.17.6&#8243; src=\u00bbhttp:\/\/raval.es\/elx\/wp-content\/uploads\/2017\/06\/elx-cultura.png\u00bb \/][\/et_pb_column][\/et_pb_row][\/et_pb_section]<\/p>\n","protected":false},"excerpt":{"rendered":"<p>SAINET IL\u00b7LICITA EN DOS ACTES de Antonio Crist\u00f3bal Amor\u00f3s<br \/>\nDissabte, 15 de Juny, a les 20h en la Pla\u00e7a Major del Raval<\/p>\n","protected":false},"author":1,"featured_media":2790,"comment_status":"open","ping_status":"open","sticky":false,"template":"","format":"standard","meta":{"_et_pb_use_builder":"on","_et_pb_old_content":"","_et_gb_content_width":"","_joinchat":[],"footnotes":""},"categories":[94,64],"tags":[],"class_list":["post-2781","post","type-post","status-publish","format-standard","has-post-thumbnail","hentry","category-94","category-actividades"],"_links":{"self":[{"href":"https:\/\/raval.es\/elx\/wp-json\/wp\/v2\/posts\/2781","targetHints":{"allow":["GET"]}}],"collection":[{"href":"https:\/\/raval.es\/elx\/wp-json\/wp\/v2\/posts"}],"about":[{"href":"https:\/\/raval.es\/elx\/wp-json\/wp\/v2\/types\/post"}],"author":[{"embeddable":true,"href":"https:\/\/raval.es\/elx\/wp-json\/wp\/v2\/users\/1"}],"replies":[{"embeddable":true,"href":"https:\/\/raval.es\/elx\/wp-json\/wp\/v2\/comments?post=2781"}],"version-history":[{"count":4,"href":"https:\/\/raval.es\/elx\/wp-json\/wp\/v2\/posts\/2781\/revisions"}],"predecessor-version":[{"id":2791,"href":"https:\/\/raval.es\/elx\/wp-json\/wp\/v2\/posts\/2781\/revisions\/2791"}],"wp:featuredmedia":[{"embeddable":true,"href":"https:\/\/raval.es\/elx\/wp-json\/wp\/v2\/media\/2790"}],"wp:attachment":[{"href":"https:\/\/raval.es\/elx\/wp-json\/wp\/v2\/media?parent=2781"}],"wp:term":[{"taxonomy":"category","embeddable":true,"href":"https:\/\/raval.es\/elx\/wp-json\/wp\/v2\/categories?post=2781"},{"taxonomy":"post_tag","embeddable":true,"href":"https:\/\/raval.es\/elx\/wp-json\/wp\/v2\/tags?post=2781"}],"curies":[{"name":"wp","href":"https:\/\/api.w.org\/{rel}","templated":true}]}}