{"id":2834,"date":"2019-06-20T07:29:01","date_gmt":"2019-06-20T07:29:01","guid":{"rendered":"http:\/\/raval.es\/elx\/?p=2834"},"modified":"2019-06-25T20:17:30","modified_gmt":"2019-06-25T20:17:30","slug":"covadelagota","status":"publish","type":"post","link":"https:\/\/raval.es\/elx\/covadelagota\/","title":{"rendered":"Senderisme: Del Paratge de Meleja a la Cova de la Gota (Sta Pola) &#8211; Diumenge, 23"},"content":{"rendered":"<div id=\"fb-root\"><\/div>\n\n[et_pb_section fb_built=\u00bb1&#8243; _builder_version=\u00bb3.22.3&#8243;][et_pb_row _builder_version=\u00bb3.22.3&#8243; background_size=\u00bbinitial\u00bb background_position=\u00bbtop_left\u00bb background_repeat=\u00bbrepeat\u00bb][et_pb_column type=\u00bb1_2&#8243; _builder_version=\u00bb3.0.47&#8243;][et_pb_image src=\u00bbhttp:\/\/raval.es\/elx\/wp-content\/uploads\/2019\/06\/covagota.jpeg\u00bb align_tablet=\u00bbcenter\u00bb align_last_edited=\u00bbon|desktop\u00bb _builder_version=\u00bb3.24&#8243;][\/et_pb_image][et_pb_image src=\u00bbhttp:\/\/raval.es\/elx\/wp-content\/uploads\/2019\/06\/covagotap.jpg\u00bb align_tablet=\u00bbcenter\u00bb align_last_edited=\u00bbon|desktop\u00bb _builder_version=\u00bb3.24&#8243;][\/et_pb_image][\/et_pb_column][et_pb_column type=\u00bb1_2&#8243; _builder_version=\u00bb3.0.47&#8243;][et_pb_text _builder_version=\u00bb3.24&#8243;]<p>Una agradable passejada entre pinars per la serra de Santa Pola<\/p>\n<ul>\n<li>Itinerari circular<\/li>\n<li>Dist\u00e0ncia aproximada: 12 km.<\/li>\n<li>Temps aproximat: 4.00 h.<\/li>\n<li>Dificultat: Mitjana<\/li>\n<li>Hora d\u2019eixida: 9:00h<\/li>\n<li>Lloc d\u2019eixida: Parada bus 285 (Hort Portes Encarnades) cal organitzar-se en cotxes particulars<\/li>\n<li>Recordeu portar: &#8211; Roba c\u00f2moda &#8211; Cal\u00e7at adeq\u00fcat &#8211; Aigua &#8211; Esmorzar<\/li>\n<\/ul>\n<p>\u2026i llegueix aquests <strong><a href=\"http:\/\/raval.es\/elx\/senderistes\/\">CONSELLS PER SENDERISTES<\/a><\/strong><\/p>\n<ul>\n<li><strong>Inscripci\u00f3 previa gratu\u00efta obligat\u00f2ria en: <\/strong><a href=\"http:\/\/raval.es\/2019\"><strong>raval.es\/2019 <\/strong><\/a><\/li>\n<li><strong>M\u00e9s informaci\u00f3 en <a href=\"mailto:info@raval.es\">info@raval.es<\/a>, la p\u00e0gina de <a href=\"http:\/\/raval.es\/elx\/contacto\/\">contacte<\/a> i\/o el telf. <span id=\"et-info-phone\">633 971 670 (+whatsapp)<\/span><\/strong><\/li>\n<\/ul>\n<p><strong><em>IMPORTANT:\u00a0 <\/em><\/strong><strong><em>Tots\/es els inscrits s\u00f3n afegits a un whatsapp del Grup de Senderisme per estar puntualmente informats de qualsevol canvi en la ruta, hora, lloc de trobada o apla\u00e7ament.\u00a0 <\/em><\/strong><\/p>\n[\/et_pb_text][\/et_pb_column][\/et_pb_row][\/et_pb_section]\n","protected":false},"excerpt":{"rendered":"<p>El diumenge, 23, vine amb nosaltres a fer una agradable passejada entre pinars per la serra de Santa Pola<\/p>\n","protected":false},"author":1,"featured_media":2843,"comment_status":"open","ping_status":"open","sticky":false,"template":"","format":"standard","meta":{"_et_pb_use_builder":"on","_et_pb_old_content":"<p><img class=\"alignnone size-medium wp-image-2664\" src=\"http:\/\/raval.es\/elx\/wp-content\/uploads\/2019\/02\/xorret-300x197.jpg\" alt=\"\" width=\"300\" height=\"197\" \/> <img class=\"alignnone size-medium wp-image-2665\" src=\"http:\/\/raval.es\/elx\/wp-content\/uploads\/2019\/02\/xorretcat-291x300.jpg\" alt=\"\" width=\"291\" height=\"300\" \/>Itinerari circular<br \/>Dist\u00e0ncia aproximada: 10,5 km.<br \/>Temps aproximat: 3.30 h.<br \/>Dificultat: Mitjana<br \/>Hora d\u2019eixida: 8.30h<br \/>Lloc d\u2019eixida: Parada bus 285 (Hort Portes Encarnades) en cotxes particulars<br \/>Inscripci\u00f3 previa obligat\u00f2ria:<br \/>www.raval.es\/2109<\/p><p>Recordeu portar:<br \/>- Roba c\u00f2moda<br \/>- Cal\u00e7at adeq\u00fcat<br \/>- Aigua<br \/>- Esmorzar<\/p><p>\u2026i llegueix aquests <strong><a href=\"http:\/\/raval.es\/elx\/senderistes\/\">CONSELLS PER SENDERISTES<\/a><\/strong><\/p><p><strong>Inscripci\u00f3 gratu\u00efta en: <\/strong><a href=\"http:\/\/raval.es\/2019\"><strong>raval.es\/2019<br \/><\/strong><\/a><strong>M\u00e9s informaci\u00f3 en <a href=\"mailto:info@raval.es\">info@raval.es<\/a>, la p\u00e0gina de <a href=\"http:\/\/raval.es\/elx\/contacto\/\">contacte<\/a> i\/o el telf. <span id=\"et-info-phone\">633 971 670 (+whatsapp)<\/span><\/strong><\/p><p><strong><em>IMPORTANT:\u00a0 <\/em><\/strong><strong><em>Tots\/es els inscrits s\u00f3n afegits a un whatsapp del Grup de Senderisme per estar puntualmente informats de qualsevol canvi en la ruta, hora, lloc de trobada o apla\u00e7ament.\u00a0 <\/em><\/strong><\/p>","_et_gb_content_width":"","_joinchat":[],"footnotes":""},"categories":[94,64,70],"tags":[],"class_list":["post-2834","post","type-post","status-publish","format-standard","has-post-thumbnail","hentry","category-94","category-actividades","category-senderisme"],"_links":{"self":[{"href":"https:\/\/raval.es\/elx\/wp-json\/wp\/v2\/posts\/2834","targetHints":{"allow":["GET"]}}],"collection":[{"href":"https:\/\/raval.es\/elx\/wp-json\/wp\/v2\/posts"}],"about":[{"href":"https:\/\/raval.es\/elx\/wp-json\/wp\/v2\/types\/post"}],"author":[{"embeddable":true,"href":"https:\/\/raval.es\/elx\/wp-json\/wp\/v2\/users\/1"}],"replies":[{"embeddable":true,"href":"https:\/\/raval.es\/elx\/wp-json\/wp\/v2\/comments?post=2834"}],"version-history":[{"count":5,"href":"https:\/\/raval.es\/elx\/wp-json\/wp\/v2\/posts\/2834\/revisions"}],"predecessor-version":[{"id":2844,"href":"https:\/\/raval.es\/elx\/wp-json\/wp\/v2\/posts\/2834\/revisions\/2844"}],"wp:featuredmedia":[{"embeddable":true,"href":"https:\/\/raval.es\/elx\/wp-json\/wp\/v2\/media\/2843"}],"wp:attachment":[{"href":"https:\/\/raval.es\/elx\/wp-json\/wp\/v2\/media?parent=2834"}],"wp:term":[{"taxonomy":"category","embeddable":true,"href":"https:\/\/raval.es\/elx\/wp-json\/wp\/v2\/categories?post=2834"},{"taxonomy":"post_tag","embeddable":true,"href":"https:\/\/raval.es\/elx\/wp-json\/wp\/v2\/tags?post=2834"}],"curies":[{"name":"wp","href":"https:\/\/api.w.org\/{rel}","templated":true}]}}