{"id":2845,"date":"2019-06-25T22:15:26","date_gmt":"2019-06-25T22:15:26","guid":{"rendered":"http:\/\/raval.es\/elx\/?p=2845"},"modified":"2019-07-04T11:02:05","modified_gmt":"2019-07-04T11:02:05","slug":"hortdelcura30j-2","status":"publish","type":"post","link":"https:\/\/raval.es\/elx\/hortdelcura30j-2\/","title":{"rendered":"Ruta Bot\u00e0nica a l&#8217;Hort del Cura"},"content":{"rendered":"<div id=\"fb-root\"><\/div>\n\n[et_pb_section fb_built=\u00bb1&#8243; _builder_version=\u00bb3.22.3&#8243;][et_pb_row _builder_version=\u00bb3.22.3&#8243; background_size=\u00bbinitial\u00bb background_position=\u00bbtop_left\u00bb background_repeat=\u00bbrepeat\u00bb][et_pb_column type=\u00bb1_2&#8243; _builder_version=\u00bb3.0.47&#8243;][et_pb_text _builder_version=\u00bb3.0.74&#8243; background_size=\u00bbinitial\u00bb background_position=\u00bbtop_left\u00bb background_repeat=\u00bbrepeat\u00bb]<h4><img loading=\"lazy\" decoding=\"async\" class=\"aligncenter wp-image-2847 size-large\" src=\"http:\/\/raval.es\/elx\/wp-content\/uploads\/2019\/06\/hortdelcura-1024x437.jpg\" alt=\"\" width=\"1024\" height=\"437\" srcset=\"https:\/\/raval.es\/elx\/wp-content\/uploads\/2019\/06\/hortdelcura.jpg 1024w, https:\/\/raval.es\/elx\/wp-content\/uploads\/2019\/06\/hortdelcura-300x128.jpg 300w, https:\/\/raval.es\/elx\/wp-content\/uploads\/2019\/06\/hortdelcura-768x328.jpg 768w\" sizes=\"auto, (max-width: 1024px) 100vw, 1024px\" \/><\/h4>\n<p id=\"yui_3_16_0_1_1561494696899_1965\">L&#8217;Hort del Cura, de tan sols 13.361 m\u00b2, va n\u00e9ixer amb la seva extensi\u00f3 actual quan en 1.876, el pag\u00e8s Andr\u00e9s Casta\u00f1o Peral va comprar una parcel l&#8217;hort en qu\u00e8 vivia com arrendat a Joan Espuche. A la mort d&#8217;aquest, l&#8217;hort va ser heretat pels seus fills barons. Sent el seu propietari, el segon d&#8217;ells, el capell\u00e0 Jos\u00e9 Casta\u00f1o S\u00e1nchez, nascut el maig 12 de 1.843. Sent per aix\u00f2 l&#8217;hort conegut com del capell\u00e0 Casta\u00f1o, per despr\u00e9s dir-se definitivament Huerto del Cura. La popularitat d&#8217;aquest hort es va iniciar l&#8217;any 1.873 amb un fenomen no gaire corrent, ja que en aquest any van comen\u00e7ar a brollar del tronc d&#8217;una palmera mascle molts fillols a l&#8217;altura de 1&#8217;80 m, a primers d&#8217;aquest segle els fills van quedar redu\u00efts a set, amb el que la palmera va quedar tal i com es pot veure en l&#8217;actualitat.<\/p>\n<p id=\"yui_3_16_0_1_1561494696899_1970\">L&#8217;any 1.894 va arribar al port d&#8217;Alacant Elisabet de Wittelsbach, esposa de l&#8217;emperador Francesc Josep d&#8217;\u00c0ustria i Hongria i m\u00e9s coneguda popularment com Sissi, va viatjar a Elx, on li van ensenyar l&#8217;hort. L&#8217;emperadriu va quedar profundament impressionada quan va contemplar la palmera, comentar al seu propietari (el capell\u00e0 Casta\u00f1o), que aquesta palmera tenia un poder i una for\u00e7a digna d&#8217;un imperi, aconsellant que li pos\u00e9s un nom. Despr\u00e9s d&#8217;aquesta visita el capell\u00e0 va pensar en el que havia passat, i va comen\u00e7ar a anomenar, en el seu honor, Palmera Imperial. D&#8217;aquesta manera va comen\u00e7ar la tradici\u00f3 de dedicar-li a alguns dels visitants m\u00e9s il.lustres les palmeres existents a l&#8217;Hort. El mateix dia en que va apar\u00e8ixer al BOE la proclamaci\u00f3 de Jardins Art\u00edstics Nacionals de l&#8217;Alhambra i el principal, es donava el mateix guard\u00f3 al Palmerar d&#8217;Elx.<\/p>[\/et_pb_text][\/et_pb_column][et_pb_column type=\u00bb1_2&#8243; _builder_version=\u00bb3.0.47&#8243;][et_pb_text _builder_version=\u00bb3.24&#8243;]<h4><\/h4>\n<h4>Visita Guiada a l&#8217;Hort del Cura d&#8217;Elx.<\/h4>\n<p>A les 9.45 ens veiem en la porta de l&#8217;Hort del Cura<br \/>Inscriu-te en: <a href=\"http:\/\/www.raval.es\/2019\">w<strong>ww.raval.es\/2019<\/strong><\/a><br \/>Cost per il\u00b7licitans (porteu DNI): 2&#8217;50\u20ac<br \/>Gratu\u00eft per associats del Raval<\/p>\n[\/et_pb_text][et_pb_gallery _builder_version=\u00bb3.24&#8243; gallery_ids=\u00bb2891,2892,2893&#8243;][\/et_pb_gallery][\/et_pb_column][\/et_pb_row][\/et_pb_section]\n","protected":false},"excerpt":{"rendered":"<p>El 3o de juny varem visitar l&#8217;Hort del Cura per descobrir el fabul\u00f3s patrimoni vegetal que cont\u00e9.<\/p>\n","protected":false},"author":1,"featured_media":2896,"comment_status":"open","ping_status":"open","sticky":false,"template":"","format":"standard","meta":{"_et_pb_use_builder":"on","_et_pb_old_content":"<h4><img class=\"aligncenter wp-image-2847 size-large\" src=\"http:\/\/raval.es\/elx\/wp-content\/uploads\/2019\/06\/hortdelcura-1024x437.jpg\" alt=\"\" width=\"1024\" height=\"437\" \/><\/h4>\n<h4>Visita Guiada a l'Hort del Cura d'Elx.<\/h4>\nA les 9.45 ens veiem en la porta de l'Hort del Cura\nInscriu-te en: <a href=\"http:\/\/www.raval.es\/2019\">w<strong>ww.raval.es\/2019<\/strong><\/a>\nCost per il\u00b7licitans (porteu DNI): 2'50\u20ac\nGratu\u00eft per associats del Raval\n<p id=\"yui_3_16_0_1_1561494696899_1965\">L'Hort del Cura, de tan sols 13.361 m\u00b2, va n\u00e9ixer amb la seva extensi\u00f3 actual quan en 1.876, el pag\u00e8s Andr\u00e9s Casta\u00f1o Peral va comprar una parcel l'hort en qu\u00e8 vivia com arrendat a Joan Espuche. A la mort d'aquest, l'hort va ser heretat pels seus fills barons. Sent el seu propietari, el segon d'ells, el capell\u00e0 Jos\u00e9 Casta\u00f1o S\u00e1nchez, nascut el maig 12 de 1.843. Sent per aix\u00f2 l'hort conegut com del capell\u00e0 Casta\u00f1o, per despr\u00e9s dir-se definitivament Huerto del Cura. La popularitat d'aquest hort es va iniciar l'any 1.873 amb un fenomen no gaire corrent, ja que en aquest any van comen\u00e7ar a brollar del tronc d'una palmera mascle molts fillols a l'altura de 1'80 m, a primers d'aquest segle els fills van quedar redu\u00efts a set, amb el que la palmera va quedar tal i com es pot veure en l'actualitat.<\/p>\n<p id=\"yui_3_16_0_1_1561494696899_1970\">L'any 1.894 va arribar al port d'Alacant Elisabet de Wittelsbach, esposa de l'emperador Francesc Josep d'\u00c0ustria i Hongria i m\u00e9s coneguda popularment com Sissi, va viatjar a Elx, on li van ensenyar l'hort. L'emperadriu va quedar profundament impressionada quan va contemplar la palmera, comentar al seu propietari (el capell\u00e0 Casta\u00f1o), que aquesta palmera tenia un poder i una for\u00e7a digna d'un imperi, aconsellant que li pos\u00e9s un nom. Despr\u00e9s d'aquesta visita el capell\u00e0 va pensar en el que havia passat, i va comen\u00e7ar a anomenar, en el seu honor, Palmera Imperial. D'aquesta manera va comen\u00e7ar la tradici\u00f3 de dedicar-li a alguns dels visitants m\u00e9s il.lustres les palmeres existents a l'Hort. El mateix dia en que va apar\u00e8ixer al BOE la proclamaci\u00f3 de Jardins Art\u00edstics Nacionals de l'Alhambra i el principal, es donava el mateix guard\u00f3 al Palmerar d'Elx.<\/p>","_et_gb_content_width":"","_joinchat":[],"footnotes":""},"categories":[94,64,70],"tags":[],"class_list":["post-2845","post","type-post","status-publish","format-standard","has-post-thumbnail","hentry","category-94","category-actividades","category-senderisme"],"_links":{"self":[{"href":"https:\/\/raval.es\/elx\/wp-json\/wp\/v2\/posts\/2845","targetHints":{"allow":["GET"]}}],"collection":[{"href":"https:\/\/raval.es\/elx\/wp-json\/wp\/v2\/posts"}],"about":[{"href":"https:\/\/raval.es\/elx\/wp-json\/wp\/v2\/types\/post"}],"author":[{"embeddable":true,"href":"https:\/\/raval.es\/elx\/wp-json\/wp\/v2\/users\/1"}],"replies":[{"embeddable":true,"href":"https:\/\/raval.es\/elx\/wp-json\/wp\/v2\/comments?post=2845"}],"version-history":[{"count":6,"href":"https:\/\/raval.es\/elx\/wp-json\/wp\/v2\/posts\/2845\/revisions"}],"predecessor-version":[{"id":2899,"href":"https:\/\/raval.es\/elx\/wp-json\/wp\/v2\/posts\/2845\/revisions\/2899"}],"wp:featuredmedia":[{"embeddable":true,"href":"https:\/\/raval.es\/elx\/wp-json\/wp\/v2\/media\/2896"}],"wp:attachment":[{"href":"https:\/\/raval.es\/elx\/wp-json\/wp\/v2\/media?parent=2845"}],"wp:term":[{"taxonomy":"category","embeddable":true,"href":"https:\/\/raval.es\/elx\/wp-json\/wp\/v2\/categories?post=2845"},{"taxonomy":"post_tag","embeddable":true,"href":"https:\/\/raval.es\/elx\/wp-json\/wp\/v2\/tags?post=2845"}],"curies":[{"name":"wp","href":"https:\/\/api.w.org\/{rel}","templated":true}]}}