{"id":2851,"date":"2019-06-24T19:54:07","date_gmt":"2019-06-24T19:54:07","guid":{"rendered":"http:\/\/raval.es\/elx\/?p=2851"},"modified":"2019-08-22T20:02:42","modified_gmt":"2019-08-22T20:02:42","slug":"informaticaj19","status":"publish","type":"post","link":"https:\/\/raval.es\/elx\/informaticaj19\/","title":{"rendered":"Taller d&#8217;Iniciaci\u00f3 a la Inform\u00e0tica"},"content":{"rendered":"<div id=\"fb-root\"><\/div>\n<p>[et_pb_section fb_built=\u00bb1&#8243; _builder_version=\u00bb3.22.3&#8243;][et_pb_row _builder_version=\u00bb3.22.3&#8243; background_size=\u00bbinitial\u00bb background_position=\u00bbtop_left\u00bb background_repeat=\u00bbrepeat\u00bb][et_pb_column type=\u00bb1_3&#8243; _builder_version=\u00bb3.0.47&#8243;][et_pb_image src=\u00bbhttp:\/\/raval.es\/elx\/wp-content\/uploads\/2019\/06\/slide-diy-web-design-man.png\u00bb align_tablet=\u00bbcenter\u00bb align_last_edited=\u00bbon|desktop\u00bb _builder_version=\u00bb3.24&#8243; animation_style=\u00bbslide\u00bb animation_direction=\u00bbleft\u00bb animation_duration=\u00bb500ms\u00bb animation_intensity_slide=\u00bb10%\u00bb use_border_color=\u00bboff\u00bb]<br \/>\n[\/et_pb_image][et_pb_image src=\u00bbhttp:\/\/raval.es\/elx\/wp-content\/uploads\/2019\/06\/headache.png\u00bb align_tablet=\u00bbcenter\u00bb align_last_edited=\u00bbon|desktop\u00bb _builder_version=\u00bb3.24&#8243; animation_style=\u00bbslide\u00bb animation_direction=\u00bbleft\u00bb animation_duration=\u00bb500ms\u00bb animation_intensity_slide=\u00bb10%\u00bb use_border_color=\u00bboff\u00bb]<br \/>\n[\/et_pb_image][et_pb_image src=\u00bbhttp:\/\/raval.es\/elx\/wp-content\/uploads\/2019\/06\/1S1mEY_oaGUZBOYwANjQtsw.png\u00bb align_tablet=\u00bbcenter\u00bb align_last_edited=\u00bbon|desktop\u00bb _builder_version=\u00bb3.24&#8243; animation_style=\u00bbslide\u00bb animation_direction=\u00bbleft\u00bb animation_duration=\u00bb500ms\u00bb animation_intensity_slide=\u00bb10%\u00bb use_border_color=\u00bboff\u00bb]<br \/>\n[\/et_pb_image][et_pb_image src=\u00bbhttp:\/\/raval.es\/elx\/wp-content\/uploads\/2019\/06\/img_5c041399f21a1.png\u00bb align_tablet=\u00bbcenter\u00bb align_last_edited=\u00bbon|desktop\u00bb _builder_version=\u00bb3.24&#8243; animation_style=\u00bbslide\u00bb animation_direction=\u00bbleft\u00bb animation_duration=\u00bb500ms\u00bb animation_intensity_slide=\u00bb10%\u00bb use_border_color=\u00bboff\u00bb]<br \/>\n[\/et_pb_image][\/et_pb_column][et_pb_column type=\u00bb2_3&#8243; _builder_version=\u00bb3.0.47&#8243;][et_pb_button custom_button=\u00bbon\u00bb button_text_color=\u00bb#ffffff\u00bb button_bg_color=\u00bb#e09900&#8243; box_shadow_style=\u00bbpreset2&#8243; background_layout=\u00bbdark\u00bb button_text=\u00bbCONSELLS, TUTORIALS i ADRE\u00c7ES D&#8217;INTER\u00c9S\u00bb _builder_version=\u00bb3.24&#8243; button_alignment=\u00bbcenter\u00bb button_font=\u00bbAmaranth||||||||\u00bb button_url=\u00bbhttp:\/\/raval.es\/elx\/recursos\/\u00bb][\/et_pb_button][et_pb_text _builder_version=\u00bb3.17.6&#8243; background_size=\u00bbinitial\u00bb background_position=\u00bbtop_left\u00bb background_repeat=\u00bbrepeat\u00bb use_border_color=\u00bboff\u00bb]<\/p>\n<p><strong>Tots els dilluns i dimecres de juliol, <br \/>de 19 a 21h al Centre Social del Raval<br \/><\/strong><\/p>\n<p><span>En qu\u00e8 es diferencia Windows de Mac?<br \/>Perqu\u00e8 l\u2019ordinador no em fa cas?<br \/>On he guardat el document que acabe de fer?<br \/>Com puc instal\u00b7lar-me una impressora?<br \/>Vull ficar les fotos del m\u00f3vil a l\u2019ordinador<br \/>\u00c9s perill\u00f3s tenir l\u2019antivirus caducat?<br \/>No puc veure el que m\u2019han enviat per email<br \/>Se m\u2019ha oblidat la contrasenya<br \/>Qu\u00e8 \u00e9s millor: una tablet o un port\u00e0til?<\/span><\/p>\n<p>Si et fas alguna d\u2019aquestes pregunte potser al taller trobes eixes i altres respostes.<br \/>Es tracta d\u2019un taller pensat pels qui veuen l\u2019ordinador com una m\u00e0quina de maldecaps\u2026 farem el que podrem perque el trobes tan senzill com el comanament de la tele o programar la rentadora.<\/p>\n<p><strong>Inici: 3 de juliol<\/strong><\/p>\n<p>\u00c9s necesari que portes un ordinador perqu\u00e8 es tracta d\u2019un curs pr\u00e0ctic i et pots avorrir molt\u00edssim si nom\u00e9s prens notes. <br \/>Si no en tens demana-li a alg\u00fa\u2026 confiem que aquest taller t\u2019anime a tenir-ne el teu propi abans que acabe, b\u00e9 nou o de segona m\u00e0. <br \/>Tan se val si \u00e9s un PC o un Mac, tractarem amb tots dos sistemes.<\/p>\n<p>El curs \u00e9s nom\u00e9s per 10 participants, per\u00f2 si hi ha prou demanda, tornarem a fer-lo en Setembre.<\/p>\n<p>Inscriu-te en <a target=\"_blank\" href=\"http:\/\/www.raval.es\/2019?fbclid=IwAR0xy1oFqOpXPTufQOfBI-qA-Ru8-y9L7H3XkkEDuAwoufjCi9cKpzM4hKA\" rel=\"nofollow noopener noreferrer\" data-lynx-mode=\"hover\" data-lynx-uri=\"https:\/\/l.facebook.com\/l.php?u=http%3A%2F%2Fwww.raval.es%2F2019%3Ffbclid%3DIwAR0xy1oFqOpXPTufQOfBI-qA-Ru8-y9L7H3XkkEDuAwoufjCi9cKpzM4hKA&amp;h=AT0rxkqsjQT7mexGidl11NNo1eSpRSuwjvk5kfIGwbm4frKtiF9kejrfQbsdUcM0DkAINYPc3A_BiAFGhVJdCk4Lc9-Pf404vo3lIT7guuqIhhN_WpTk70yQl5jTkDr7bf-nshjXXA\">www.raval.es\/2019<\/a> <br \/>al mail:<a href=\"mailto:info@raval.es\"> info@raval.es<\/a> <br \/>o per whatsapp 633 971 670<\/p>\n<p>======<br \/>\u00bfEn que se diferencia Windows de Mac?<br \/>\u00bfPorque el ordenador no me hace caso?<br \/>\u00bfD\u00f3nde he guardado el documento que acabo de hacer?<br \/>\u00bfC\u00f3mo puedo instalarme una impresora?<br \/>Quiero meter las fotos del m\u00f3vil en el ordenador<br \/>\u00bfEs peligroso tener el antivirus caducado?<br \/>No puedo ver lo que me han enviado por email<br \/>Se me ha olvidado la contrase\u00f1a<br \/>\u00bfQu\u00e9 es mejor: una tablet o un port\u00e1til?<\/p>\n<p>Si te haces alguna de estas preguntas quiz\u00e1s en el taller encuentres esas y otras respuestas.<br \/>Se trata de un taller pensado para quienes ven el ordenador como una m\u00e1quina problem\u00e1tica&#8230; haremos lo posible para que lo encuentres tan sencillo como el mando de la tele o programar la lavadora.<\/p>\n<p>Inicio: 3 de julio<br \/>Es necesario que traigas un ordenador porque se trata de un curso pr\u00e1ctico y te puedes aburrir much\u00edsimo si s\u00f3lo tomas notas.<br \/>Si no tienes p\u00eddele a alguien&#8230; confiamos que este taller te anime a tener tu propio antes de que acabe, bien nuevo o de segunda mano.<br \/>Da igual si es un PC o un Mac, trataremos con los dos sistemas.<\/p>\n<p>El curso es s\u00f3lo por 10 participantes, pero si hay bastante demanda, volveremos a hacerlo en Septiembre.<\/p>\n<p>Inscr\u00edbete en <a target=\"_blank\" href=\"https:\/\/l.facebook.com\/l.php?u=http%3A%2F%2Fwww.raval.es%2F2019%3Ffbclid%3DIwAR1v6yXadcxSnNQ3HrzZ5aDrPFiscsKWzjyWpvCaxxltbmJQSMALAeZBYA4&amp;h=AT0rxkqsjQT7mexGidl11NNo1eSpRSuwjvk5kfIGwbm4frKtiF9kejrfQbsdUcM0DkAINYPc3A_BiAFGhVJdCk4Lc9-Pf404vo3lIT7guuqIhhN_WpTk70yQl5jTkDr7bf-nshjXXA\" rel=\"nofollow noopener noreferrer\" data-lynx-mode=\"hover\">www.raval.es\/2019<\/a><br \/>al mail: <a href=\"mailto:info@raval.es\">info@raval.es<\/a><br \/>o por whatsapp 633 971 670.<\/p>\n<p>&nbsp;<\/p>\n<p>[\/et_pb_text][\/et_pb_column][\/et_pb_row][et_pb_row _builder_version=\u00bb3.22.3&#8243; background_size=\u00bbinitial\u00bb background_position=\u00bbtop_left\u00bb background_repeat=\u00bbrepeat\u00bb][et_pb_column type=\u00bb1_4&#8243; _builder_version=\u00bb3.0.47&#8243;][et_pb_image src=\u00bbhttp:\/\/raval.es\/elx\/wp-content\/uploads\/2018\/10\/AV-logo.png\u00bb align_tablet=\u00bbcenter\u00bb align_last_edited=\u00bbon|desktop\u00bb _builder_version=\u00bb3.23&#8243;][\/et_pb_image][\/et_pb_column][et_pb_column type=\u00bb1_4&#8243; _builder_version=\u00bb3.0.47&#8243;][et_pb_image src=\u00bbhttp:\/\/raval.es\/elx\/wp-content\/uploads\/2018\/10\/elxparticipa.jpg\u00bb align_tablet=\u00bbcenter\u00bb align_last_edited=\u00bbon|desktop\u00bb _builder_version=\u00bb3.23&#8243;][\/et_pb_image][\/et_pb_column][et_pb_column type=\u00bb1_4&#8243; _builder_version=\u00bb3.0.47&#8243;][et_pb_image src=\u00bbhttp:\/\/raval.es\/elx\/wp-content\/uploads\/2018\/10\/ajuntament.png\u00bb align_tablet=\u00bbcenter\u00bb align_last_edited=\u00bbon|desktop\u00bb _builder_version=\u00bb3.23&#8243;][\/et_pb_image][\/et_pb_column][et_pb_column type=\u00bb1_4&#8243; _builder_version=\u00bb3.0.47&#8243;][et_pb_image src=\u00bbhttp:\/\/raval.es\/elx\/wp-content\/uploads\/2018\/10\/GVAlogo.png\u00bb _builder_version=\u00bb3.24&#8243;][\/et_pb_image][\/et_pb_column][\/et_pb_row][\/et_pb_section]<\/p>\n","protected":false},"excerpt":{"rendered":"<p>Dilluns i dimecres de juliol, al Centre Social del Raval<br \/>\nEs tracta d\u2019un taller pensat pels qui veuen l\u2019ordinador com una m\u00e0quina de maldecaps\u2026 farem el que podrem perque el trobes tan senzill com el comanament de la tele o programar la rentadora.<\/p>\n","protected":false},"author":1,"featured_media":2852,"comment_status":"open","ping_status":"open","sticky":false,"template":"","format":"standard","meta":{"_et_pb_use_builder":"on","_et_pb_old_content":"","_et_gb_content_width":"","_joinchat":[],"footnotes":""},"categories":[94,64],"tags":[],"class_list":["post-2851","post","type-post","status-publish","format-standard","has-post-thumbnail","hentry","category-94","category-actividades"],"_links":{"self":[{"href":"https:\/\/raval.es\/elx\/wp-json\/wp\/v2\/posts\/2851","targetHints":{"allow":["GET"]}}],"collection":[{"href":"https:\/\/raval.es\/elx\/wp-json\/wp\/v2\/posts"}],"about":[{"href":"https:\/\/raval.es\/elx\/wp-json\/wp\/v2\/types\/post"}],"author":[{"embeddable":true,"href":"https:\/\/raval.es\/elx\/wp-json\/wp\/v2\/users\/1"}],"replies":[{"embeddable":true,"href":"https:\/\/raval.es\/elx\/wp-json\/wp\/v2\/comments?post=2851"}],"version-history":[{"count":5,"href":"https:\/\/raval.es\/elx\/wp-json\/wp\/v2\/posts\/2851\/revisions"}],"predecessor-version":[{"id":3157,"href":"https:\/\/raval.es\/elx\/wp-json\/wp\/v2\/posts\/2851\/revisions\/3157"}],"wp:featuredmedia":[{"embeddable":true,"href":"https:\/\/raval.es\/elx\/wp-json\/wp\/v2\/media\/2852"}],"wp:attachment":[{"href":"https:\/\/raval.es\/elx\/wp-json\/wp\/v2\/media?parent=2851"}],"wp:term":[{"taxonomy":"category","embeddable":true,"href":"https:\/\/raval.es\/elx\/wp-json\/wp\/v2\/categories?post=2851"},{"taxonomy":"post_tag","embeddable":true,"href":"https:\/\/raval.es\/elx\/wp-json\/wp\/v2\/tags?post=2851"}],"curies":[{"name":"wp","href":"https:\/\/api.w.org\/{rel}","templated":true}]}}