{"id":2885,"date":"2019-11-11T10:44:53","date_gmt":"2019-11-11T10:44:53","guid":{"rendered":"http:\/\/raval.es\/elx\/?p=2885"},"modified":"2020-02-28T18:37:25","modified_gmt":"2020-02-28T18:37:25","slug":"mercateco2019","status":"publish","type":"post","link":"https:\/\/raval.es\/elx\/mercateco2019\/","title":{"rendered":"Mercat Ecol\u00f2gic d&#8217;Elx"},"content":{"rendered":"<div id=\"fb-root\"><\/div>\n<h4><img loading=\"lazy\" decoding=\"async\" class=\"alignnone wp-image-2963 size-medium\" src=\"http:\/\/raval.es\/elx\/wp-content\/uploads\/2019\/07\/mercatecologic-300x300.jpg\" alt=\"\" width=\"300\" height=\"300\" srcset=\"https:\/\/raval.es\/elx\/wp-content\/uploads\/2019\/07\/mercatecologic-300x300.jpg 300w, https:\/\/raval.es\/elx\/wp-content\/uploads\/2019\/07\/mercatecologic-150x150.jpg 150w, https:\/\/raval.es\/elx\/wp-content\/uploads\/2019\/07\/mercatecologic-768x768.jpg 768w, https:\/\/raval.es\/elx\/wp-content\/uploads\/2019\/07\/mercatecologic.jpg 787w\" sizes=\"auto, (max-width: 300px) 100vw, 300px\" \/><\/h4>\n<p>Adquiere alimentos ecol\u00f3gicos y otros productos saludables producidos con mucho cari\u00f1o y amor por nuestr@s productor@s locales.<\/p>\n<p>Frutas, hortalizas, panes y reposter\u00eda, aceitunas, aceites, mieles, dulces y helados, tes e infusiones, vinos, comida vegana y m\u00e1s.<\/p>\n<p>Porque comprando ecol\u00f3gico y local construimos sistemas alimentarios m\u00e1s justos y sostenibles. T\u00fa tambi\u00e9n cambias el mundo!!!!!<\/p>\n<p><span class=\"_5mfr\"><span class=\"_6qdm\">&#x1f964;<\/span><\/span><span class=\"_5mfr\"><span class=\"_6qdm\">&#x1f368;<\/span><\/span><span class=\"_5mfr\"><span class=\"_6qdm\">&#x1f345;<\/span><\/span><span class=\"_5mfr\"><span class=\"_6qdm\">&#x1f346;<\/span><\/span><span class=\"_5mfr\"><span class=\"_6qdm\">&#x1f955;<\/span><\/span><span class=\"_5mfr\"><span class=\"_6qdm\">&#x1f954;<\/span><\/span><span class=\"_5mfr\"><span class=\"_6qdm\">&#x1f9c0;<\/span><\/span><span class=\"_5mfr\"><span class=\"_6qdm\">&#x1f354;<\/span><\/span><span class=\"_5mfr\"><span class=\"_6qdm\">&#x1f355;<\/span><\/span><span class=\"_5mfr\"><span class=\"_6qdm\">&#x1f35e;<\/span><\/span><span class=\"_5mfr\"><span class=\"_6qdm\">&#x1f36a;<\/span><\/span><span class=\"_5mfr\"><span class=\"_6qdm\">&#x1f36f;<\/span><\/span><\/p>\n","protected":false},"excerpt":{"rendered":"<p>Pla\u00e7a Major del Raval &#8211; 7 de Mar\u00e7<br \/>\nNo dejes de cuidarte y ven al mercado a por los mejores productos de alimentaci\u00f3n!!<\/p>\n","protected":false},"author":1,"featured_media":2963,"comment_status":"open","ping_status":"open","sticky":false,"template":"","format":"standard","meta":{"_et_pb_use_builder":"","_et_pb_old_content":"","_et_gb_content_width":"","_joinchat":[],"footnotes":""},"categories":[94,51],"tags":[],"class_list":["post-2885","post","type-post","status-publish","format-standard","has-post-thumbnail","hentry","category-94","category-noticias"],"_links":{"self":[{"href":"https:\/\/raval.es\/elx\/wp-json\/wp\/v2\/posts\/2885","targetHints":{"allow":["GET"]}}],"collection":[{"href":"https:\/\/raval.es\/elx\/wp-json\/wp\/v2\/posts"}],"about":[{"href":"https:\/\/raval.es\/elx\/wp-json\/wp\/v2\/types\/post"}],"author":[{"embeddable":true,"href":"https:\/\/raval.es\/elx\/wp-json\/wp\/v2\/users\/1"}],"replies":[{"embeddable":true,"href":"https:\/\/raval.es\/elx\/wp-json\/wp\/v2\/comments?post=2885"}],"version-history":[{"count":12,"href":"https:\/\/raval.es\/elx\/wp-json\/wp\/v2\/posts\/2885\/revisions"}],"predecessor-version":[{"id":3811,"href":"https:\/\/raval.es\/elx\/wp-json\/wp\/v2\/posts\/2885\/revisions\/3811"}],"wp:featuredmedia":[{"embeddable":true,"href":"https:\/\/raval.es\/elx\/wp-json\/wp\/v2\/media\/2963"}],"wp:attachment":[{"href":"https:\/\/raval.es\/elx\/wp-json\/wp\/v2\/media?parent=2885"}],"wp:term":[{"taxonomy":"category","embeddable":true,"href":"https:\/\/raval.es\/elx\/wp-json\/wp\/v2\/categories?post=2885"},{"taxonomy":"post_tag","embeddable":true,"href":"https:\/\/raval.es\/elx\/wp-json\/wp\/v2\/tags?post=2885"}],"curies":[{"name":"wp","href":"https:\/\/api.w.org\/{rel}","templated":true}]}}