{"id":2901,"date":"2019-07-15T20:40:16","date_gmt":"2019-07-15T20:40:16","guid":{"rendered":"http:\/\/raval.es\/elx\/?p=2901"},"modified":"2019-08-20T08:37:25","modified_gmt":"2019-08-20T08:37:25","slug":"cinema-en-valencia-juliol2019","status":"publish","type":"post","link":"https:\/\/raval.es\/elx\/cinema-en-valencia-juliol2019\/","title":{"rendered":"Cinema en Valenci\u00e0: B\u00c8STIES (20 juliol) + JURASSIC WORLD (27 juliol)"},"content":{"rendered":"<div id=\"fb-root\"><\/div>\n\n[et_pb_section fb_built=\u00bb1&#8243; _builder_version=\u00bb3.22.3&#8243;][et_pb_row _builder_version=\u00bb3.22.3&#8243; background_size=\u00bbinitial\u00bb background_position=\u00bbtop_left\u00bb background_repeat=\u00bbrepeat\u00bb][et_pb_column type=\u00bb2_5&#8243; _builder_version=\u00bb3.0.47&#8243;][et_pb_image src=\u00bbhttp:\/\/raval.es\/elx\/wp-content\/uploads\/2019\/07\/cartell-cinema-a-la-fresca-2019.jpg\u00bb _builder_version=\u00bb3.24&#8243;][\/et_pb_image][\/et_pb_column][et_pb_column type=\u00bb3_5&#8243; _builder_version=\u00bb3.0.47&#8243;][et_pb_text _builder_version=\u00bb3.24&#8243;]<h2 class=\"entry-title\" data-fontsize=\"18\" data-lineheight=\"27\">Gaudeix l\u2019estiu amb el nostre IV Cicle de cinema a la fresca en valenci\u00e0 els dies 20 i 27 de juliol al Raval d\u2019Elx<\/h2>\n<div class=\"post-content\">\n<p>Arriba l\u2019estiu i oferim una nova proposta per al temps de lleure. Aix\u00ed, per quart any consecutiu, torna una nova cita amb el cinema en valenci\u00e0 sota l\u2019impuls i la coordinaci\u00f3 d\u2019El Tempir. La tria de films d\u2019enguany cerca\u00a0que les fam\u00edlies puguen passar juntes una bona estona d\u2019entreteniment durant les nits caloroses d\u2019aquest mes. Per aix\u00f2,\u00a0 l\u2019Ajuntament d\u2019Elx, la Universitat Miguel Hern\u00e1ndez, l\u2019Associaci\u00f3 de Ve\u00efns del Raval i El Tempir organitzen conjuntament el IV Cicle de cinema a la fresca en valenci\u00e0, que tindr\u00e0 lloc els dissabtes 20 i 27 de juliol, a partir de les 22 h, a la <a href=\"https:\/\/www.google.com\/maps\/place\/Pla%C3%A7a+Major+del+Raval,+03203+Elx,+Alacant\/@38.2605554,-0.7009788,17z\/data=!3m1!4b1!4m5!3m4!1s0xd63b6ed9fcc0bc1:0xd6f71bd9874b9c4d!8m2!3d38.2605554!4d-0.6987901\" target=\"_blank\" rel=\"noopener noreferrer\">pla\u00e7a del Raval d\u2019Elx<\/a>. El Tempir aposta per una oferta cultural estiuenca ben atractiva que afavorisca el consum del cinema en valenci\u00e0 i completa aix\u00ed la programaci\u00f3 cultural d\u2019aquest temps estival. Cal recordar que l\u2019entrada \u00e9s gratu\u00efta fins a completar l\u2019aforament.<\/p>\n<p><strong>Calendari de sessions<\/strong><\/p>\n<p>20 de juliol\u00a0 \u00a0 \u00a0 <em>B\u00e8sties fant\u00e0stiques i on trobar-les<\/em><\/p>\n<p>27 de juliol\u00a0 \u00a0 \u00a0 \u00a0<em>Jurassic World: el regne caigut<\/em><\/p>\n<p><strong>Sinopsis dels dos films<\/strong><\/p>\n<p><a href=\"https:\/\/www.youtube.com\/watch?v=9u-VgEe2IqU\" target=\"_blank\" rel=\"noopener noreferrer\"><em>B\u00e8sties fant\u00e0stiques i on trobar-les<\/em><\/a> \u00e9s un film dirigit per David Yates i escrit per J. K. Rowling, la c\u00e8lebre autora de la saga de Harry Potter. Es tracta d\u2019una preq\u00fcela harrypottiana, la primera de cinc llargmetratges, que t\u00e9 com a escenari la ciutat de Nova York dels anys 20. Narra les aventures de Newt Scamander\u00a0 ala gran urbs novaiorquesa quan decideix assistir al Congr\u00e9s de M\u00e0gia dels Estats Units.<\/p>\n<p><a href=\"https:\/\/www.youtube.com\/watch?v=366LnojX1QI\" target=\"_blank\" rel=\"noopener noreferrer\"><em>Jurassic World: el regne caigut<\/em><\/a> centra la hist\u00f2ria en el parc fam\u00f3s de Jurassic World tres anys despr\u00e9s de ser destru\u00eft pels dinosaures. De fet, els homes van abandonar Illa Nebular i durant eixe temps els dinosaures hi van sobreviure en estat salvatge. Ara, quan el volc\u00e0 de l\u2019illa es torna actiu, Owen Grady i Claire Dearing organitzen una expedici\u00f3 per salvar tants dinosaures com puguen. Durant l\u2019expedici\u00f3, Owen intentar\u00e0 trobar el raptor que va criar i que continua a Illa Nebular.<\/p>\n<div class=\"h5ab-print-button-container\"><\/div>\n<\/div>\n[\/et_pb_text][\/et_pb_column][\/et_pb_row][\/et_pb_section]\n","protected":false},"excerpt":{"rendered":"<p>Gaudeix l\u2019estiu amb el nostre IV Cicle de cinema a la fresca en valenci\u00e0 els dies 20 i 27 de juliol a la Pla\u00e7a Major del Raval d\u2019Elx<\/p>\n","protected":false},"author":1,"featured_media":2908,"comment_status":"open","ping_status":"open","sticky":false,"template":"","format":"standard","meta":{"_et_pb_use_builder":"on","_et_pb_old_content":"<img class=\" wp-image-1522 aligncenter\" src=\"http:\/\/raval.es\/elx\/wp-content\/uploads\/2017\/07\/jurassic-valencia-300x150.jpg\" alt=\"\" width=\"421\" height=\"214\" \/>Aquest dissabte a les 22:00h tenim una nova projecci\u00f3 del II CICLE DE CINEMA A LA FRESCA EN VALENCI\u00c0 a la Pla\u00e7a Major del Raval.\n\nNo arribes tard!\n\nOrganitzat pel Tempir amb la col\u00b7laboraci\u00f3 de la UMH, Ajuntament d'Elx i l'Associaci\u00f3 de Ve\u00efns Raval Nou\n\n<img class=\"alignnone size-medium wp-image-1520\" src=\"http:\/\/raval.es\/elx\/wp-content\/uploads\/2017\/07\/patrociniscinema-300x40.jpg\" alt=\"\" width=\"300\" height=\"40\" \/>","_et_gb_content_width":"","_joinchat":[],"footnotes":""},"categories":[94,64],"tags":[],"class_list":["post-2901","post","type-post","status-publish","format-standard","has-post-thumbnail","hentry","category-94","category-actividades"],"_links":{"self":[{"href":"https:\/\/raval.es\/elx\/wp-json\/wp\/v2\/posts\/2901","targetHints":{"allow":["GET"]}}],"collection":[{"href":"https:\/\/raval.es\/elx\/wp-json\/wp\/v2\/posts"}],"about":[{"href":"https:\/\/raval.es\/elx\/wp-json\/wp\/v2\/types\/post"}],"author":[{"embeddable":true,"href":"https:\/\/raval.es\/elx\/wp-json\/wp\/v2\/users\/1"}],"replies":[{"embeddable":true,"href":"https:\/\/raval.es\/elx\/wp-json\/wp\/v2\/comments?post=2901"}],"version-history":[{"count":4,"href":"https:\/\/raval.es\/elx\/wp-json\/wp\/v2\/posts\/2901\/revisions"}],"predecessor-version":[{"id":2909,"href":"https:\/\/raval.es\/elx\/wp-json\/wp\/v2\/posts\/2901\/revisions\/2909"}],"wp:featuredmedia":[{"embeddable":true,"href":"https:\/\/raval.es\/elx\/wp-json\/wp\/v2\/media\/2908"}],"wp:attachment":[{"href":"https:\/\/raval.es\/elx\/wp-json\/wp\/v2\/media?parent=2901"}],"wp:term":[{"taxonomy":"category","embeddable":true,"href":"https:\/\/raval.es\/elx\/wp-json\/wp\/v2\/categories?post=2901"},{"taxonomy":"post_tag","embeddable":true,"href":"https:\/\/raval.es\/elx\/wp-json\/wp\/v2\/tags?post=2901"}],"curies":[{"name":"wp","href":"https:\/\/api.w.org\/{rel}","templated":true}]}}