{"id":2951,"date":"2019-08-20T09:46:55","date_gmt":"2019-08-20T09:46:55","guid":{"rendered":"http:\/\/raval.es\/elx\/?p=2951"},"modified":"2019-08-27T17:21:02","modified_gmt":"2019-08-27T17:21:02","slug":"cinema-dejatellevar","status":"publish","type":"post","link":"https:\/\/raval.es\/elx\/cinema-dejatellevar\/","title":{"rendered":"Cinema al carrer: D\u00c9JATE LLEVAR (23 Agost)"},"content":{"rendered":"<div id=\"fb-root\"><\/div>\n\n\n[et_pb_section fb_built=\u00bb1&#8243; _builder_version=\u00bb3.22.3&#8243;][et_pb_row _builder_version=\u00bb3.22.3&#8243; background_size=\u00bbinitial\u00bb background_position=\u00bbtop_left\u00bb background_repeat=\u00bbrepeat\u00bb][et_pb_column type=\u00bb2_5&#8243; _builder_version=\u00bb3.0.47&#8243;][et_pb_image src=\u00bbhttp:\/\/raval.es\/elx\/wp-content\/uploads\/2019\/08\/dejate-llevar-2.jpg\u00bb _builder_version=\u00bb3.24&#8243;][\/et_pb_image][et_pb_image url_new_window=\u00bbon\u00bb align=\u00bbcenter\u00bb width=\u00bb30%\u00bb src=\u00bbhttp:\/\/raval.es\/elx\/wp-content\/uploads\/2017\/06\/elx-cultura.png\u00bb _builder_version=\u00bb3.24&#8243; url=\u00bbhttps:\/\/www.facebook.com\/ElxCultura\/\u00bb][\/et_pb_image][\/et_pb_column][et_pb_column type=\u00bb3_5&#8243; _builder_version=\u00bb3.0.47&#8243;][et_pb_text _builder_version=\u00bb3.24&#8243;]<div class=\"post-content\">\n<p>Dins la programaci\u00f3 de <a href=\"http:\/\/www.elche.es\/va\/event\/cinema-al-carrer-2019\/?fbclid=IwAR30Rvd3bYomzXuf3p281nXzxjo3dJQZRMkkSisuvOHD-1oTqkGhU6nMFjY\"><strong>Cinema al carrer<\/strong><\/a> d&#8217;Elx Cultura a barris i pedanies, divendres vinent podeu gaudir a la fresca de la comedia <strong>D\u00e9jate llevar.<\/strong><\/p>\n<p><strong>Divendres, 23 &#8211; 22.h &#8211; Pla\u00e7a Major del Raval<br \/><\/strong><\/p>\n<p><strong>Sinopsis<\/strong><\/p>\n<p><a href=\"https:\/\/www.filmaffinity.com\/es\/film910045.html\"><em>D\u00e9jate llevar (Lasciati andare)<\/em><\/a> Italiana. 2017<br \/>El\u00edas \u00e9s un psicoanalista freudiano jueu al que el metge li recomana una dieta estricta i una mica d&#8217;esport per a baixar uns quilos de m\u00e9s. Aix\u00ed \u00e9s com coneix a Claudia, una atractiva entrenadora personal obsessionada amb el culte al cos, per\u00f2 molt menys de la ment&#8230;.<\/p>\n<p><a href=\"https:\/\/www.youtube.com\/watch?v=366LnojX1QI\" target=\"_blank\" rel=\"noopener noreferrer\"><em><\/em><\/a><\/p>\n<div class=\"h5ab-print-button-container\"><\/div>\n<\/div>[\/et_pb_text][\/et_pb_column][\/et_pb_row][\/et_pb_section]\n\n","protected":false},"excerpt":{"rendered":"<p>Divendres, 23 &#8211; 22.h &#8211; Pla\u00e7a Major del Raval<br \/>\nDins la programaci\u00f3 de Cinema al carrer d&#8217;Elx Cultura a barris i pedanies, divendres vinent podeu gaudir a la fresca de la comedia D\u00e9jate llevar.<\/p>\n","protected":false},"author":1,"featured_media":2962,"comment_status":"open","ping_status":"open","sticky":false,"template":"","format":"standard","meta":{"_et_pb_use_builder":"on","_et_pb_old_content":"<img class=\" wp-image-1522 aligncenter\" src=\"http:\/\/raval.es\/elx\/wp-content\/uploads\/2017\/07\/jurassic-valencia-300x150.jpg\" alt=\"\" width=\"421\" height=\"214\" \/>Aquest dissabte a les 22:00h tenim una nova projecci\u00f3 del II CICLE DE CINEMA A LA FRESCA EN VALENCI\u00c0 a la Pla\u00e7a Major del Raval.\n\nNo arribes tard!\n\nOrganitzat pel Tempir amb la col\u00b7laboraci\u00f3 de la UMH, Ajuntament d'Elx i l'Associaci\u00f3 de Ve\u00efns Raval Nou\n\n<img class=\"alignnone size-medium wp-image-1520\" src=\"http:\/\/raval.es\/elx\/wp-content\/uploads\/2017\/07\/patrociniscinema-300x40.jpg\" alt=\"\" width=\"300\" height=\"40\" \/>","_et_gb_content_width":"","_joinchat":[],"footnotes":""},"categories":[94],"tags":[],"class_list":["post-2951","post","type-post","status-publish","format-standard","has-post-thumbnail","hentry","category-94"],"_links":{"self":[{"href":"https:\/\/raval.es\/elx\/wp-json\/wp\/v2\/posts\/2951","targetHints":{"allow":["GET"]}}],"collection":[{"href":"https:\/\/raval.es\/elx\/wp-json\/wp\/v2\/posts"}],"about":[{"href":"https:\/\/raval.es\/elx\/wp-json\/wp\/v2\/types\/post"}],"author":[{"embeddable":true,"href":"https:\/\/raval.es\/elx\/wp-json\/wp\/v2\/users\/1"}],"replies":[{"embeddable":true,"href":"https:\/\/raval.es\/elx\/wp-json\/wp\/v2\/comments?post=2951"}],"version-history":[{"count":5,"href":"https:\/\/raval.es\/elx\/wp-json\/wp\/v2\/posts\/2951\/revisions"}],"predecessor-version":[{"id":3159,"href":"https:\/\/raval.es\/elx\/wp-json\/wp\/v2\/posts\/2951\/revisions\/3159"}],"wp:featuredmedia":[{"embeddable":true,"href":"https:\/\/raval.es\/elx\/wp-json\/wp\/v2\/media\/2962"}],"wp:attachment":[{"href":"https:\/\/raval.es\/elx\/wp-json\/wp\/v2\/media?parent=2951"}],"wp:term":[{"taxonomy":"category","embeddable":true,"href":"https:\/\/raval.es\/elx\/wp-json\/wp\/v2\/categories?post=2951"},{"taxonomy":"post_tag","embeddable":true,"href":"https:\/\/raval.es\/elx\/wp-json\/wp\/v2\/tags?post=2951"}],"curies":[{"name":"wp","href":"https:\/\/api.w.org\/{rel}","templated":true}]}}