{"id":3099,"date":"2018-10-21T18:15:22","date_gmt":"2018-10-21T18:15:22","guid":{"rendered":"http:\/\/raval.es\/elx\/?p=3099"},"modified":"2019-09-12T12:07:11","modified_gmt":"2019-09-12T12:07:11","slug":"volempalmerar","status":"publish","type":"post","link":"https:\/\/raval.es\/elx\/volempalmerar\/","title":{"rendered":"VOLEM PALMERAR"},"content":{"rendered":"<div id=\"fb-root\"><\/div>\n\n[et_pb_section fb_built=\u00bb1&#8243; _builder_version=\u00bb3.22.3&#8243;][et_pb_row _builder_version=\u00bb3.22.3&#8243; background_size=\u00bbinitial\u00bb background_position=\u00bbtop_left\u00bb background_repeat=\u00bbrepeat\u00bb][et_pb_column type=\u00bb1_3&#8243; _builder_version=\u00bb3.0.47&#8243;][et_pb_image src=\u00bbhttp:\/\/raval.es\/elx\/wp-content\/uploads\/2019\/08\/WhatsApp-Image-2019-03-21-at-12.34.511.jpeg\u00bb force_fullwidth=\u00bbon\u00bb align_tablet=\u00bbcenter\u00bb align_last_edited=\u00bbon|desktop\u00bb _builder_version=\u00bb3.24&#8243;][\/et_pb_image][et_pb_gallery gallery_ids=\u00bb3125,3131,3133,3134&#8243; zoom_icon_color=\u00bb#2ea3f2&#8243; _builder_version=\u00bb3.24&#8243;][\/et_pb_gallery][\/et_pb_column][et_pb_column type=\u00bb2_3&#8243; _builder_version=\u00bb3.0.47&#8243;][et_pb_text _builder_version=\u00bb3.24&#8243;]<h3><strong>Volem Palmerar<br \/> <\/strong><\/h3>\n[\/et_pb_text][et_pb_text _builder_version=\u00bb3.10.2&#8243;]<p><strong>ACTIVITATS TROBADA<\/strong><\/p>\n<p>Dissabte 22\/10:00:<br \/><strong>&#8211; Ruta guiada pel palmerar<br \/><\/strong><\/p>\n<p>Divendres 28\/19:30:<br \/><strong>&#8211; Passat, present i futur del palmerar<\/strong><\/p>\n<p>Dissabte 29\/10:00:<br \/><strong>&#8211; Dibuixa la teua palmera<br \/><\/strong><\/p>[\/et_pb_text][et_pb_text _builder_version=\u00bb3.10.2&#8243;]<p>Les finalitats de la nostra associaci\u00f3 Volem Palmerar s\u00f3n:<br \/>a) La promoci\u00f3 i la protecci\u00f3 dels valors agr\u00edcoles, ambientals i culturals inherents al Palmerar d\u2019Elx.<br \/>b) Promoure la phoenicultura mitjan\u00e7ant l\u2019educaci\u00f3 ambiental i afavorir la sensibilitzaci\u00f3 sobre el paper que l\u2019individu i la col\u00b7lectivitat exerceixen.<\/p>[\/et_pb_text][et_pb_social_media_follow follow_button=\u00bbon\u00bb _builder_version=\u00bb3.24&#8243;][et_pb_social_media_follow_network social_network=\u00bbfacebook\u00bb url=\u00bbhttps:\/\/www.facebook.com\/profile.php?id=100010831987521&#8243; _builder_version=\u00bb3.24&#8243; background_color=\u00bb#3b5998&#8243; follow_button=\u00bbon\u00bb url_new_window=\u00bbon\u00bb] Facebook [\/et_pb_social_media_follow_network][et_pb_social_media_follow_network url=\u00bbhttps:\/\/twitter.com\/VolemPalmerar\u00bb social_network=\u00bbtwitter\u00bb background_color=\u00bb#00aced\u00bb _builder_version=\u00bb3.24&#8243; follow_button=\u00bbon\u00bb url_new_window=\u00bbon\u00bb]twitter[\/et_pb_social_media_follow_network][\/et_pb_social_media_follow][et_pb_text _builder_version=\u00bb3.24&#8243;]<h3 style=\"text-align: left;\"><img loading=\"lazy\" decoding=\"async\" class=\"wp-image-2400 alignnone\" src=\"http:\/\/raval.es\/elx\/wp-content\/uploads\/2018\/10\/email-150x150.png\" alt=\"\" width=\"70\" height=\"70\" srcset=\"https:\/\/raval.es\/elx\/wp-content\/uploads\/2018\/10\/email-150x150.png 150w, https:\/\/raval.es\/elx\/wp-content\/uploads\/2018\/10\/email.png 300w\" sizes=\"auto, (max-width: 70px) 100vw, 70px\" \/> <a href=\"mailto:volempalmerarelx@gmail.com\">volempalmerarelx@gmail.com<\/a><\/h3>\n<h3><img loading=\"lazy\" decoding=\"async\" class=\"alignnone wp-image-2402\" src=\"http:\/\/raval.es\/elx\/wp-content\/uploads\/2018\/10\/smartphone.png\" alt=\"\" width=\"70\" height=\"70\" srcset=\"https:\/\/raval.es\/elx\/wp-content\/uploads\/2018\/10\/smartphone.png 300w, https:\/\/raval.es\/elx\/wp-content\/uploads\/2018\/10\/smartphone-150x150.png 150w\" sizes=\"auto, (max-width: 70px) 100vw, 70px\" \/>691 41 03 86<\/h3>\n<h3><img loading=\"lazy\" decoding=\"async\" class=\"wp-image-2401 alignnone\" src=\"http:\/\/raval.es\/elx\/wp-content\/uploads\/2018\/10\/Whatsapp-297x300.png\" alt=\"\" width=\"70\" height=\"71\" srcset=\"https:\/\/raval.es\/elx\/wp-content\/uploads\/2018\/10\/Whatsapp-297x300.png 297w, https:\/\/raval.es\/elx\/wp-content\/uploads\/2018\/10\/Whatsapp-150x150.png 150w, https:\/\/raval.es\/elx\/wp-content\/uploads\/2018\/10\/Whatsapp.png 300w\" sizes=\"auto, (max-width: 70px) 100vw, 70px\" \/>691 41 03 86<\/h3>\n<h3><img loading=\"lazy\" decoding=\"async\" src=\"http:\/\/raval.es\/elx\/wp-content\/uploads\/2019\/08\/www-icon.png\" alt=\"\" class=\"wp-image-3004 alignnone size-full\" width=\"67\" height=\"67\" srcset=\"https:\/\/raval.es\/elx\/wp-content\/uploads\/2019\/08\/www-icon.png 200w, https:\/\/raval.es\/elx\/wp-content\/uploads\/2019\/08\/www-icon-150x150.png 150w\" sizes=\"auto, (max-width: 67px) 100vw, 67px\" \/><a href=\"http:\/\/www.volempalmerar.es\/\">volempalmerar.es<\/a><\/h3>\n[\/et_pb_text][\/et_pb_column][\/et_pb_row][\/et_pb_section]\n","protected":false},"excerpt":{"rendered":"<p>Les finalitats de la nostra associaci\u00f3 Volem Palmerar s\u00f3n:<br \/>\na) La promoci\u00f3 i la protecci\u00f3 dels valors agr\u00edcoles, ambientals i culturals inherents al Palmerar d\u2019Elx.<br \/>\nb) Promoure la phoenicultura mitjan\u00e7ant l\u2019educaci\u00f3 ambiental i afavorir la sensibilitzaci\u00f3 sobre el paper que l\u2019individu i la col\u00b7lectivitat exerceixen.<\/p>\n","protected":false},"author":1,"featured_media":3125,"comment_status":"open","ping_status":"open","sticky":false,"template":"","format":"standard","meta":{"_et_pb_use_builder":"on","_et_pb_old_content":"","_et_gb_content_width":"","_joinchat":[],"footnotes":""},"categories":[92,96],"tags":[],"class_list":["post-3099","post","type-post","status-publish","format-standard","has-post-thumbnail","hentry","category-la-trobada-2018","category-la-trobada-2019"],"_links":{"self":[{"href":"https:\/\/raval.es\/elx\/wp-json\/wp\/v2\/posts\/3099","targetHints":{"allow":["GET"]}}],"collection":[{"href":"https:\/\/raval.es\/elx\/wp-json\/wp\/v2\/posts"}],"about":[{"href":"https:\/\/raval.es\/elx\/wp-json\/wp\/v2\/types\/post"}],"author":[{"embeddable":true,"href":"https:\/\/raval.es\/elx\/wp-json\/wp\/v2\/users\/1"}],"replies":[{"embeddable":true,"href":"https:\/\/raval.es\/elx\/wp-json\/wp\/v2\/comments?post=3099"}],"version-history":[{"count":4,"href":"https:\/\/raval.es\/elx\/wp-json\/wp\/v2\/posts\/3099\/revisions"}],"predecessor-version":[{"id":3137,"href":"https:\/\/raval.es\/elx\/wp-json\/wp\/v2\/posts\/3099\/revisions\/3137"}],"wp:featuredmedia":[{"embeddable":true,"href":"https:\/\/raval.es\/elx\/wp-json\/wp\/v2\/media\/3125"}],"wp:attachment":[{"href":"https:\/\/raval.es\/elx\/wp-json\/wp\/v2\/media?parent=3099"}],"wp:term":[{"taxonomy":"category","embeddable":true,"href":"https:\/\/raval.es\/elx\/wp-json\/wp\/v2\/categories?post=3099"},{"taxonomy":"post_tag","embeddable":true,"href":"https:\/\/raval.es\/elx\/wp-json\/wp\/v2\/tags?post=3099"}],"curies":[{"name":"wp","href":"https:\/\/api.w.org\/{rel}","templated":true}]}}