{"id":3117,"date":"2018-10-21T17:55:03","date_gmt":"2018-10-21T17:55:03","guid":{"rendered":"http:\/\/raval.es\/elx\/?p=3117"},"modified":"2019-08-22T19:48:58","modified_gmt":"2019-08-22T19:48:58","slug":"rutadelagua","status":"publish","type":"post","link":"https:\/\/raval.es\/elx\/rutadelagua\/","title":{"rendered":"RUTA DEL AGUA"},"content":{"rendered":"<div id=\"fb-root\"><\/div>\n\n[et_pb_section fb_built=\u00bb1&#8243; _builder_version=\u00bb3.22.3&#8243;][et_pb_row _builder_version=\u00bb3.24&#8243; background_size=\u00bbinitial\u00bb background_position=\u00bbtop_left\u00bb background_repeat=\u00bbrepeat\u00bb][et_pb_column type=\u00bb1_3&#8243; _builder_version=\u00bb3.0.47&#8243;][et_pb_image src=\u00bbhttp:\/\/raval.es\/elx\/wp-content\/uploads\/2019\/08\/rutadelaguaweb.jpg\u00bb align_tablet=\u00bbcenter\u00bb align_last_edited=\u00bbon|desktop\u00bb _builder_version=\u00bb3.24&#8243;][\/et_pb_image][et_pb_gallery gallery_ids=\u00bb3140,3142,3143,3144,3138&#8243; zoom_icon_color=\u00bb#2ea3f2&#8243; _builder_version=\u00bb3.24&#8243;][\/et_pb_gallery][\/et_pb_column][et_pb_column type=\u00bb2_3&#8243; _builder_version=\u00bb3.0.47&#8243;][et_pb_text _builder_version=\u00bb3.24&#8243;]<h3><strong>Ruta del Agua<br \/> <\/strong><\/h3>\n[\/et_pb_text][et_pb_text _builder_version=\u00bb3.10.2&#8243;]<p><strong>ACTIVITATS TROBADA<\/strong><\/p>\n<p>Dissabte 29\/12:30:<br \/><strong>&#8211; Masterclass d\u2019arts orientals<br \/><\/strong><\/p>[\/et_pb_text][et_pb_text _builder_version=\u00bb3.10.2&#8243;]<p>Ruta del Agua se conforma con una intenci\u00f3n de servicio y divulgaci\u00f3n del Yoga, Taichi, QiGong y Meditaci\u00f3n, como pr\u00e1cticas que promueven una mejora en la salud, tanto f\u00edsica como ps\u00edquica. <br \/>A estos movimientos de energ\u00eda se a\u00f1adi\u00f3 el Pilates, desde una actitud de respeto y escucha del cuerpo.<\/p>[\/et_pb_text][et_pb_social_media_follow follow_button=\u00bbon\u00bb _builder_version=\u00bb3.24&#8243;][et_pb_social_media_follow_network social_network=\u00bbfacebook\u00bb url=\u00bbhttps:\/\/www.facebook.com\/rutadelaguaelche\/\u00bb _builder_version=\u00bb3.24&#8243; background_color=\u00bb#3b5998&#8243; follow_button=\u00bbon\u00bb url_new_window=\u00bbon\u00bb] Facebook [\/et_pb_social_media_follow_network][\/et_pb_social_media_follow][et_pb_text _builder_version=\u00bb3.24&#8243;]<h3 style=\"text-align: left;\"><img loading=\"lazy\" decoding=\"async\" class=\"wp-image-2400 alignnone\" src=\"http:\/\/raval.es\/elx\/wp-content\/uploads\/2018\/10\/email-150x150.png\" alt=\"\" width=\"70\" height=\"70\" srcset=\"https:\/\/raval.es\/elx\/wp-content\/uploads\/2018\/10\/email-150x150.png 150w, https:\/\/raval.es\/elx\/wp-content\/uploads\/2018\/10\/email.png 300w\" sizes=\"auto, (max-width: 70px) 100vw, 70px\" \/> <a href=\"mailto:info@rutadelaguaelche.es\">info@rutadelaguaelche.es<\/a><\/h3>\n<h3><img loading=\"lazy\" decoding=\"async\" class=\"alignnone wp-image-2402\" src=\"http:\/\/raval.es\/elx\/wp-content\/uploads\/2018\/10\/smartphone.png\" alt=\"\" width=\"70\" height=\"70\" srcset=\"https:\/\/raval.es\/elx\/wp-content\/uploads\/2018\/10\/smartphone.png 300w, https:\/\/raval.es\/elx\/wp-content\/uploads\/2018\/10\/smartphone-150x150.png 150w\" sizes=\"auto, (max-width: 70px) 100vw, 70px\" \/>615 47 83 77<\/h3>\n<h3><img loading=\"lazy\" decoding=\"async\" class=\"wp-image-2401 alignnone\" src=\"http:\/\/raval.es\/elx\/wp-content\/uploads\/2018\/10\/Whatsapp-297x300.png\" alt=\"\" width=\"70\" height=\"71\" srcset=\"https:\/\/raval.es\/elx\/wp-content\/uploads\/2018\/10\/Whatsapp-297x300.png 297w, https:\/\/raval.es\/elx\/wp-content\/uploads\/2018\/10\/Whatsapp-150x150.png 150w, https:\/\/raval.es\/elx\/wp-content\/uploads\/2018\/10\/Whatsapp.png 300w\" sizes=\"auto, (max-width: 70px) 100vw, 70px\" \/>615 47 83 77<\/h3>\n[\/et_pb_text][\/et_pb_column][\/et_pb_row][\/et_pb_section]\n","protected":false},"excerpt":{"rendered":"<p>Ruta del Agua se conforma con una intenci\u00f3n de servicio y divulgaci\u00f3n del Yoga, Taichi, QiGong y Meditaci\u00f3n, como pr\u00e1cticas que promueven una mejora en la salud, tanto f\u00edsica como ps\u00edquica.<br \/>\nA estos movimientos de energ\u00eda se a\u00f1adi\u00f3 el Pilates, desde una actitud de respeto y escucha del cuerpo.<\/p>\n","protected":false},"author":1,"featured_media":3138,"comment_status":"open","ping_status":"open","sticky":false,"template":"","format":"standard","meta":{"_et_pb_use_builder":"on","_et_pb_old_content":"","_et_gb_content_width":"","_joinchat":[],"footnotes":""},"categories":[92],"tags":[],"class_list":["post-3117","post","type-post","status-publish","format-standard","has-post-thumbnail","hentry","category-la-trobada-2018"],"_links":{"self":[{"href":"https:\/\/raval.es\/elx\/wp-json\/wp\/v2\/posts\/3117","targetHints":{"allow":["GET"]}}],"collection":[{"href":"https:\/\/raval.es\/elx\/wp-json\/wp\/v2\/posts"}],"about":[{"href":"https:\/\/raval.es\/elx\/wp-json\/wp\/v2\/types\/post"}],"author":[{"embeddable":true,"href":"https:\/\/raval.es\/elx\/wp-json\/wp\/v2\/users\/1"}],"replies":[{"embeddable":true,"href":"https:\/\/raval.es\/elx\/wp-json\/wp\/v2\/comments?post=3117"}],"version-history":[{"count":4,"href":"https:\/\/raval.es\/elx\/wp-json\/wp\/v2\/posts\/3117\/revisions"}],"predecessor-version":[{"id":3148,"href":"https:\/\/raval.es\/elx\/wp-json\/wp\/v2\/posts\/3117\/revisions\/3148"}],"wp:featuredmedia":[{"embeddable":true,"href":"https:\/\/raval.es\/elx\/wp-json\/wp\/v2\/media\/3138"}],"wp:attachment":[{"href":"https:\/\/raval.es\/elx\/wp-json\/wp\/v2\/media?parent=3117"}],"wp:term":[{"taxonomy":"category","embeddable":true,"href":"https:\/\/raval.es\/elx\/wp-json\/wp\/v2\/categories?post=3117"},{"taxonomy":"post_tag","embeddable":true,"href":"https:\/\/raval.es\/elx\/wp-json\/wp\/v2\/tags?post=3117"}],"curies":[{"name":"wp","href":"https:\/\/api.w.org\/{rel}","templated":true}]}}