{"id":3169,"date":"2019-09-02T19:03:35","date_gmt":"2019-09-02T19:03:35","guid":{"rendered":"http:\/\/raval.es\/elx\/?p=3169"},"modified":"2026-03-05T17:47:34","modified_gmt":"2026-03-05T17:47:34","slug":"tallers-socials","status":"publish","type":"post","link":"https:\/\/raval.es\/elx\/tallers-socials\/","title":{"rendered":"Preinscripci\u00f3 pels tallers al Centre Social"},"content":{"rendered":"<div id=\"fb-root\"><\/div>\n\n[et_pb_section fb_built=\u00bb1&#8243; _builder_version=\u00bb3.22.3&#8243; fb_built=\u00bb1&#8243; _i=\u00bb0&#8243; _address=\u00bb0&#8243;][et_pb_row _builder_version=\u00bb3.25&#8243; background_size=\u00bbinitial\u00bb background_position=\u00bbtop_left\u00bb background_repeat=\u00bbrepeat\u00bb _i=\u00bb0&#8243; _address=\u00bb0.0&#8243; column_structure=\u00bb2_5,3_5&#8243;][et_pb_column type=\u00bb2_5&#8243; _builder_version=\u00bb3.25&#8243; custom_padding=\u00bb|||\u00bb _i=\u00bb0&#8243; _address=\u00bb0.0.0&#8243; custom_padding__hover=\u00bb|||\u00bb][et_pb_image src=\u00bbhttp:\/\/raval.es\/elx\/wp-content\/uploads\/2019\/09\/centresocial.jpg\u00bb _builder_version=\u00bb3.27.3&#8243; hover_enabled=\u00bb0&#8243; _i=\u00bb0&#8243; _address=\u00bb0.0.0.0&#8243;][\/et_pb_image][\/et_pb_column][et_pb_column type=\u00bb3_5&#8243; _builder_version=\u00bb3.25&#8243; custom_padding=\u00bb|||\u00bb _i=\u00bb1&#8243; _address=\u00bb0.0.1&#8243; custom_padding__hover=\u00bb|||\u00bb][et_pb_text _builder_version=\u00bb3.27.3&#8243; hover_enabled=\u00bb0&#8243; _i=\u00bb0&#8243; _address=\u00bb0.0.1.0&#8243;]<div class=\"post-content\">\n<p>\u00a0Ja \u00e9s obert el pla\u00e7 de preinscripci\u00f3 per als tallers gratu\u00efts que l&#8217;Ajuntament d&#8217;Elx desenvolupa als Centres Socials, entre ells, clar, el del Raval.<\/p>\n<p><a href=\"https:\/\/aplicaciones.elche.es\/inscripcionTalleres\/\"><strong>aplicaciones.elche.es\/inscripcionTalleres\/<\/strong><\/a><\/p>\n<p>El termini \u00e9s fins el proper diumenge 15 de setembre, per\u00f2 no cal correr perque le sol\u00b7licituds s&#8217;admeten per sorteig, no per ordre d&#8217;arribada.<\/p>\n<p>&nbsp;<\/p>\n<p>&#8230;En qualsevol cas quan abans ho faces millor<\/p>\n<p><a href=\"https:\/\/www.youtube.com\/watch?v=366LnojX1QI\" target=\"_blank\" rel=\"noopener noreferrer\"><em><\/em><\/a><\/p>\n<div class=\"h5ab-print-button-container\"><\/div>\n<\/div>\n[\/et_pb_text][\/et_pb_column][\/et_pb_row][\/et_pb_section]\n","protected":false},"excerpt":{"rendered":"<p>Fins el 15 de Setembre<br \/>\nhttps:\/\/aplicaciones.elche.es\/inscripcionTalleres\/<\/p>\n","protected":false},"author":1,"featured_media":3173,"comment_status":"closed","ping_status":"open","sticky":false,"template":"","format":"standard","meta":{"_et_pb_use_builder":"on","_et_pb_old_content":"<img class=\" wp-image-1522 aligncenter\" src=\"http:\/\/raval.es\/elx\/wp-content\/uploads\/2017\/07\/jurassic-valencia-300x150.jpg\" alt=\"\" width=\"421\" height=\"214\" \/>Aquest dissabte a les 22:00h tenim una nova projecci\u00f3 del II CICLE DE CINEMA A LA FRESCA EN VALENCI\u00c0 a la Pla\u00e7a Major del Raval.\n\nNo arribes tard!\n\nOrganitzat pel Tempir amb la col\u00b7laboraci\u00f3 de la UMH, Ajuntament d'Elx i l'Associaci\u00f3 de Ve\u00efns Raval Nou\n\n<img class=\"alignnone size-medium wp-image-1520\" src=\"http:\/\/raval.es\/elx\/wp-content\/uploads\/2017\/07\/patrociniscinema-300x40.jpg\" alt=\"\" width=\"300\" height=\"40\" \/>","_et_gb_content_width":"","_joinchat":[],"footnotes":""},"categories":[94,51],"tags":[],"class_list":["post-3169","post","type-post","status-publish","format-standard","has-post-thumbnail","hentry","category-94","category-noticias"],"_links":{"self":[{"href":"https:\/\/raval.es\/elx\/wp-json\/wp\/v2\/posts\/3169","targetHints":{"allow":["GET"]}}],"collection":[{"href":"https:\/\/raval.es\/elx\/wp-json\/wp\/v2\/posts"}],"about":[{"href":"https:\/\/raval.es\/elx\/wp-json\/wp\/v2\/types\/post"}],"author":[{"embeddable":true,"href":"https:\/\/raval.es\/elx\/wp-json\/wp\/v2\/users\/1"}],"replies":[{"embeddable":true,"href":"https:\/\/raval.es\/elx\/wp-json\/wp\/v2\/comments?post=3169"}],"version-history":[{"count":3,"href":"https:\/\/raval.es\/elx\/wp-json\/wp\/v2\/posts\/3169\/revisions"}],"predecessor-version":[{"id":3175,"href":"https:\/\/raval.es\/elx\/wp-json\/wp\/v2\/posts\/3169\/revisions\/3175"}],"wp:featuredmedia":[{"embeddable":true,"href":"https:\/\/raval.es\/elx\/wp-json\/wp\/v2\/media\/3173"}],"wp:attachment":[{"href":"https:\/\/raval.es\/elx\/wp-json\/wp\/v2\/media?parent=3169"}],"wp:term":[{"taxonomy":"category","embeddable":true,"href":"https:\/\/raval.es\/elx\/wp-json\/wp\/v2\/categories?post=3169"},{"taxonomy":"post_tag","embeddable":true,"href":"https:\/\/raval.es\/elx\/wp-json\/wp\/v2\/tags?post=3169"}],"curies":[{"name":"wp","href":"https:\/\/api.w.org\/{rel}","templated":true}]}}