{"id":3176,"date":"2019-09-01T19:15:20","date_gmt":"2019-09-01T19:15:20","guid":{"rendered":"http:\/\/raval.es\/elx\/?p=3176"},"modified":"2019-09-04T18:11:14","modified_gmt":"2019-09-04T18:11:14","slug":"casalcursos19","status":"publish","type":"post","link":"https:\/\/raval.es\/elx\/casalcursos19\/","title":{"rendered":"Cursos al Casal Jaume I &#8211; 2019\/20"},"content":{"rendered":"<div id=\"fb-root\"><\/div>\n\n[et_pb_section fb_built=\u00bb1&#8243; _builder_version=\u00bb3.22.3&#8243; fb_built=\u00bb1&#8243; _i=\u00bb0&#8243; _address=\u00bb0&#8243;][et_pb_row _builder_version=\u00bb3.25&#8243; background_size=\u00bbinitial\u00bb background_position=\u00bbtop_left\u00bb background_repeat=\u00bbrepeat\u00bb _i=\u00bb0&#8243; _address=\u00bb0.0&#8243; column_structure=\u00bb2_5,3_5&#8243;][et_pb_column type=\u00bb2_5&#8243; _builder_version=\u00bb3.25&#8243; custom_padding=\u00bb|||\u00bb _i=\u00bb0&#8243; _address=\u00bb0.0.0&#8243; custom_padding__hover=\u00bb|||\u00bb][et_pb_image src=\u00bbhttp:\/\/raval.es\/elx\/wp-content\/uploads\/2019\/09\/ClubLectura.jpg\u00bb _builder_version=\u00bb3.27.3&#8243; hover_enabled=\u00bb0&#8243; _i=\u00bb0&#8243; _address=\u00bb0.0.0.0&#8243;][\/et_pb_image][et_pb_image src=\u00bbhttp:\/\/raval.es\/elx\/wp-content\/uploads\/2019\/09\/logo-acpv-elx.jpg\u00bb url=\u00bbhttps:\/\/www.facebook.com\/ElxCultura\/\u00bb url_new_window=\u00bbon\u00bb align=\u00bbcenter\u00bb _builder_version=\u00bb3.27.3&#8243; width=\u00bb80%\u00bb hover_enabled=\u00bb0&#8243; _i=\u00bb1&#8243; _address=\u00bb0.0.0.1&#8243;][\/et_pb_image][\/et_pb_column][et_pb_column type=\u00bb3_5&#8243; _builder_version=\u00bb3.25&#8243; custom_padding=\u00bb|||\u00bb _i=\u00bb1&#8243; _address=\u00bb0.0.1&#8243; custom_padding__hover=\u00bb|||\u00bb][et_pb_text _builder_version=\u00bb3.27.3&#8243; hover_enabled=\u00bb0&#8243; _i=\u00bb0&#8243; _address=\u00bb0.0.1.0&#8243; inline_fonts=\u00bbAmaranth\u00bb]<div class=\"post-content\">\n<p style=\"margin-bottom: 0.5cm;\"><span style=\"font-family: Amaranth; font-weight: normal;\" face=\"Times New Roman, serif\">Hola !<\/span><\/p>\n<p style=\"margin-bottom: 0.5cm;\"><span style=\"font-family: Amaranth; font-weight: normal;\" face=\"Times New Roman, serif\">Comencem amb for\u00e7a aquest curs 2019\/2020, us envie informaci\u00f3 dels cursos que ofereix Acpv-Casal d&#8217;Elx i que comen\u00e7aran els mesos de setembre-octubre, per si s\u00f3n del vostre inter\u00e8s. Si esteu interessats envieu-nos un correu electr\u00f2nic amb els vostres dades o passeu pel Casal el mes de setembre per tal d&#8217;apuntar-vos i fer els grups.<\/span><\/p>\n<p style=\"margin-bottom: 0.5cm;\"><span style=\"font-family: Amaranth; font-weight: normal;\" face=\"Times New Roman, serif\">Cordialment, <\/span><\/p>\n<p style=\"margin-bottom: 0.5cm;\"><span style=\"font-family: Amaranth; font-weight: normal;\"><span face=\"Times New Roman, serif\">Elisabet Agull\u00f3 Garc\u00eda<br \/> <\/span><span face=\"Times New Roman, serif\">(Coordinadora d&#8217;Acpv-Casal Jaume I d&#8217;Elx)<br \/> <\/span><span face=\"Times New Roman, serif\"><span style=\"font-size: large;\" size=\"4\"><span lang=\"zxx\">Carrer Sant Jordi, 2 Tel\u00e8fon 965426480 <a href=\"mailto:elx@acpv.cat\" onclick=\"return rcmail.command('compose','elx@acpv.cat',this)\" rel=\"noreferrer\">elx@acpv.cat<\/a><\/span><\/span><\/span><span face=\"Times New Roman, serif\"> <\/span><\/span><\/p>\n<h6 lang=\"zxx\"><span style=\"font-family: Amaranth; font-weight: normal;\"> <span face=\"Times New Roman, serif\"><span style=\"font-size: large;\" size=\"4\"><span lang=\"zxx\"><b>Apunta&#8217;t als cursos del Casal <\/b><\/span><\/span><\/span><span face=\"Times New Roman, serif\"><span style=\"font-size: large;\" size=\"4\"><span lang=\"zxx\">!!.\u00a0 <\/span><\/span><\/span><span face=\"Times New Roman, serif\"><span style=\"font-size: large;\" size=\"4\"><span lang=\"zxx\">Cursos que comen\u00e7aran al completar el n\u00famero m\u00ednim de persones&#8230;&#8230;..<\/span><\/span><\/span><\/span><\/h6>\n<p style=\"margin-bottom: 0cm;\"><span style=\"font-family: Amaranth; font-size: medium; font-weight: normal;\" face=\"Times New Roman, serif\"><span size=\"3\"><span style=\"color: #ff3333;\" color=\"#ff3333\"><span style=\"font-style: normal;\">CURS D&#8217;EUSKARA <\/span><\/span><span style=\"color: #1d2129;\" color=\"#1d2129\"><span lang=\"zxx\"><span style=\"font-style: normal;\">(Mestre: Asier Rodriguez Oliden) <\/span><\/span><\/span><br \/> <span style=\"color: #1d2129;\" color=\"#1d2129\"><span style=\"font-style: normal;\">DIA: <\/span><\/span><span style=\"color: #0000ff;\" color=\"#0000ff\"><span style=\"font-style: normal;\">DILLUNS <\/span><\/span><span style=\"color: #1d2129;\" color=\"#1d2129\"><span style=\"font-style: normal;\"><br \/> HORA:20:00 fins 22:00<br \/> LLOC: ACPV-Casal Jaume I d&#8217;Elx<br \/> PREU: 20 \u20ac al mes +( 5 \u20ac MATR\u00cdCULA)<\/span><\/span><\/span><\/span><\/p>\n<p style=\"margin-bottom: 0cm; font-style: normal;\" lang=\"zxx\"><span style=\"color: #ff0000; font-family: Amaranth; font-size: medium; font-weight: normal;\" color=\"#ff0000\"><span face=\"Times New Roman, serif\"><span size=\"3\">CURS DE DANSES TRADICIONALS <span style=\"color: #1d2129;\" color=\"#1d2129\">(Mestre: Daniel Martinez)<\/span><span style=\"color: #000000;\" color=\"#000000\"><br \/> DIA: <\/span><span style=\"color: #0000ff;\" color=\"#0000ff\">DIMARTS (AL SAL\u00d3 DEL CASAL)<\/span><span style=\"color: #000000;\" color=\"#000000\"><br \/> HORA:19:30 fins 20:30 hores<br \/> LLOC: ACPV-Casal Jaume I d&#8217;Elx<br \/> PREU: 5 \u20ac al mes +(5 \u20ac Matr\u00edcula) (Preu especial, cortesia del mestre i del Casal)<\/span><\/span><\/span><\/span><\/p>\n<p style=\"font-style: normal;\" lang=\"zxx\"><span style=\"font-family: Amaranth; font-weight: normal;\"><span style=\"color: #ff0000;\" color=\"#ff0000\"><span face=\"Times New Roman, serif\"><span style=\"font-size: medium;\" size=\"3\">CURS DE TRENAR L&#8217;ESPART<span style=\"color: #000000;\" color=\"#000000\"> <\/span><span style=\"color: #1d2129;\" color=\"#1d2129\">(Mestra Lorena Arcos)<br \/> <\/span><\/span><\/span><\/span><span style=\"color: #ff0000;\" color=\"#ff0000\"><span face=\"Times New Roman, serif\"><span style=\"font-size: medium;\" size=\"3\"><span style=\"color: #000000;\" color=\"#000000\">DIA:<\/span><span style=\"color: #0000ff;\" color=\"#0000ff\">DIMARTS<br \/> <\/span><span style=\"color: #000000;\" color=\"#000000\">HORA:20:00 fins 22:00<br \/> LLOC: ACPV-Casal Jaume I d&#8217;Elx<br \/> PREU: 21 \u20ac al mes +(5 \u20ac MATR\u00cdCULA)<\/span> <\/span><\/span><\/span><\/span><\/p>\n<p style=\"margin-bottom: 0cm; font-style: normal;\"><span style=\"font-family: Amaranth; font-weight: normal;\"><span style=\"color: #1d2129;\" color=\"#1d2129\"><span face=\"Times New Roman, serif\"><span style=\"color: #ff3333;\" color=\"#ff3333\">CATAL\u00c0: Mitj\u00e0 C1+Conversa\u00a0<\/span><span style=\"color: #000000;\" color=\"#000000\"> Catal\u00e0 parlat i escrit<br \/> <\/span><\/span><\/span><span style=\"color: #1d2129;\" color=\"#1d2129\"><span face=\"Times New Roman, serif\">DIA: <span style=\"color: #0000ff;\" color=\"#0000ff\">DIMARTS <\/span><br \/> HORA: 20.00 fins 21.30<br \/> LLOC: ACPV-Casal Jaume I d&#8217;Elx<br \/> <\/span><\/span><span style=\"color: #1d2129;\" color=\"#1d2129\"><span face=\"Times New Roman, serif\"><span style=\"font-size: medium;\" size=\"3\">PREU: 30 \u20ac al mes +( 5 \u20ac MATR\u00cdCULA)<\/span><\/span><\/span><\/span><\/p>\n<p style=\"margin-bottom: 0cm;\" lang=\"zxx\"><span style=\"color: #ff0000; font-family: Amaranth; font-size: medium; font-weight: normal;\" color=\"#ff0000\"><span face=\"Times New Roman, serif\"><span size=\"3\"><i>PINTURA I DIBUIX PER A XIQUETS I ADULTS <\/i><span style=\"color: #1d2129;\" color=\"#1d2129\"><span style=\"font-style: normal;\">(Mestra: Tonia Baeza)<\/span><\/span><span style=\"color: #000000;\" color=\"#000000\"><br \/> DIA: <\/span><span style=\"color: #0000ff;\" color=\"#0000ff\">DIMECRES<\/span><span style=\"color: #000000;\" color=\"#000000\"><br \/> HORA:17:30 fins 19:15<br \/> LLOC: ACPV-Casal Jaume I d&#8217;Elx<br \/> PREU:25 \u20ac al mes +(5 \u20ac MATR\u00cdCULA)<\/span><\/span><\/span><\/span><\/p>\n<p style=\"margin-bottom: 0cm;\"><span style=\"color: #000000; font-family: Amaranth; font-size: medium; font-weight: normal;\" color=\"#000000\"><span face=\"Times New Roman, serif\"><span size=\"3\"><span style=\"color: #ff3333;\" color=\"#ff3333\"><span lang=\"zxx\"><i>CURS DE FRANC\u00c8S<\/i><\/span><\/span><span style=\"color: #ff3333;\" color=\"#ff3333\"> <\/span><span lang=\"zxx\"><span style=\"font-style: normal;\">(Mestra: M\u00aa del Mar L\u00f3pez Contreras)<\/span><\/span><span style=\"color: #ff3333;\" color=\"#ff3333\"><span lang=\"zxx\"><span style=\"font-style: normal;\"><br \/> <\/span><\/span><\/span><span lang=\"zxx\"><span style=\"font-style: normal;\">DIA:<\/span><\/span><span style=\"color: #ff3333;\" color=\"#ff3333\"> <\/span><span style=\"color: #0000ff;\" color=\"#0000ff\"><span lang=\"zxx\"><span style=\"font-style: normal;\">DIMECRES<\/span><\/span><\/span><span style=\"color: #ff3333;\" color=\"#ff3333\"><span lang=\"zxx\"><span style=\"font-style: normal;\"><br \/> <\/span><\/span><\/span><span lang=\"zxx\"><span style=\"font-style: normal;\">HORA: 20:00 a 21:30<br \/> LLOC: ACPV-Casal Jaume I d&#8217;Elx (carrer Sant Jordi, 2)<br \/> PREU: 30\u20ac + 5 \u20ac de matr\u00edcula<\/span><\/span><\/span><\/span><\/span><\/p>\n<p style=\"margin-bottom: 0cm;\"><span style=\"font-family: Amaranth; font-weight: normal;\"><span style=\"color: #ff3333;\" color=\"#ff3333\"><span face=\"Times New Roman, serif\"><span style=\"font-size: medium;\" size=\"3\"><span lang=\"zxx\"><i>ANGL\u00c8S<\/i><\/span><\/span><\/span><\/span><span style=\"color: #1d2129;\" color=\"#1d2129\"><span face=\"Times New Roman, serif\"><span style=\"font-size: medium;\" size=\"3\"> <\/span><\/span><\/span><span style=\"color: #1d2129;\" color=\"#1d2129\"><span face=\"Times          New Roman, serif\"><span style=\"font-size: medium;\" size=\"3\"><span lang=\"zxx\"><i>PER ADULTS <\/i><\/span><\/span><\/span><\/span><span style=\"color: #000000;\" color=\"#000000\"><span face=\"Times New Roman, serif\"><span style=\"font-size: medium;\" size=\"3\"><span lang=\"zxx\"><span style=\"font-style: normal;\">(Mestra: M\u00aa del Mar L\u00f3pez Contreras)<\/span><\/span><\/span><\/span><\/span><span style=\"color: #1d2129;\" color=\"#1d2129\"><span face=\"Times New Roman, serif\"><span style=\"font-size: medium;\" size=\"3\"><span lang=\"zxx\"><span style=\"font-style: normal;\"><br \/> DIA: <\/span><\/span><\/span><\/span><\/span><span style=\"color: #3333ff;\" color=\"#3333ff\"><span face=\"Times New Roman, serif\"><span style=\"font-size: medium;\" size=\"3\"><span lang=\"zxx\"><span style=\"font-style: normal;\">Per determinar<\/span><\/span><\/span><\/span><\/span><span style=\"color: #1d2129;\" color=\"#1d2129\"><span face=\"Times New Roman, serif\"><span style=\"font-size: medium;\" size=\"3\"> <\/span><\/span><\/span><span style=\"color: #1d2129;\" color=\"#1d2129\"><span face=\"Times          New Roman, serif\"><span style=\"font-size: medium;\" size=\"3\"><span lang=\"zxx\"><span style=\"font-style: normal;\"><br \/> HORA:19:00 fins 20:00<br \/> LLOC: ACPV-Casal Jaume I d&#8217;Elx<br \/> PREU: 30 \u20ac al mes +(5 \u20ac MATR\u00cdCULA)<\/span><\/span><\/span><\/span><\/span><\/span><\/p>\n<p style=\"margin-bottom: 0cm;\"><span style=\"font-family: Amaranth; font-size: medium; font-weight: normal;\" face=\"Times New Roman, serif\"><span size=\"3\"><span style=\"color: #ff0000;\" color=\"#ff0000\"><span lang=\"zxx\"><i>GUITARRA <\/i><\/span><\/span><span style=\"color: #1d2129;\" color=\"#1d2129\"><span lang=\"zxx\"><span style=\"font-style: normal;\">(Mestre: Alfons Hurtado)<\/span><\/span><\/span><span style=\"color: #ff0000;\" color=\"#ff0000\"><span lang=\"zxx\"><br \/> <\/span><\/span><span style=\"color: #333333;\" color=\"#333333\"><span lang=\"zxx\">DIA: <\/span><\/span><span style=\"color: #0000ff;\" color=\"#0000ff\"><span lang=\"zxx\">DIJOUS<\/span><\/span><span style=\"color: #333333;\" color=\"#333333\"> <\/span><span style=\"color: #333333;\" color=\"#333333\"><span lang=\"zxx\"><br \/> HORA:20:30 fins 21:30<br \/> LLOC: ACPV-Casal Jaume I d&#8217;Elx<br \/> PREU:22 \u20ac al mes +(5 \u20ac MATR\u00cdCULA)<\/span><\/span><\/span><\/span><\/p>\n<p><span style=\"font-family: Amaranth; font-weight: normal;\"><span style=\"color: #ff0000;\" color=\"#ff0000\"><span face=\"Times New Roman, serif\"><span style=\"font-size: medium;\" size=\"3\"><span lang=\"zxx\"><i>GUITARRA <\/i><\/span><\/span><\/span><\/span><span style=\"color: #1d2129;\" color=\"#1d2129\"><span face=\"Times New Roman, serif\"><span style=\"font-size: medium;\" size=\"3\"><span lang=\"zxx\"><span style=\"font-style: normal;\">(Mestre: Alfons Hurtado)<\/span><\/span><\/span><\/span><\/span><span style=\"color: #1d2129;\" color=\"#1d2129\"><br \/> <\/span><span style=\"color: #1d2129;\" color=\"#1d2129\"><\/span><span style=\"color: #333333;\" color=\"#333333\"><span face=\"Times New Roman, serif\"><span style=\"font-size: medium;\" size=\"3\"><span lang=\"zxx\">DIA: <\/span><\/span><\/span><\/span><span style=\"color: #3333ff;\" color=\"#3333ff\"><span face=\"Times New Roman, serif\"><span style=\"font-size: medium;\" size=\"3\"><span lang=\"zxx\">DIVENDRES<\/span><\/span><\/span><\/span><span style=\"color: #333333;\" color=\"#333333\"><br \/> <\/span><span style=\"color: #333333;\" color=\"#333333\"><span face=\"Times New Roman, serif\"><span style=\"font-size: medium;\" size=\"3\"><span lang=\"zxx\">HORA:20:30 fins 21:30<\/span><\/span><\/span><\/span><span style=\"color: #333333;\" color=\"#333333\"><br \/> <\/span><span style=\"color: #333333;\" color=\"#333333\"><\/span><span style=\"color: #333333;\" color=\"#333333\"><span face=\"Times New Roman, serif\"><span style=\"font-size: medium;\" size=\"3\"><span lang=\"zxx\">LLOC: ACPV-Casal Jaume I d&#8217;Elx<\/span><\/span><\/span><\/span><span style=\"color: #333333;\" color=\"#333333\"><br \/> <\/span><span style=\"color: #333333;\" color=\"#333333\"><span face=\"Times New Roman, serif\"><span style=\"font-size: medium;\" size=\"3\"><span lang=\"zxx\">PREU:22 \u20ac al mes +(5 \u20ac MATR\u00cdCULA)<\/span><\/span><\/span><\/span><\/span><\/p>\n<p style=\"margin-bottom: 0cm; font-style: normal;\" lang=\"zxx\"><span style=\"font-family: Amaranth; font-weight: normal;\"><span style=\"color: #ff0000;\" color=\"#ff0000\"><span face=\"Times New Roman, serif\"><span style=\"font-size: large;\" size=\"4\">BALL ESPORTIU<\/span><\/span><\/span><span style=\"color: #000000;\" color=\"#000000\"><span face=\"Times New Roman, serif\"><span style=\"font-size: large;\" size=\"4\"> <\/span><\/span><\/span><span style=\"color: #1d2129;\" color=\"#1d2129\"><span face=\"Times          New Roman, serif\">(Mestra: Raquel L\u00f3pez Contreras)<\/span><\/span><span style=\"color: #ff0000;\" color=\"#ff0000\"><span face=\"Times New Roman, serif\"><span style=\"font-size: large;\" size=\"4\"><br \/> <\/span><\/span><\/span><span style=\"color: #333333;\" color=\"#333333\"><span face=\"Times          New Roman, serif\"><span style=\"font-size: large;\" size=\"4\">DIA: <\/span><\/span><\/span><span style=\"color: #3333ff;\" color=\"#3333ff\"><span face=\"Times          New Roman, serif\"><span style=\"font-size: large;\" size=\"4\">per determinar<\/span><\/span><\/span><span style=\"color: #333333;\" color=\"#333333\"><span face=\"Times New Roman, serif\"><span style=\"font-size: large;\" size=\"4\"><br \/> HORA:19:00 fins 20:15<br \/> LLOC: ACPV-Casal Jaume I d&#8217;Elx<br \/> PREU:22 \u20ac al mes +(5 \u20ac MATR\u00cdCULA)<\/span><\/span><\/span><\/span><\/p>\n<p style=\"margin-bottom: 0cm;\"><span style=\"font-family: Amaranth; font-weight: normal;\"><span style=\"color: #ff0000;\" color=\"#ff0000\"><span face=\"Times New Roman, serif\"><span style=\"font-size: large;\" size=\"4\"><span style=\"font-style: normal;\">CER\u00c0MICA: SOCARRATS,ROM\u00c0NICS i SEGLE XVIII.<\/span><\/span><\/span><\/span><span style=\"color: #1d2129;\" color=\"#1d2129\"><span face=\"Times New Roman, serif\"><span style=\"font-size: large;\" size=\"4\"><span style=\"font-style: normal;\"> Pintar i decorar la cer\u00e0mica <\/span><\/span><\/span><\/span><span style=\"color: #1d2129;\" color=\"#1d2129\"><span face=\"Times New Roman, serif\"><span style=\"font-size: large;\" size=\"4\"><span lang=\"zxx\"><span style=\"font-style: normal;\">(Mestra: Esperanza Mas)<\/span><\/span><\/span><\/span><\/span><span style=\"color: #1d2129;\" color=\"#1d2129\"><span face=\"Times New Roman, serif\"><span style=\"font-size: large;\" size=\"4\"><span style=\"font-style: normal;\"><br \/> DIA: <\/span><\/span><\/span><\/span><span style=\"color: #3333ff;\" color=\"#3333ff\"><span face=\"Times New Roman, serif\"><span style=\"font-size: large;\" size=\"4\"><span lang=\"zxx\"><span style=\"font-style: normal;\">per determinar<\/span><\/span><\/span><\/span><\/span><span style=\"color: #1d2129;\" color=\"#1d2129\"><span face=\"Times New Roman, serif\"><span style=\"font-size: large;\" size=\"4\"><span style=\"font-style: normal;\"><br \/> HORA:19.00 fins 21:00<br \/> LLOC: ACPV-Casal Jaume I d&#8217;Elx<br \/> PREU:30 \u20ac al mes +(5 \u20ac MATR\u00cdCULA)<\/span><\/span><\/span><\/span><span face=\"Times New Roman, serif\"><span style=\"font-size: large;\" size=\"4\"><\/span><\/span><\/span><\/p>\n<p><span style=\"font-family: Amaranth; font-weight: normal;\"> <span style=\"color: #ff0000;\" color=\"#ff0000\"><span face=\"Times New Roman,          serif\"><span style=\"font-size: large;\" size=\"4\"><span style=\"font-style: normal;\">CURS D&#8217;ALEMANY <\/span><\/span><\/span><\/span><span style=\"color: #1d2129;\" color=\"#1d2129\"><span face=\"Times New Roman, serif\"><span style=\"font-size: medium;\" size=\"3\"><span lang=\"zxx\"><span style=\"font-style: normal;\">(Mestra: Esperanza Peral Esclapez) <\/span><\/span><\/span><\/span><\/span><span style=\"color: #1d2129;\" color=\"#1d2129\"><span face=\"Times New Roman, serif\"><span style=\"font-size: large;\" size=\"4\"><span style=\"font-style: normal;\"><br \/> DIA: <\/span><\/span><\/span><\/span><span style=\"color: #3333ff;\" color=\"#3333ff\"><span face=\"Times New Roman, serif\"><span style=\"font-size: large;\" size=\"4\"><span lang=\"zxx\"><span style=\"font-style: normal;\">per determinar<\/span><\/span><\/span><\/span><\/span><span style=\"color: #1d2129;\" color=\"#1d2129\"><span face=\"Times New Roman, serif\"><span style=\"font-size: large;\" size=\"4\"> <\/span><\/span><\/span><span style=\"color: #1d2129;\" color=\"#1d2129\"><span face=\"Times          New Roman, serif\"><span style=\"font-size: large;\" size=\"4\"><span style=\"font-style: normal;\"><br \/> HORA:20:00 fins 21:30 hores<br \/> LLOC: ACPV-Casal Jaume I d&#8217;Elx<br \/> PREU: 35 \u20ac al mes +( 5 \u20ac MATR\u00cdCULA)<\/span><\/span><\/span><\/span><\/span><\/p>\n<p style=\"margin-bottom: 0cm;\"><span style=\"font-family: Amaranth; font-size: medium; font-weight: normal;\" face=\"Times New Roman, serif\"><span size=\"3\"><span style=\"color: #ff3333;\" color=\"#ff3333\"><span size=\"4\"><span style=\"font-style: normal;\">CURS DE RUS <\/span><\/span><\/span><span style=\"color: #1d2129;\" color=\"#1d2129\"><span lang=\"zxx\"><span style=\"font-style: normal;\">(Mestra: Sof\u00eda Proca Simi\u00f3n) <\/span><\/span><\/span><br \/> <span style=\"color: #1d2129;\" color=\"#1d2129\"><span size=\"4\"><span style=\"font-style: normal;\">DIA: <\/span><\/span><\/span><span style=\"color: #3333ff;\" color=\"#3333ff\"><span size=\"4\"><span style=\"font-style: normal;\">per determinar<\/span><\/span><\/span><span style=\"color: #0000ff;\" color=\"#0000ff\"> <\/span><span style=\"color: #1d2129;\" color=\"#1d2129\"><span size=\"4\"><span style=\"font-style: normal;\"><br \/> HORA: per determinar<\/span><\/span><\/span><span style=\"color: #0000ff;\" color=\"#0000ff\"> <\/span><span style=\"color: #1d2129;\" color=\"#1d2129\"><span size=\"4\"><span style=\"font-style: normal;\"><br \/> LLOC: ACPV-Casal Jaume I d&#8217;Elx<br \/> PREU: 30 \u20ac al mes +( 5 \u20ac MATR\u00cdCULA)<\/span><\/span><\/span><\/span><\/span><\/p>\n<p style=\"margin-bottom: 0cm;\"><span style=\"font-family: Amaranth; font-weight: normal;\"><span style=\"color: #ff3333;\" color=\"#ff3333\"><span face=\"Times New Roman, serif\"><span style=\"font-size: large;\" size=\"4\"><span style=\"font-style: normal;\">CURS DE ROMAN\u00c8S<\/span><\/span><\/span><\/span><span style=\"color: #ff3333;\" color=\"#ff3333\"><span face=\"Times New Roman, serif\"><span style=\"font-size: medium;\" size=\"3\"><span style=\"font-style: normal;\"> <\/span><\/span><\/span><\/span><span style=\"color: #1d2129;\" color=\"#1d2129\"><span face=\"Times New Roman, serif\"><span style=\"font-size: medium;\" size=\"3\"><span lang=\"zxx\"><span style=\"font-style: normal;\">(Mestra: Sof\u00eda Proca Simi\u00f3n) <\/span><\/span><\/span><\/span><\/span><span face=\"Times New Roman, serif\"><span style=\"font-size: medium;\" size=\"3\"><br \/> <\/span><\/span><span style=\"color: #1d2129;\" color=\"#1d2129\"><span face=\"Times New Roman,          serif\"><span style=\"font-size: large;\" size=\"4\"><span style=\"font-style: normal;\">DIA: <\/span><\/span><\/span><\/span><span style=\"color: #3333ff;\" color=\"#3333ff\"><span face=\"Times New Roman, serif\"><span style=\"font-size: large;\" size=\"4\"><span style=\"font-style: normal;\">per determinar<\/span><\/span><\/span><\/span><span style=\"color: #0000ff;\" color=\"#0000ff\"><span face=\"Times New Roman, serif\"><span style=\"font-size: medium;\" size=\"3\"> <\/span><\/span><\/span><span style=\"color: #1d2129;\" color=\"#1d2129\"><span face=\"Times          New Roman, serif\"><span style=\"font-size: large;\" size=\"4\"><span style=\"font-style: normal;\"><br \/> HORA: per determinar<\/span><\/span><\/span><\/span><span style=\"color: #0000ff;\" color=\"#0000ff\"><span face=\"Times New Roman, serif\"><span style=\"font-size: medium;\" size=\"3\"> <\/span><\/span><\/span><span style=\"color: #1d2129;\" color=\"#1d2129\"><span face=\"Times          New Roman, serif\"><span style=\"font-size: large;\" size=\"4\"><span style=\"font-style: normal;\"><br \/> LLOC: ACPV-Casal Jaume I d&#8217;Elx<br \/> PREU: 30 \u20ac al mes +( 5 \u20ac MATR\u00cdCULA)<\/span><\/span><\/span><\/span><\/span><\/p>\n<p style=\"margin-bottom: 0cm;\"><span style=\"font-family: Amaranth; font-size: medium; font-weight: normal;\" face=\"Times New Roman, serif\"><span size=\"3\"><span style=\"color: #ff3333;\" color=\"#ff3333\"><span size=\"4\"><span style=\"font-style: normal;\">CURS D&#8217;ITALI\u00c0<\/span><\/span><\/span><span style=\"color: #ff3333;\" color=\"#ff3333\"><span style=\"font-style: normal;\"> <\/span><\/span><span style=\"color: #1d2129;\" color=\"#1d2129\"><span lang=\"zxx\"><span style=\"font-style: normal;\">(Mestra: Sof\u00eda Proca Simi\u00f3n) <\/span><\/span><\/span><br \/> <span style=\"color: #1d2129;\" color=\"#1d2129\"><span size=\"4\"><span style=\"font-style: normal;\">DIA: <\/span><\/span><\/span><span style=\"color: #3333ff;\" color=\"#3333ff\"><span size=\"4\"><span style=\"font-style: normal;\">per determinar<\/span><\/span><\/span><span style=\"color: #0000ff;\" color=\"#0000ff\"> <\/span><span style=\"color: #1d2129;\" color=\"#1d2129\"><span size=\"4\"><span style=\"font-style: normal;\"><br \/> HORA: per determinar<\/span><\/span><\/span><span style=\"color: #0000ff;\" color=\"#0000ff\"> <\/span><span style=\"color: #1d2129;\" color=\"#1d2129\"><span size=\"4\"><span style=\"font-style: normal;\"><br \/> LLOC: ACPV-Casal Jaume I d&#8217;Elx<br \/> PREU: 30 \u20ac al mes +( 5 \u20ac MATR\u00cdCULA)<\/span><\/span><\/span><\/span><\/span><\/p>\n<p style=\"margin-bottom: 0cm;\"><span style=\"font-family: Amaranth; font-weight: normal;\"><span style=\"color: #ff0000;\" color=\"#ff0000\"><span face=\"Times New Roman, serif\"><span style=\"font-size: large;\" size=\"4\"><i>CLUB DE LECTURA DEL CASAL:<\/i><br \/> <\/span><\/span><\/span><span style=\"color: #ff0000;\" color=\"#ff0000\"><\/span><span face=\"Times New Roman, serif\"><span style=\"font-size: large;\" size=\"4\">DIA: (1 dijous al mes consulteu&#8230;)<br \/> <\/span><\/span><span face=\"Times New Roman, serif\"><span style=\"font-size: large;\" size=\"4\">HORA: 20:00 hores fins a les 22:00 hores<br \/> <\/span><\/span><span face=\"Times New Roman, serif\"><span style=\"font-size: large;\" size=\"4\">LLOC: ACPV-Casal Jaume I d&#8217;Elx<\/span><\/span><\/span><\/p>\n<p>&nbsp;<\/p>\n<div class=\"h5ab-print-button-container\"><\/div>\n<\/div>[\/et_pb_text][\/et_pb_column][\/et_pb_row][\/et_pb_section]\n","protected":false},"excerpt":{"rendered":"<p>Apunta&#8217;t als cursos del Casal !!.  Cursos que comen\u00e7aran al completar el n\u00famero m\u00ednim de persones.: EUSKARA, DANSES TRADICIONALS, TRENAR L&#8217;ESPART, CATAL\u00c0: Mitj\u00e0 C1,<br \/>\nPINTURA I DIBUIX PER A XIQUETS I ADULTS, GUITARRA, etc.<\/p>\n","protected":false},"author":1,"featured_media":3182,"comment_status":"open","ping_status":"open","sticky":false,"template":"","format":"standard","meta":{"_et_pb_use_builder":"on","_et_pb_old_content":"<img class=\" wp-image-1522 aligncenter\" src=\"http:\/\/raval.es\/elx\/wp-content\/uploads\/2017\/07\/jurassic-valencia-300x150.jpg\" alt=\"\" width=\"421\" height=\"214\" \/>Aquest dissabte a les 22:00h tenim una nova projecci\u00f3 del II CICLE DE CINEMA A LA FRESCA EN VALENCI\u00c0 a la Pla\u00e7a Major del Raval.\n\nNo arribes tard!\n\nOrganitzat pel Tempir amb la col\u00b7laboraci\u00f3 de la UMH, Ajuntament d'Elx i l'Associaci\u00f3 de Ve\u00efns Raval Nou\n\n<img class=\"alignnone size-medium wp-image-1520\" src=\"http:\/\/raval.es\/elx\/wp-content\/uploads\/2017\/07\/patrociniscinema-300x40.jpg\" alt=\"\" width=\"300\" height=\"40\" \/>","_et_gb_content_width":"","_joinchat":[],"footnotes":""},"categories":[94,51],"tags":[],"class_list":["post-3176","post","type-post","status-publish","format-standard","has-post-thumbnail","hentry","category-94","category-noticias"],"_links":{"self":[{"href":"https:\/\/raval.es\/elx\/wp-json\/wp\/v2\/posts\/3176","targetHints":{"allow":["GET"]}}],"collection":[{"href":"https:\/\/raval.es\/elx\/wp-json\/wp\/v2\/posts"}],"about":[{"href":"https:\/\/raval.es\/elx\/wp-json\/wp\/v2\/types\/post"}],"author":[{"embeddable":true,"href":"https:\/\/raval.es\/elx\/wp-json\/wp\/v2\/users\/1"}],"replies":[{"embeddable":true,"href":"https:\/\/raval.es\/elx\/wp-json\/wp\/v2\/comments?post=3176"}],"version-history":[{"count":3,"href":"https:\/\/raval.es\/elx\/wp-json\/wp\/v2\/posts\/3176\/revisions"}],"predecessor-version":[{"id":3184,"href":"https:\/\/raval.es\/elx\/wp-json\/wp\/v2\/posts\/3176\/revisions\/3184"}],"wp:featuredmedia":[{"embeddable":true,"href":"https:\/\/raval.es\/elx\/wp-json\/wp\/v2\/media\/3182"}],"wp:attachment":[{"href":"https:\/\/raval.es\/elx\/wp-json\/wp\/v2\/media?parent=3176"}],"wp:term":[{"taxonomy":"category","embeddable":true,"href":"https:\/\/raval.es\/elx\/wp-json\/wp\/v2\/categories?post=3176"},{"taxonomy":"post_tag","embeddable":true,"href":"https:\/\/raval.es\/elx\/wp-json\/wp\/v2\/tags?post=3176"}],"curies":[{"name":"wp","href":"https:\/\/api.w.org\/{rel}","templated":true}]}}