{"id":3217,"date":"2019-09-12T16:37:47","date_gmt":"2019-09-12T16:37:47","guid":{"rendered":"http:\/\/raval.es\/elx\/?p=3217"},"modified":"2022-08-05T12:45:56","modified_gmt":"2022-08-05T12:45:56","slug":"accioclimatica","status":"publish","type":"post","link":"https:\/\/raval.es\/elx\/accioclimatica\/","title":{"rendered":"ACCI\u00d3 CLIM\u00c0TICA: Reptes i Propostes &#8211; 20Sep19h."},"content":{"rendered":"<div id=\"fb-root\"><\/div>\n\n<div class=\"wp-block-columns has-2-columns is-layout-flex wp-container-core-columns-is-layout-9d6595d7 wp-block-columns-is-layout-flex\">\n<div class=\"wp-block-column is-layout-flow wp-block-column-is-layout-flow\">\n<div class=\"wp-block-image\"><figure class=\"aligncenter\"><img loading=\"lazy\" decoding=\"async\" width=\"724\" height=\"1024\" src=\"http:\/\/raval.es\/elx\/wp-content\/uploads\/2019\/09\/accio_climc3a0tica_elx_ape-724x1024.jpg\" alt=\"\" class=\"wp-image-3218\" srcset=\"http:\/\/raval.es\/elx\/wp-content\/uploads\/2019\/09\/accio_climc3a0tica_elx_ape-724x1024.jpg 724w, http:\/\/raval.es\/elx\/wp-content\/uploads\/2019\/09\/accio_climc3a0tica_elx_ape-480x679.jpg 480w\" sizes=\"auto, (min-width: 0px) and (max-width: 480px) 480px, (min-width: 481px) 724px, 100vw\" \/><\/figure><\/div>\n\n\n\n<p><\/p>\n<\/div>\n\n\n\n<div class=\"wp-block-column is-layout-flow wp-block-column-is-layout-flow\">\n<p>Divendres 20 de setembre 2019<br>19:00 h.<br>Centre Social Raval&nbsp;&#8211; C\/ Boix i Rosario, 2 <br>Elx<\/p>\n\n\n\n<p><strong>Comunicaci\u00f3 i medi ambient<\/strong> <br><em>Acci\u00f3 clim\u00e0tica al nostre territori: reptes i propostes (no nom\u00e9s) per a periodistes<strong>&nbsp;<\/strong><\/em><\/p>\n\n\n\n<p>Amb la participaci\u00f3 de<\/p>\n\n\n\n<p><strong>Eduardo Robaina,<\/strong> La Marea&nbsp;<br><strong>Helena Prima Garcia, <\/strong>Ecologistes en Acci\u00f3 <br><strong>Julia Mart\u00ednez, <\/strong>Fundaci\u00f3n Nueva Cultura del Agua&nbsp;<br><strong>Marga Guill\u00f3 Dur\u00e0<\/strong>, ADR Camp d\u2019Elx&nbsp;<\/p>\n\n\n\n<p>Formaci\u00f3 per a periodistes sobre medi ambient, territori i ecologisme amb l&#8217;objectiu de millorar la comunicaci\u00f3 ambiental, potenciar el periodisme ambiental local, crear espais d\u2019encontre i di\u00e0leg amb activistes\/expertes en medi ambient per a compartir coneixements, plantejar dubtes, proposar nous enfocaments i tractaments informatius, intercanviar contactes i recursos; i impulsar la comunicaci\u00f3 comunit\u00e0ria, participativa, cooperativa, compromesa amb la gent i el territori.  <\/p>\n\n\n\n<p>Activitat col.lectiva i cooperativa, organitzada conjuntament amb els col.lectius Margall\u00f3 Ecologistes en Acci\u00f3 Elx, Des de Baix Elx, Plataforma Residuo 0, Activistes d&#8217;Elx i Alonis, entre d&#8217;altres.  <\/p>\n<\/div>\n<\/div>\n","protected":false},"excerpt":{"rendered":"<p>Divendres 20 de setembre 2019<br \/>\n19:00 h.<br \/>\nCentre Social Raval &#8211; C\/ Boix i Rosario, 2 -Elx<br \/>\nEspai de Comunicaci\u00f3 amb l&#8217;objectiu de millorar la comunicaci\u00f3 ambiental, potenciar el periodisme ambiental local&#8230;<\/p>\n","protected":false},"author":1,"featured_media":3219,"comment_status":"closed","ping_status":"open","sticky":false,"template":"","format":"standard","meta":{"_et_pb_use_builder":"off","_et_pb_old_content":"<img class=\" wp-image-1522 aligncenter\" src=\"http:\/\/raval.es\/elx\/wp-content\/uploads\/2017\/07\/jurassic-valencia-300x150.jpg\" alt=\"\" width=\"421\" height=\"214\" \/>Aquest dissabte a les 22:00h tenim una nova projecci\u00f3 del II CICLE DE CINEMA A LA FRESCA EN VALENCI\u00c0 a la Pla\u00e7a Major del Raval.\n\nNo arribes tard!\n\nOrganitzat pel Tempir amb la col\u00b7laboraci\u00f3 de la UMH, Ajuntament d'Elx i l'Associaci\u00f3 de Ve\u00efns Raval Nou\n\n<img class=\"alignnone size-medium wp-image-1520\" src=\"http:\/\/raval.es\/elx\/wp-content\/uploads\/2017\/07\/patrociniscinema-300x40.jpg\" alt=\"\" width=\"300\" height=\"40\" \/>","_et_gb_content_width":"","_joinchat":[],"footnotes":""},"categories":[94,64,96],"tags":[],"class_list":["post-3217","post","type-post","status-publish","format-standard","has-post-thumbnail","hentry","category-94","category-actividades","category-la-trobada-2019"],"_links":{"self":[{"href":"https:\/\/raval.es\/elx\/wp-json\/wp\/v2\/posts\/3217","targetHints":{"allow":["GET"]}}],"collection":[{"href":"https:\/\/raval.es\/elx\/wp-json\/wp\/v2\/posts"}],"about":[{"href":"https:\/\/raval.es\/elx\/wp-json\/wp\/v2\/types\/post"}],"author":[{"embeddable":true,"href":"https:\/\/raval.es\/elx\/wp-json\/wp\/v2\/users\/1"}],"replies":[{"embeddable":true,"href":"https:\/\/raval.es\/elx\/wp-json\/wp\/v2\/comments?post=3217"}],"version-history":[{"count":6,"href":"https:\/\/raval.es\/elx\/wp-json\/wp\/v2\/posts\/3217\/revisions"}],"predecessor-version":[{"id":3349,"href":"https:\/\/raval.es\/elx\/wp-json\/wp\/v2\/posts\/3217\/revisions\/3349"}],"wp:featuredmedia":[{"embeddable":true,"href":"https:\/\/raval.es\/elx\/wp-json\/wp\/v2\/media\/3219"}],"wp:attachment":[{"href":"https:\/\/raval.es\/elx\/wp-json\/wp\/v2\/media?parent=3217"}],"wp:term":[{"taxonomy":"category","embeddable":true,"href":"https:\/\/raval.es\/elx\/wp-json\/wp\/v2\/categories?post=3217"},{"taxonomy":"post_tag","embeddable":true,"href":"https:\/\/raval.es\/elx\/wp-json\/wp\/v2\/tags?post=3217"}],"curies":[{"name":"wp","href":"https:\/\/api.w.org\/{rel}","templated":true}]}}