{"id":3334,"date":"2019-09-25T12:30:08","date_gmt":"2019-09-25T12:30:08","guid":{"rendered":"http:\/\/raval.es\/elx\/?p=3334"},"modified":"2022-08-05T12:44:50","modified_gmt":"2022-08-05T12:44:50","slug":"palmerapinturat2","status":"publish","type":"post","link":"https:\/\/raval.es\/elx\/palmerapinturat2\/","title":{"rendered":"La Palmera en la Pintura"},"content":{"rendered":"<div id=\"fb-root\"><\/div>\n\n<div class=\"wp-block-columns has-2-columns is-layout-flex wp-container-core-columns-is-layout-9d6595d7 wp-block-columns-is-layout-flex\">\n<div class=\"wp-block-column is-layout-flow wp-block-column-is-layout-flow\">\n<div class=\"wp-block-image\"><figure class=\"aligncenter\"><img loading=\"lazy\" decoding=\"async\" width=\"705\" height=\"1024\" src=\"http:\/\/raval.es\/elx\/wp-content\/uploads\/2019\/09\/palmerapinturaa4-705x1024.jpg\" alt=\"\" class=\"wp-image-3335\"\/><\/figure><\/div>\n\n\n\n<p><\/p>\n<\/div>\n\n\n\n<div class=\"wp-block-column is-layout-flow wp-block-column-is-layout-flow\">\n<p>Dissabte, 28 de setembre 2019<br>18:30 h.<br>Centre Social Raval\u00a0<br>C\/ Boix i Rosario, 2  &#8211; Elx<\/p>\n\n\n\n<p>Una intetesant confer\u00e8ncia de<br><strong><em>Maria Jos\u00e9 Bernab\u00e9<\/em><\/strong><\/p>\n\n\n\n<p>Organitzat per l&#8217;<a href=\"https:\/\/www.facebook.com\/pg\/bellasarteselche\">Associaci\u00f3 de Belles Arts d&#8217;Elx<\/a><\/p>\n<\/div>\n<\/div>\n\n\n\n<p><\/p>\n","protected":false},"excerpt":{"rendered":"<p>Conferencia a cargo de Mar\u00eda Jos\u00e9 Bernab\u00e9<br \/>\nCentre Social Raval <\/p>\n","protected":false},"author":1,"featured_media":3338,"comment_status":"closed","ping_status":"open","sticky":false,"template":"","format":"standard","meta":{"_et_pb_use_builder":"off","_et_pb_old_content":"<!-- wp:columns -->\n<div class=\"wp-block-columns has-2-columns\"><!-- wp:column -->\n<div class=\"wp-block-column\"><!-- wp:image {\"id\":3239,\"align\":\"center\"} -->\n<div class=\"wp-block-image\"><figure class=\"aligncenter\"><img src=\"http:\/\/raval.es\/elx\/wp-content\/uploads\/2019\/09\/expojovesabae-706x1024.jpg\" alt=\"\" class=\"wp-image-3239\"\/><\/figure><\/div>\n<!-- \/wp:image -->\n\n<!-- wp:paragraph -->\n<p><\/p>\n<!-- \/wp:paragraph --><\/div>\n<!-- \/wp:column -->\n\n<!-- wp:column -->\n<div class=\"wp-block-column\"><!-- wp:paragraph -->\n<p>Dijous, 20 de setembre 2019<br>20:00 h.<br>Centre Social Raval\u00a0<br>C\/ Boix i Rosario, 2  - Elx<\/p>\n<!-- \/wp:paragraph -->\n\n<!-- wp:paragraph -->\n<p>Una significativa mostra del talent del m\u00e9s joves de l'Associaci\u00f3<\/p>\n<!-- \/wp:paragraph -->\n\n<!-- wp:paragraph -->\n<p>Organitzat per l'Associaci\u00f3 de Belles Arts d'Elx<\/p>\n<!-- \/wp:paragraph --><\/div>\n<!-- \/wp:column --><\/div>\n<!-- \/wp:columns -->\n\n<!-- wp:paragraph -->\n<p><\/p>\n<!-- \/wp:paragraph -->","_et_gb_content_width":"","_joinchat":[],"footnotes":""},"categories":[94,64,96],"tags":[],"class_list":["post-3334","post","type-post","status-publish","format-standard","has-post-thumbnail","hentry","category-94","category-actividades","category-la-trobada-2019"],"_links":{"self":[{"href":"https:\/\/raval.es\/elx\/wp-json\/wp\/v2\/posts\/3334","targetHints":{"allow":["GET"]}}],"collection":[{"href":"https:\/\/raval.es\/elx\/wp-json\/wp\/v2\/posts"}],"about":[{"href":"https:\/\/raval.es\/elx\/wp-json\/wp\/v2\/types\/post"}],"author":[{"embeddable":true,"href":"https:\/\/raval.es\/elx\/wp-json\/wp\/v2\/users\/1"}],"replies":[{"embeddable":true,"href":"https:\/\/raval.es\/elx\/wp-json\/wp\/v2\/comments?post=3334"}],"version-history":[{"count":1,"href":"https:\/\/raval.es\/elx\/wp-json\/wp\/v2\/posts\/3334\/revisions"}],"predecessor-version":[{"id":3337,"href":"https:\/\/raval.es\/elx\/wp-json\/wp\/v2\/posts\/3334\/revisions\/3337"}],"wp:featuredmedia":[{"embeddable":true,"href":"https:\/\/raval.es\/elx\/wp-json\/wp\/v2\/media\/3338"}],"wp:attachment":[{"href":"https:\/\/raval.es\/elx\/wp-json\/wp\/v2\/media?parent=3334"}],"wp:term":[{"taxonomy":"category","embeddable":true,"href":"https:\/\/raval.es\/elx\/wp-json\/wp\/v2\/categories?post=3334"},{"taxonomy":"post_tag","embeddable":true,"href":"https:\/\/raval.es\/elx\/wp-json\/wp\/v2\/tags?post=3334"}],"curies":[{"name":"wp","href":"https:\/\/api.w.org\/{rel}","templated":true}]}}