{"id":3447,"date":"2019-10-16T21:39:21","date_gmt":"2019-10-16T21:39:21","guid":{"rendered":"http:\/\/raval.es\/elx\/?p=3447"},"modified":"2019-10-18T18:08:37","modified_gmt":"2019-10-18T18:08:37","slug":"elsaljubs","status":"publish","type":"post","link":"https:\/\/raval.es\/elx\/elsaljubs\/","title":{"rendered":"ELS ALJUBS"},"content":{"rendered":"<div id=\"fb-root\"><\/div>\n\n<div class=\"wp-block-columns has-2-columns is-layout-flex wp-container-core-columns-is-layout-9d6595d7 wp-block-columns-is-layout-flex\">\n<div class=\"wp-block-column is-layout-flow wp-block-column-is-layout-flow\">\n<div class=\"et_pb_slider et_pb_slider_fullwidth_off et_pb_gallery_post_type\">\n\t\t\t\t<div class=\"et_pb_slides\">\n\t\t\t\t\t<div class=\"et_pb_slide\" style=\"background: url(https:\/\/raval.es\/elx\/wp-content\/uploads\/2019\/10\/aljibe2.jpg);\"><\/div>\n\t\t\t\t<\/div>\n\t\t\t<\/div>\n\n\n\n<p><\/p>\n<\/div>\n\n\n\n<div class=\"wp-block-column is-layout-flow wp-block-column-is-layout-flow\">\n<p>Dijous, 18 d&#8217;Octubre 2019<br>19:30 h.<br>Centre Social Raval\u00a0<br>C\/ Boix i Rosario, 2  &#8211; Elx<\/p>\n\n\n\n<p>Una interesant confer\u00e8ncia d&#8217;<br><strong><em>Bel\u00e9n Carrillo<\/em><\/strong><br><em>Arque\u00f3loga, colaboradora de la Universitat d&#8217;Alacant i membre d&#8217;\u00c0gora d&#8217;Elx<\/em><\/p>\n\n\n\n<p>Organitzat per l&#8217;<a href=\"http:\/\/alonis.net\">Associaci\u00f3 Alonis<\/a><\/p>\n<\/div>\n<\/div>\n\n\n\n<p>Si  vols saber m\u00e9s sobre la recollida i emmagatzematge de l&#8217;aigua de pluja,  amb els Aljubs, o est\u00e0s pensant a fer un, no et pots perdre el nostre  pr\u00f2xim esdeveniment.<br><strong>Bel\u00e9n Carrillo<\/strong> ens ensenyar\u00e0 la riquesa dels  aljubs: la seua hist\u00f2ria, localitzaci\u00f3 i la seua evoluci\u00f3 en la hist\u00f2ria  com a element cultural.<br>\u00c9s, sens dubte, un tema de primer ordre i  tenim la gran sort de comptar amb informaci\u00f3 de qualitat , at\u00e8s que,  Bel\u00e9n Carrillo \u00e9s arque\u00f2loga i entre altres activitats, col\u00b7labora en  projectes en la Universitat d&#8217;Alacant, \u00e9s membre de l&#8217;Associaci\u00f3 \u00c0gora  D&#8217;Elx i Presidenta de l&#8217;Associaci\u00f3 d&#8217;Amics d&#8217;Ilici -L&#8217;Alcudia  (Asadilla)<br><\/p>\n","protected":false},"excerpt":{"rendered":"<p>Dijous, 18 d&#8217;Octubre 2019 &#8211; 19:30 h. Centre Social Raval<br \/>\nConfer\u00e8ncia de Bel\u00e9n Carrillo<\/p>\n","protected":false},"author":1,"featured_media":3446,"comment_status":"open","ping_status":"open","sticky":false,"template":"","format":"standard","meta":{"_et_pb_use_builder":"off","_et_pb_old_content":"<!-- wp:columns -->\n<div class=\"wp-block-columns has-2-columns\"><!-- wp:column -->\n<div class=\"wp-block-column\"><!-- wp:image {\"id\":3239,\"align\":\"center\"} -->\n<div class=\"wp-block-image\"><figure class=\"aligncenter\"><img src=\"http:\/\/raval.es\/elx\/wp-content\/uploads\/2019\/09\/expojovesabae-706x1024.jpg\" alt=\"\" class=\"wp-image-3239\"\/><\/figure><\/div>\n<!-- \/wp:image -->\n\n<!-- wp:paragraph -->\n<p><\/p>\n<!-- \/wp:paragraph --><\/div>\n<!-- \/wp:column -->\n\n<!-- wp:column -->\n<div class=\"wp-block-column\"><!-- wp:paragraph -->\n<p>Dijous, 20 de setembre 2019<br>20:00 h.<br>Centre Social Raval\u00a0<br>C\/ Boix i Rosario, 2  - Elx<\/p>\n<!-- \/wp:paragraph -->\n\n<!-- wp:paragraph -->\n<p>Una significativa mostra del talent del m\u00e9s joves de l'Associaci\u00f3<\/p>\n<!-- \/wp:paragraph -->\n\n<!-- wp:paragraph -->\n<p>Organitzat per l'Associaci\u00f3 de Belles Arts d'Elx<\/p>\n<!-- \/wp:paragraph --><\/div>\n<!-- \/wp:column --><\/div>\n<!-- \/wp:columns -->\n\n<!-- wp:paragraph -->\n<p><\/p>\n<!-- \/wp:paragraph -->","_et_gb_content_width":"","_joinchat":[],"footnotes":""},"categories":[94,64],"tags":[],"class_list":["post-3447","post","type-post","status-publish","format-standard","has-post-thumbnail","hentry","category-94","category-actividades"],"_links":{"self":[{"href":"https:\/\/raval.es\/elx\/wp-json\/wp\/v2\/posts\/3447","targetHints":{"allow":["GET"]}}],"collection":[{"href":"https:\/\/raval.es\/elx\/wp-json\/wp\/v2\/posts"}],"about":[{"href":"https:\/\/raval.es\/elx\/wp-json\/wp\/v2\/types\/post"}],"author":[{"embeddable":true,"href":"https:\/\/raval.es\/elx\/wp-json\/wp\/v2\/users\/1"}],"replies":[{"embeddable":true,"href":"https:\/\/raval.es\/elx\/wp-json\/wp\/v2\/comments?post=3447"}],"version-history":[{"count":3,"href":"https:\/\/raval.es\/elx\/wp-json\/wp\/v2\/posts\/3447\/revisions"}],"predecessor-version":[{"id":3451,"href":"https:\/\/raval.es\/elx\/wp-json\/wp\/v2\/posts\/3447\/revisions\/3451"}],"wp:featuredmedia":[{"embeddable":true,"href":"https:\/\/raval.es\/elx\/wp-json\/wp\/v2\/media\/3446"}],"wp:attachment":[{"href":"https:\/\/raval.es\/elx\/wp-json\/wp\/v2\/media?parent=3447"}],"wp:term":[{"taxonomy":"category","embeddable":true,"href":"https:\/\/raval.es\/elx\/wp-json\/wp\/v2\/categories?post=3447"},{"taxonomy":"post_tag","embeddable":true,"href":"https:\/\/raval.es\/elx\/wp-json\/wp\/v2\/tags?post=3447"}],"curies":[{"name":"wp","href":"https:\/\/api.w.org\/{rel}","templated":true}]}}