{"id":3520,"date":"2019-11-06T14:37:52","date_gmt":"2019-11-06T14:37:52","guid":{"rendered":"http:\/\/raval.es\/elx\/?p=3520"},"modified":"2019-11-06T14:42:49","modified_gmt":"2019-11-06T14:42:49","slug":"tempirpremi","status":"publish","type":"post","link":"https:\/\/raval.es\/elx\/tempirpremi\/","title":{"rendered":"El Tempir ens premia a l&#8217;AV RAVAL"},"content":{"rendered":"<div id=\"fb-root\"><\/div>\n<h4><img loading=\"lazy\" decoding=\"async\" class=\"alignnone size-medium wp-image-3521\" src=\"http:\/\/raval.es\/elx\/wp-content\/uploads\/2019\/11\/tempir-premi-300x225.jpg\" alt=\"\" width=\"300\" height=\"225\" \/><\/h4>\n<p>Resulta un afalac que una entitat del prestigi del Tempir s&#8217;haja fixat en la nostra associaci\u00f3 ve\u00efnal i, a m\u00e9s, ens valore de manera tan generosa. \u00c9s un est\u00edmul m\u00e9s (per si ten\u00edem pocs ja) per a seguir creixent i millorant. Enormement agra\u00efts.<br \/><br \/><span id=\"fbPhotoSnowliftCaption\" class=\"fbPhotosPhotoCaption\" tabindex=\"0\" aria-live=\"polite\" data-ft=\"{&quot;tn&quot;:&quot;K&quot;}\"><span class=\"hasCaption\">\u00abLa Junta Directiva d&#8217;El Tempir concedeix per unanimitat el VII Premi El Tempir en la categoria d&#8217;Elx a l&#8217;Associaci\u00f3 de Ve\u00efns del Raval. Les raons d&#8217;aquesta concessi\u00f3 s\u00f3n principalment dos: la primera, la seua tasca dinamitzadora del teixit social i c\u00edvic del barri del Raval; i la segona, per l\u2019\u00fas exemplar i coherent en la defensa i la promoci\u00f3 del valenci\u00e0 en totes les seues activitats. El pr\u00f2xim 9 de novembre, al restaurant Nugolat d&#8217;Elx, a partir de les 21 h, tindr\u00e0 lloc la concessi\u00f3 d&#8217;aquest guard\u00f3. \u00ab<\/span><\/span><\/p>\n\n\n<figure><iframe loading=\"lazy\" src=\"https:\/\/www.facebook.com\/plugins\/post.php?href=https%3A%2F%2Fwww.facebook.com%2Fpermalink.php%3Fstory_fbid%3D2505135656375117%26id%3D1610862595802432&amp;width=500\" width=\"500\" height=\"626\"><\/iframe><\/figure>\n","protected":false},"excerpt":{"rendered":"<p>Resulta un afalac que una entitat del prestigi del Tempir s&#8217;haja fixat en la nostra associaci\u00f3 ve\u00efnal i, a m\u00e9s, ens valore de manera tan generosa.<\/p>\n","protected":false},"author":1,"featured_media":3521,"comment_status":"open","ping_status":"open","sticky":false,"template":"","format":"standard","meta":{"_et_pb_use_builder":"","_et_pb_old_content":"","_et_gb_content_width":"","_joinchat":[],"footnotes":""},"categories":[94,51],"tags":[],"class_list":["post-3520","post","type-post","status-publish","format-standard","has-post-thumbnail","hentry","category-94","category-noticias"],"_links":{"self":[{"href":"https:\/\/raval.es\/elx\/wp-json\/wp\/v2\/posts\/3520","targetHints":{"allow":["GET"]}}],"collection":[{"href":"https:\/\/raval.es\/elx\/wp-json\/wp\/v2\/posts"}],"about":[{"href":"https:\/\/raval.es\/elx\/wp-json\/wp\/v2\/types\/post"}],"author":[{"embeddable":true,"href":"https:\/\/raval.es\/elx\/wp-json\/wp\/v2\/users\/1"}],"replies":[{"embeddable":true,"href":"https:\/\/raval.es\/elx\/wp-json\/wp\/v2\/comments?post=3520"}],"version-history":[{"count":5,"href":"https:\/\/raval.es\/elx\/wp-json\/wp\/v2\/posts\/3520\/revisions"}],"predecessor-version":[{"id":3526,"href":"https:\/\/raval.es\/elx\/wp-json\/wp\/v2\/posts\/3520\/revisions\/3526"}],"wp:featuredmedia":[{"embeddable":true,"href":"https:\/\/raval.es\/elx\/wp-json\/wp\/v2\/media\/3521"}],"wp:attachment":[{"href":"https:\/\/raval.es\/elx\/wp-json\/wp\/v2\/media?parent=3520"}],"wp:term":[{"taxonomy":"category","embeddable":true,"href":"https:\/\/raval.es\/elx\/wp-json\/wp\/v2\/categories?post=3520"},{"taxonomy":"post_tag","embeddable":true,"href":"https:\/\/raval.es\/elx\/wp-json\/wp\/v2\/tags?post=3520"}],"curies":[{"name":"wp","href":"https:\/\/api.w.org\/{rel}","templated":true}]}}