{"id":3531,"date":"2019-11-13T13:56:21","date_gmt":"2019-11-13T13:56:21","guid":{"rendered":"http:\/\/raval.es\/elx\/?p=3531"},"modified":"2019-11-26T20:00:13","modified_gmt":"2019-11-26T20:00:13","slug":"elxhistora-2","status":"publish","type":"post","link":"https:\/\/raval.es\/elx\/elxhistora-2\/","title":{"rendered":"ELX A TRAV\u00c9S DE L&#8217;HIST\u00d2RIA"},"content":{"rendered":"<div id=\"fb-root\"><\/div>\n\n<div class=\"wp-block-columns has-2-columns is-layout-flex wp-container-core-columns-is-layout-9d6595d7 wp-block-columns-is-layout-flex\">\n<div class=\"wp-block-column is-layout-flow wp-block-column-is-layout-flow\">\n<div class=\"wp-block-image\"><figure class=\"aligncenter\"><img loading=\"lazy\" decoding=\"async\" width=\"647\" height=\"800\" src=\"http:\/\/raval.es\/elx\/wp-content\/uploads\/2019\/11\/Elxatraves2.jpg\" alt=\"\" class=\"wp-image-3532\" srcset=\"http:\/\/raval.es\/elx\/wp-content\/uploads\/2019\/11\/Elxatraves2.jpg 647w, http:\/\/raval.es\/elx\/wp-content\/uploads\/2019\/11\/Elxatraves2-480x594.jpg 480w\" sizes=\"auto, (min-width: 0px) and (max-width: 480px) 480px, (min-width: 481px) 647px, 100vw\" \/><\/figure><\/div>\n\n\n\n<p><\/p>\n<\/div>\n\n\n\n<div class=\"wp-block-column is-layout-flow wp-block-column-is-layout-flow\">\n<p>Dijous, 14 de Novembre 2019<br>19:30 h.<br>Centre Social Raval\u00a0<br>C\/ Boix i Rosario, 2  &#8211; Elx<\/p>\n\n\n\n<p>Tres interesants xerrades:<\/p>\n\n\n\n<ul class=\"wp-block-list\"><li><strong>UN PASSEIG ARQUEOL\u00d2GIC PEL TERRITORI<\/strong> amb<br><strong><em>Bel\u00e9n Carrillo<\/em><\/strong>, <em>Llicenciada en Hist\u00f2ria<\/em><\/li><li><strong>EL PALMERAR, UN TERRITORI MODELAT<\/strong> amb<br><strong><em>Anna \u00c1lvarez<\/em><\/strong>, <em>Llicenciada en Hist\u00f2ria<\/em><\/li><li> <strong>ELX, ELS AVATARS DEL PATRIMONI CULTURAL<\/strong> amb<br><strong><em>Josu\u00e9 Celdr\u00e1n<\/em><\/strong>, <em>Divulgador cultural<\/em><\/li><\/ul>\n\n\n\n<p>Organitzat per l&#8217;<a href=\"http:\/\/volempalmerar.es\">Associaci\u00f3 Volem Palmerar<\/a><\/p>\n<\/div>\n<\/div>\n\n\n\n<p>Iniciem un cicle de xarrades-col\u00b7loqui de tipus divulgatiu, que comencen en aquest acte en el Centre Social del Raval. Volem fer un recorregut per la hist\u00f2ria d&#8217;Elx i del seu impressionant patrimoni hist\u00f2ric i cultural.<br>\nCom som conscients que el que no es coneix no es valora, pretenem que els il\u00b7licitans coneguen tant la nostra hist\u00f2ria local com el llegat que ens han deixat els nostres avantpassats, per a despertar en ells l&#8217;inter\u00e8s per un passat que ha donat forma al nostre territori i al nostre car\u00e0cter. <\/p>\n\n\n\n<p>Organitzat per:<\/p>\n\n\n\n<p><img loading=\"lazy\" decoding=\"async\" width=\"100\" height=\"99\" class=\"wp-image-3002\" style=\"width: 100px;\" src=\"http:\/\/raval.es\/elx\/wp-content\/uploads\/2019\/08\/Logo-agora.jpg\" alt=\"\" srcset=\"https:\/\/raval.es\/elx\/wp-content\/uploads\/2019\/08\/Logo-agora.jpg 300w, https:\/\/raval.es\/elx\/wp-content\/uploads\/2019\/08\/Logo-agora-150x150.jpg 150w\" sizes=\"auto, (max-width: 100px) 100vw, 100px\" \/>  <img loading=\"lazy\" decoding=\"async\" width=\"100\" height=\"100\" class=\"wp-image-3534\" style=\"width: 100px;\" src=\"http:\/\/raval.es\/elx\/wp-content\/uploads\/2019\/11\/asadila-logo.jpg\" alt=\"\">  <img loading=\"lazy\" decoding=\"async\" width=\"100\" height=\"98\" class=\"wp-image-3535\" style=\"width: 100px;\" src=\"http:\/\/raval.es\/elx\/wp-content\/uploads\/2019\/11\/elchesingular.png\" alt=\"\" srcset=\"https:\/\/raval.es\/elx\/wp-content\/uploads\/2019\/11\/elchesingular.png 179w, https:\/\/raval.es\/elx\/wp-content\/uploads\/2019\/11\/elchesingular-21x21.png 21w, https:\/\/raval.es\/elx\/wp-content\/uploads\/2019\/11\/elchesingular-36x36.png 36w, https:\/\/raval.es\/elx\/wp-content\/uploads\/2019\/11\/elchesingular-48x48.png 48w\" sizes=\"auto, (max-width: 100px) 100vw, 100px\" \/>  <img loading=\"lazy\" decoding=\"async\" width=\"150\" height=\"75\" class=\"wp-image-2458\" style=\"width: 150px;\" src=\"http:\/\/raval.es\/elx\/wp-content\/uploads\/2018\/10\/AV-logo.png\" alt=\"\" srcset=\"https:\/\/raval.es\/elx\/wp-content\/uploads\/2018\/10\/AV-logo.png 600w, https:\/\/raval.es\/elx\/wp-content\/uploads\/2018\/10\/AV-logo-300x150.png 300w\" sizes=\"auto, (max-width: 150px) 100vw, 150px\" \/><br><\/p>\n","protected":false},"excerpt":{"rendered":"<p>POBLAMENT, PAISATGE I TERRITORI.<br \/>\nDijous, 14 de Novembre 2019 &#8211; 19:30 h. Centre Social Raval.<br \/>\n&#8211; UN PASSEIG ARQUEOL\u00d2GIC PEL TERRITORI<br \/>\n&#8211; EL PALMERAR, UN TERRITORI MODELAT.<br \/>\n&#8211; ELX, ELS AVATARS DEL PATRIMONI CULTURAL <\/p>\n","protected":false},"author":1,"featured_media":3533,"comment_status":"open","ping_status":"open","sticky":false,"template":"","format":"standard","meta":{"_et_pb_use_builder":"off","_et_pb_old_content":"<!-- wp:columns -->\n<div class=\"wp-block-columns has-2-columns\"><!-- wp:column -->\n<div class=\"wp-block-column\"><!-- wp:image {\"id\":3239,\"align\":\"center\"} -->\n<div class=\"wp-block-image\"><figure class=\"aligncenter\"><img src=\"http:\/\/raval.es\/elx\/wp-content\/uploads\/2019\/09\/expojovesabae-706x1024.jpg\" alt=\"\" class=\"wp-image-3239\"\/><\/figure><\/div>\n<!-- \/wp:image -->\n\n<!-- wp:paragraph -->\n<p><\/p>\n<!-- \/wp:paragraph --><\/div>\n<!-- \/wp:column -->\n\n<!-- wp:column -->\n<div class=\"wp-block-column\"><!-- wp:paragraph -->\n<p>Dijous, 20 de setembre 2019<br>20:00 h.<br>Centre Social Raval\u00a0<br>C\/ Boix i Rosario, 2  - Elx<\/p>\n<!-- \/wp:paragraph -->\n\n<!-- wp:paragraph -->\n<p>Una significativa mostra del talent del m\u00e9s joves de l'Associaci\u00f3<\/p>\n<!-- \/wp:paragraph -->\n\n<!-- wp:paragraph -->\n<p>Organitzat per l'Associaci\u00f3 de Belles Arts d'Elx<\/p>\n<!-- \/wp:paragraph --><\/div>\n<!-- \/wp:column --><\/div>\n<!-- \/wp:columns -->\n\n<!-- wp:paragraph -->\n<p><\/p>\n<!-- \/wp:paragraph -->","_et_gb_content_width":"","_joinchat":[],"footnotes":""},"categories":[94,64],"tags":[],"class_list":["post-3531","post","type-post","status-publish","format-standard","has-post-thumbnail","hentry","category-94","category-actividades"],"_links":{"self":[{"href":"https:\/\/raval.es\/elx\/wp-json\/wp\/v2\/posts\/3531","targetHints":{"allow":["GET"]}}],"collection":[{"href":"https:\/\/raval.es\/elx\/wp-json\/wp\/v2\/posts"}],"about":[{"href":"https:\/\/raval.es\/elx\/wp-json\/wp\/v2\/types\/post"}],"author":[{"embeddable":true,"href":"https:\/\/raval.es\/elx\/wp-json\/wp\/v2\/users\/1"}],"replies":[{"embeddable":true,"href":"https:\/\/raval.es\/elx\/wp-json\/wp\/v2\/comments?post=3531"}],"version-history":[{"count":5,"href":"https:\/\/raval.es\/elx\/wp-json\/wp\/v2\/posts\/3531\/revisions"}],"predecessor-version":[{"id":3540,"href":"https:\/\/raval.es\/elx\/wp-json\/wp\/v2\/posts\/3531\/revisions\/3540"}],"wp:featuredmedia":[{"embeddable":true,"href":"https:\/\/raval.es\/elx\/wp-json\/wp\/v2\/media\/3533"}],"wp:attachment":[{"href":"https:\/\/raval.es\/elx\/wp-json\/wp\/v2\/media?parent=3531"}],"wp:term":[{"taxonomy":"category","embeddable":true,"href":"https:\/\/raval.es\/elx\/wp-json\/wp\/v2\/categories?post=3531"},{"taxonomy":"post_tag","embeddable":true,"href":"https:\/\/raval.es\/elx\/wp-json\/wp\/v2\/tags?post=3531"}],"curies":[{"name":"wp","href":"https:\/\/api.w.org\/{rel}","templated":true}]}}