{"id":3616,"date":"2019-12-13T16:52:01","date_gmt":"2019-12-13T16:52:01","guid":{"rendered":"http:\/\/raval.es\/elx\/?p=3616"},"modified":"2019-12-15T11:32:11","modified_gmt":"2019-12-15T11:32:11","slug":"netegemhorts-2","status":"publish","type":"post","link":"https:\/\/raval.es\/elx\/netegemhorts-2\/","title":{"rendered":"YO NAC\u00cd EN CASA DE MI ABUELO"},"content":{"rendered":"<div id=\"fb-root\"><\/div>\n\n<div class=\"wp-block-columns has-2-columns is-layout-flex wp-container-core-columns-is-layout-9d6595d7 wp-block-columns-is-layout-flex\">\n<div class=\"wp-block-column is-layout-flow wp-block-column-is-layout-flow\">\n<figure class=\"wp-block-video\"><video height=\"266\" style=\"aspect-ratio: 400 \/ 266;\" width=\"400\" controls src=\"http:\/\/raval.es\/elx\/wp-content\/uploads\/2019\/12\/NsmTeatro_SD.mp4\"><\/video><\/figure>\n<\/div>\n\n\n\n<div class=\"wp-block-column is-layout-flow wp-block-column-is-layout-flow\">\n<p>Dissabte, 14 de Desembre 2020<br>18:00 h.<br>Centre Sociocultural Raval<br>Boix i Rosario, 2  &#8211; Elx<\/p>\n\n\n\n<p>\u00abRecuerdo muchas cosas de cuando era peque\u00f1o. Mi abuelo se levantaba muy temprano. Nunca sal\u00eda de su habitaci\u00f3n sin cepillarse los zapatos. Encend\u00eda la cocina de le\u00f1a y en invierno, como yo a\u00fan no ten\u00eda que ir a la escuela pon\u00eda rebanadas de pan a tostar en la plancha. El olor me despertaba y enseguida entraba <br>mi abuelo con el  pan caliente.\u00bb <a href=\"http:\/\/nsmteatro.es\">(NSM Teatro)<\/a><br><\/p>\n<\/div>\n<\/div>\n\n\n\n<p>Organitzat per:<\/p>\n\n\n\n<p><img loading=\"lazy\" decoding=\"async\" width=\"150\" height=\"75\" class=\"wp-image-2458\" style=\"width: 150px;\" src=\"http:\/\/raval.es\/elx\/wp-content\/uploads\/2018\/10\/AV-logo.png\" alt=\"\" srcset=\"https:\/\/raval.es\/elx\/wp-content\/uploads\/2018\/10\/AV-logo.png 600w, https:\/\/raval.es\/elx\/wp-content\/uploads\/2018\/10\/AV-logo-300x150.png 300w\" sizes=\"auto, (max-width: 150px) 100vw, 150px\" \/><br><\/p>\n","protected":false},"excerpt":{"rendered":"<p>Dissabte, 14 Desembre- 18h. Centre Social, Pla\u00e7a Major del Raval &#8211; \u00abEl fil de la mem\u00f2ria teixix i entrella\u00e7a els records.\u00bb<br \/>\nENTRADA LLIURE<\/p>\n","protected":false},"author":1,"featured_media":3618,"comment_status":"open","ping_status":"open","sticky":false,"template":"","format":"standard","meta":{"_et_pb_use_builder":"off","_et_pb_old_content":"<!-- wp:columns -->\n<div class=\"wp-block-columns has-2-columns\"><!-- wp:column -->\n<div class=\"wp-block-column\"><!-- wp:image {\"id\":3239,\"align\":\"center\"} -->\n<div class=\"wp-block-image\"><figure class=\"aligncenter\"><img src=\"http:\/\/raval.es\/elx\/wp-content\/uploads\/2019\/09\/expojovesabae-706x1024.jpg\" alt=\"\" class=\"wp-image-3239\"\/><\/figure><\/div>\n<!-- \/wp:image -->\n\n<!-- wp:paragraph -->\n<p><\/p>\n<!-- \/wp:paragraph --><\/div>\n<!-- \/wp:column -->\n\n<!-- wp:column -->\n<div class=\"wp-block-column\"><!-- wp:paragraph -->\n<p>Dijous, 20 de setembre 2019<br>20:00 h.<br>Centre Social Raval\u00a0<br>C\/ Boix i Rosario, 2  - Elx<\/p>\n<!-- \/wp:paragraph -->\n\n<!-- wp:paragraph -->\n<p>Una significativa mostra del talent del m\u00e9s joves de l'Associaci\u00f3<\/p>\n<!-- \/wp:paragraph -->\n\n<!-- wp:paragraph -->\n<p>Organitzat per l'Associaci\u00f3 de Belles Arts d'Elx<\/p>\n<!-- \/wp:paragraph --><\/div>\n<!-- \/wp:column --><\/div>\n<!-- \/wp:columns -->\n\n<!-- wp:paragraph -->\n<p><\/p>\n<!-- \/wp:paragraph -->","_et_gb_content_width":"","_joinchat":[],"footnotes":""},"categories":[94,64],"tags":[],"class_list":["post-3616","post","type-post","status-publish","format-standard","has-post-thumbnail","hentry","category-94","category-actividades"],"_links":{"self":[{"href":"https:\/\/raval.es\/elx\/wp-json\/wp\/v2\/posts\/3616","targetHints":{"allow":["GET"]}}],"collection":[{"href":"https:\/\/raval.es\/elx\/wp-json\/wp\/v2\/posts"}],"about":[{"href":"https:\/\/raval.es\/elx\/wp-json\/wp\/v2\/types\/post"}],"author":[{"embeddable":true,"href":"https:\/\/raval.es\/elx\/wp-json\/wp\/v2\/users\/1"}],"replies":[{"embeddable":true,"href":"https:\/\/raval.es\/elx\/wp-json\/wp\/v2\/comments?post=3616"}],"version-history":[{"count":5,"href":"https:\/\/raval.es\/elx\/wp-json\/wp\/v2\/posts\/3616\/revisions"}],"predecessor-version":[{"id":3625,"href":"https:\/\/raval.es\/elx\/wp-json\/wp\/v2\/posts\/3616\/revisions\/3625"}],"wp:featuredmedia":[{"embeddable":true,"href":"https:\/\/raval.es\/elx\/wp-json\/wp\/v2\/media\/3618"}],"wp:attachment":[{"href":"https:\/\/raval.es\/elx\/wp-json\/wp\/v2\/media?parent=3616"}],"wp:term":[{"taxonomy":"category","embeddable":true,"href":"https:\/\/raval.es\/elx\/wp-json\/wp\/v2\/categories?post=3616"},{"taxonomy":"post_tag","embeddable":true,"href":"https:\/\/raval.es\/elx\/wp-json\/wp\/v2\/tags?post=3616"}],"curies":[{"name":"wp","href":"https:\/\/api.w.org\/{rel}","templated":true}]}}