{"id":3920,"date":"2020-09-23T19:56:00","date_gmt":"2020-09-23T19:56:00","guid":{"rendered":"http:\/\/raval.es\/elx\/?p=3920"},"modified":"2024-01-29T20:36:22","modified_gmt":"2024-01-29T20:36:22","slug":"huertos20m","status":"publish","type":"post","link":"https:\/\/raval.es\/elx\/huertos20m\/","title":{"rendered":"Curso de Iniciaci\u00f3n a la AGRICULTURA ECOL\u00d3GICA"},"content":{"rendered":"<div id=\"fb-root\"><\/div>\n<p>[et_pb_section fb_built=\u00bb1&#8243; specialty=\u00bbon\u00bb _builder_version=\u00bb3.22&#8243;][et_pb_column type=\u00bb1_2&#8243; _builder_version=\u00bb3.25&#8243; custom_padding=\u00bb|||\u00bb custom_padding__hover=\u00bb|||\u00bb][et_pb_image src=\u00bbhttp:\/\/raval.es\/elx\/wp-content\/uploads\/2017\/10\/kit_huerto_urbano.jpg\u00bb show_bottom_space=\u00bboff\u00bb align_tablet=\u00bbcenter\u00bb align_phone=\u00bb\u00bb align_last_edited=\u00bbon|desktop\u00bb _builder_version=\u00bb3.23&#8243; animation_style=\u00bbslide\u00bb animation_direction=\u00bbleft\u00bb animation_duration=\u00bb500ms\u00bb animation_intensity_slide=\u00bb10%\u00bb use_border_color=\u00bboff\u00bb border_color=\u00bb#ffffff\u00bb border_style=\u00bbsolid\u00bb animation=\u00bbleft\u00bb sticky=\u00bbon\u00bb always_center_on_mobile=\u00bbon\u00bb][\/et_pb_image][et_pb_image src=\u00bbhttp:\/\/raval.es\/elx\/wp-content\/uploads\/2019\/04\/HortUrba17.jpg\u00bb align_tablet=\u00bbcenter\u00bb align_phone=\u00bb\u00bb align_last_edited=\u00bbon|desktop\u00bb _builder_version=\u00bb3.23&#8243; animation_style=\u00bbslide\u00bb animation_direction=\u00bbleft\u00bb animation_duration=\u00bb500ms\u00bb animation_intensity_slide=\u00bb10%\u00bb use_border_color=\u00bboff\u00bb][\/et_pb_image][et_pb_text _builder_version=\u00bb3.29.3&#8243; module_alignment=\u00bbleft\u00bb border_color_all=\u00bb#ffffff\u00bb use_border_color=\u00bboff\u00bb]<\/p>\n<p>El\u00a0 <strong>INICIO del Curso<\/strong> se realizar\u00e1 en el Centro Social del Raval (c\/Boix i Rosario, 2), el viernes 2 de octubre a las a las 16:00h<\/p>\n<p>Las<strong> sesiones ser\u00e1n principalmente pr\u00e1cticas<\/strong> en el Huerto urbano de la Cuerna (Altabix)<\/p>\n<p>[\/et_pb_text][et_pb_text _builder_version=\u00bb3.27.4&#8243; module_alignment=\u00bbleft\u00bb border_color_all=\u00bb#ffffff\u00bb use_border_color=\u00bboff\u00bb]<\/p>\n<p>Inscripciones en:<br \/><a href=\"http:\/\/raval.es\/2020\">raval.es\/2020<\/a> o <a href=\"mailto:info@raval.es\">info@raval.es<\/a><\/p>\n<p>La A.V. RAVAL subvenciona una parte de los costes: Profesorado, materiales, alquiler parcela de La Cuerna (donde se hacen las pr\u00e1cticas), semillas, etc. Vuestra aportaci\u00f3n por las 12 sesiones es de 23 Euros para los miembos de la AV Raval o de 35 Euros para no asociados. Se abonar\u00e1 el d\u00eda de inicio del curso o, previamente mediante ingreso bancario <em>(solicitar cuenta a <a href=\"mailto:info@raval.es\">info@raval.es<\/a>)<\/em><\/p>\n<p>[\/et_pb_text][\/et_pb_column][et_pb_column type=\u00bb1_2&#8243; specialty_columns=\u00bb2&#8243; _builder_version=\u00bb3.25&#8243; custom_padding=\u00bb|||\u00bb custom_padding__hover=\u00bb|||\u00bb][et_pb_row_inner admin_label=\u00bbFila\u00bb _builder_version=\u00bb3.25&#8243;][et_pb_column_inner saved_specialty_column_type=\u00bb1_2&#8243; _builder_version=\u00bb3.25&#8243; custom_padding=\u00bb|||\u00bb custom_padding__hover=\u00bb|||\u00bb][et_pb_text _builder_version=\u00bb3.29.3&#8243; module_alignment=\u00bbleft\u00bb border_color_all=\u00bb#ffffff\u00bb use_border_color=\u00bboff\u00bb]<\/p>\n<h5><strong>Desde el 2 de Octubre<br \/><\/strong><\/h5>\n<h5><strong><br \/> <\/strong>Coordinado por Maril\u00f3 Ant\u00f3n, experta en Huertos ecol\u00f3gicos urbanos<\/h5>\n<p>.<br \/> Curso de 24 horas, distribuidas en 12 sesiones de 2h. los viernes por la tarde en horario de 16:00 a 18:00.<br \/> Fechas:<\/p>\n<p>desde el 2 de octubre de 2020 al 8 de Enero de 2021<\/p>\n<p><strong>Temario:<\/strong><br \/> M\u00f3dulo 1: Introducci\u00f3n a la Agricultura Ecol\u00f3gica<br \/> M\u00f3dulo 2: Las Plantas<br \/> M\u00f3dulo 3: El suelo<br \/> M\u00f3dulo 4: El agua<br \/> M\u00f3dulo 5. Mantenimiento del equilibrio en el huerto<br \/> M\u00f3dulo 6: El sistema de cultivo en el Huerto de la Cuerna<br \/> M\u00f3dulo 7: Dise\u00f1o y planificaci\u00f3n del huerto del Raval<br \/> M\u00f3dulo 8: Compostaje<\/p>\n<p><strong>Lugar de realizaci\u00f3n:<\/strong><br \/> La primera sesi\u00f3n (2 de octubre) ser\u00e1 te\u00f3rica, en el aula del Centro Social del Raval<br \/> El resto de sesiones salvo inclemencias, se realizar\u00e1n en el Huerto de la Cuerna (parte te\u00f3rica y pr\u00e1ctica).<\/p>\n<p><strong>Materiales:<\/strong><br \/> Utilizaremos el abono del huerto de la Cuerna, humus de lombriz\u00a0 y los plantones para el cultivo de verano. Los materiales no fungibles los presta el Huerto de la Cuerna.<\/p>\n<p>[\/et_pb_text][\/et_pb_column_inner][\/et_pb_row_inner][\/et_pb_column][\/et_pb_section]<\/p>\n","protected":false},"excerpt":{"rendered":"<p>Continuamos con los cursos de Agricultura Ecol\u00f3gica, encaminado a servir de orientaci\u00f3n a las\/os interesadas\/os en participar en el proyecto del Huerta Urbana que en las pr\u00f3ximas semanas se pondr\u00e1 en marcha en los huertos de Felip i Bacora<\/p>\n","protected":false},"author":1,"featured_media":4318,"comment_status":"closed","ping_status":"open","sticky":false,"template":"","format":"standard","meta":{"_et_pb_use_builder":"on","_et_pb_old_content":"","_et_gb_content_width":"","_joinchat":[],"footnotes":""},"categories":[101,64,137,54],"tags":[],"class_list":["post-3920","post","type-post","status-publish","format-standard","has-post-thumbnail","hentry","category-101","category-actividades","category-cursos-agricultura","category-hort-urba"],"_links":{"self":[{"href":"https:\/\/raval.es\/elx\/wp-json\/wp\/v2\/posts\/3920","targetHints":{"allow":["GET"]}}],"collection":[{"href":"https:\/\/raval.es\/elx\/wp-json\/wp\/v2\/posts"}],"about":[{"href":"https:\/\/raval.es\/elx\/wp-json\/wp\/v2\/types\/post"}],"author":[{"embeddable":true,"href":"https:\/\/raval.es\/elx\/wp-json\/wp\/v2\/users\/1"}],"replies":[{"embeddable":true,"href":"https:\/\/raval.es\/elx\/wp-json\/wp\/v2\/comments?post=3920"}],"version-history":[{"count":9,"href":"https:\/\/raval.es\/elx\/wp-json\/wp\/v2\/posts\/3920\/revisions"}],"predecessor-version":[{"id":4341,"href":"https:\/\/raval.es\/elx\/wp-json\/wp\/v2\/posts\/3920\/revisions\/4341"}],"wp:featuredmedia":[{"embeddable":true,"href":"https:\/\/raval.es\/elx\/wp-json\/wp\/v2\/media\/4318"}],"wp:attachment":[{"href":"https:\/\/raval.es\/elx\/wp-json\/wp\/v2\/media?parent=3920"}],"wp:term":[{"taxonomy":"category","embeddable":true,"href":"https:\/\/raval.es\/elx\/wp-json\/wp\/v2\/categories?post=3920"},{"taxonomy":"post_tag","embeddable":true,"href":"https:\/\/raval.es\/elx\/wp-json\/wp\/v2\/tags?post=3920"}],"curies":[{"name":"wp","href":"https:\/\/api.w.org\/{rel}","templated":true}]}}