{"id":3965,"date":"2020-03-25T20:49:33","date_gmt":"2020-03-25T20:49:33","guid":{"rendered":"http:\/\/raval.es\/elx\/?p=3965"},"modified":"2020-03-25T20:51:28","modified_gmt":"2020-03-25T20:51:28","slug":"memoria-de-lav-raval-2016-2019","status":"publish","type":"post","link":"https:\/\/raval.es\/elx\/memoria-de-lav-raval-2016-2019\/","title":{"rendered":"MEMORIA DE L&#8217;AV RAVAL (2016-2019)"},"content":{"rendered":"<div id=\"fb-root\"><\/div>\n\n<p>Pots descarregr-lo en PDF des de <a href=\"http:\/\/raval.es\/memo2016-2019.pdf\">raval.es\/memo2016-2019.pdf<\/a><\/p>\n\n\n\n<p>o llegirlo en l\u00ednia en <a href=\"https:\/\/issuu.com\/raval82\/docs\/avraval-memo2019\">https:\/\/issuu.com\/raval82\/docs\/avraval-memo2019<\/a><\/p>\n\n\n\n<p>I, si el vols en llibre podr\u00e0s replegar-lo quan torne el punt d&#8217;informaci\u00f3 els primers dissabtes de mes al Mercat Ecol\u00f2gic i Local a la Pla\u00e7a Major del Raval<\/p>\n","protected":false},"excerpt":{"rendered":"<p>&#8230;i ast\u00f2 es nom\u00e9s el comen\u00e7ament!<br \/>\nEntra per descarregarte&#8217;l o llegirlo en l\u00ednia<\/p>\n","protected":false},"author":1,"featured_media":3966,"comment_status":"open","ping_status":"open","sticky":true,"template":"","format":"standard","meta":{"_et_pb_use_builder":"off","_et_pb_old_content":"","_et_gb_content_width":"","_joinchat":[],"footnotes":""},"categories":[51],"tags":[],"class_list":["post-3965","post","type-post","status-publish","format-standard","has-post-thumbnail","hentry","category-noticias"],"_links":{"self":[{"href":"https:\/\/raval.es\/elx\/wp-json\/wp\/v2\/posts\/3965","targetHints":{"allow":["GET"]}}],"collection":[{"href":"https:\/\/raval.es\/elx\/wp-json\/wp\/v2\/posts"}],"about":[{"href":"https:\/\/raval.es\/elx\/wp-json\/wp\/v2\/types\/post"}],"author":[{"embeddable":true,"href":"https:\/\/raval.es\/elx\/wp-json\/wp\/v2\/users\/1"}],"replies":[{"embeddable":true,"href":"https:\/\/raval.es\/elx\/wp-json\/wp\/v2\/comments?post=3965"}],"version-history":[{"count":3,"href":"https:\/\/raval.es\/elx\/wp-json\/wp\/v2\/posts\/3965\/revisions"}],"predecessor-version":[{"id":3969,"href":"https:\/\/raval.es\/elx\/wp-json\/wp\/v2\/posts\/3965\/revisions\/3969"}],"wp:featuredmedia":[{"embeddable":true,"href":"https:\/\/raval.es\/elx\/wp-json\/wp\/v2\/media\/3966"}],"wp:attachment":[{"href":"https:\/\/raval.es\/elx\/wp-json\/wp\/v2\/media?parent=3965"}],"wp:term":[{"taxonomy":"category","embeddable":true,"href":"https:\/\/raval.es\/elx\/wp-json\/wp\/v2\/categories?post=3965"},{"taxonomy":"post_tag","embeddable":true,"href":"https:\/\/raval.es\/elx\/wp-json\/wp\/v2\/tags?post=3965"}],"curies":[{"name":"wp","href":"https:\/\/api.w.org\/{rel}","templated":true}]}}