{"id":4144,"date":"2022-11-02T17:20:00","date_gmt":"2022-11-02T17:20:00","guid":{"rendered":"https:\/\/raval.es\/elx\/?p=4144"},"modified":"2023-03-01T13:03:57","modified_gmt":"2023-03-01T13:03:57","slug":"mercateco2022","status":"publish","type":"post","link":"https:\/\/raval.es\/elx\/mercateco2022\/","title":{"rendered":"Mercat Ecol\u00f2gic d&#8217;Elx"},"content":{"rendered":"<div id=\"fb-root\"><\/div>\n[et_pb_section admin_label=\u00bbsection\u00bb]\n\t\t\t[et_pb_row admin_label=\u00bbrow\u00bb]\n\t\t\t\t[et_pb_column type=\u00bb4_4&#8243;][et_pb_text admin_label=\u00bbText\u00bb]\n<p><\/p>\n\n\n\n<figure class=\"wp-block-image size-large\"><img loading=\"lazy\" decoding=\"async\" width=\"1024\" height=\"1024\" src=\"https:\/\/raval.es\/elx\/wp-content\/uploads\/2022\/11\/mercat3XII22-1024x1024.jpg\" alt=\"\" class=\"wp-image-6147\" srcset=\"https:\/\/raval.es\/elx\/wp-content\/uploads\/2022\/11\/mercat3XII22-1024x1024.jpg 1024w, https:\/\/raval.es\/elx\/wp-content\/uploads\/2022\/11\/mercat3XII22-980x980.jpg 980w, https:\/\/raval.es\/elx\/wp-content\/uploads\/2022\/11\/mercat3XII22-480x480.jpg 480w\" sizes=\"auto, (min-width: 0px) and (max-width: 480px) 480px, (min-width: 481px) and (max-width: 980px) 980px, (min-width: 981px) 1024px, 100vw\" \/><\/figure>\n\n\n<p><strong><span class=\"x193iq5w xeuugli x13faqbe x1vvkbs xlh3980 xvmahel x1n0sxbx x1lliihq x1s928wv xhkezso x1gmr53x x1cpjm7i x1fgarty x1943h6x xudqn12 x3x7a5m x6prxxf xvq8zen xo1l8bm xzsf02u x1yc453h\" dir=\"auto\">&nbsp;<\/span><\/strong><\/p>\n<p>El primer y tercer s\u00e1bado de cada mes los productores ecol\u00f3gicos locales montan mercadillo en el Raval. Aprovecha para hacerte con productos de temporada saludables y respetuosos con tu entorno<\/p>\n<p>Adquireix aliments ecol\u00f2gics i altres productes saludables produ\u00efts amb molt d&#8217;afecte i amor per nuestr@s productor@s locals. Fruites, hortalisses, pans i rebosteria, olives, olis, mels, dol\u00e7os i gelats, t\u00e9s i infusions, vins, menjar veg\u00e0 i m\u00e9s.<\/p>\n<p>Perqu\u00e8 comprant ecol\u00f2gic i local constru\u00efm sistemes alimentaris m\u00e9s justos i sostenibles. Tu tamb\u00e9 canvies el m\u00f3n!!!!!<\/p>\n<p><span class=\"_5mfr\"><span class=\"_6qdm\">&#x1f964;<\/span><\/span><span class=\"_5mfr\"><span class=\"_6qdm\">&#x1f368;<\/span><\/span><span class=\"_5mfr\"><span class=\"_6qdm\">&#x1f345;<\/span><\/span><span class=\"_5mfr\"><span class=\"_6qdm\">&#x1f346;<\/span><\/span><span class=\"_5mfr\"><span class=\"_6qdm\">&#x1f955;<\/span><\/span><span class=\"_5mfr\"><span class=\"_6qdm\">&#x1f954;<\/span><\/span><span class=\"_5mfr\"><span class=\"_6qdm\">&#x1f9c0;<\/span><\/span><span class=\"_5mfr\"><span class=\"_6qdm\">&#x1f354;<\/span><\/span><span class=\"_5mfr\"><span class=\"_6qdm\">&#x1f355;<\/span><\/span><span class=\"_5mfr\"><span class=\"_6qdm\">&#x1f35e;<\/span><\/span><span class=\"_5mfr\"><span class=\"_6qdm\">&#x1f36a;<\/span><\/span><span class=\"_5mfr\"><span class=\"_6qdm\">&#x1f36f;<\/span><\/span><\/p>[\/et_pb_text][\/et_pb_column]\n\t\t\t[\/et_pb_row]\n\t\t[\/et_pb_section]","protected":false},"excerpt":{"rendered":"<p>Torna el mercat de productes ecol\u00f2gics i locals a la Pla\u00e7a Major del Raval. Este dissabte, 3 des de les 10 del mat\u00ed<\/p>\n","protected":false},"author":1,"featured_media":5247,"comment_status":"closed","ping_status":"closed","sticky":false,"template":"","format":"standard","meta":{"_et_pb_use_builder":"on","_et_pb_old_content":"<!-- wp:paragraph -->\n<p><\/p>\n<!-- \/wp:paragraph -->\n\n<!-- wp:image {\"id\":6147,\"sizeSlug\":\"large\",\"linkDestination\":\"custom\"} -->\n<figure class=\"wp-block-image size-large\"><img src=\"https:\/\/raval.es\/elx\/wp-content\/uploads\/2022\/11\/mercat3XII22-1024x1024.jpg\" alt=\"\" class=\"wp-image-6147\"\/><\/figure>\n<!-- \/wp:image -->\n\n<p><strong><span class=\"x193iq5w xeuugli x13faqbe x1vvkbs xlh3980 xvmahel x1n0sxbx x1lliihq x1s928wv xhkezso x1gmr53x x1cpjm7i x1fgarty x1943h6x xudqn12 x3x7a5m x6prxxf xvq8zen xo1l8bm xzsf02u x1yc453h\" dir=\"auto\">&nbsp;<\/span><\/strong><\/p>\n<p>El primer y tercer s\u00e1bado de cada mes los productores ecol\u00f3gicos locales montan mercadillo en el Raval. Aprovecha para hacerte con productos de temporada saludables y respetuosos con tu entorno<\/p>\n<p>Adquireix aliments ecol\u00f2gics i altres productes saludables produ\u00efts amb molt d'afecte i amor per nuestr@s productor@s locals. Fruites, hortalisses, pans i rebosteria, olives, olis, mels, dol\u00e7os i gelats, t\u00e9s i infusions, vins, menjar veg\u00e0 i m\u00e9s.<\/p>\n<p>Perqu\u00e8 comprant ecol\u00f2gic i local constru\u00efm sistemes alimentaris m\u00e9s justos i sostenibles. Tu tamb\u00e9 canvies el m\u00f3n!!!!!<\/p>\n<p><span class=\"_5mfr\"><span class=\"_6qdm\">&#x1f964;<\/span><\/span><span class=\"_5mfr\"><span class=\"_6qdm\">&#x1f368;<\/span><\/span><span class=\"_5mfr\"><span class=\"_6qdm\">&#x1f345;<\/span><\/span><span class=\"_5mfr\"><span class=\"_6qdm\">&#x1f346;<\/span><\/span><span class=\"_5mfr\"><span class=\"_6qdm\">&#x1f955;<\/span><\/span><span class=\"_5mfr\"><span class=\"_6qdm\">&#x1f954;<\/span><\/span><span class=\"_5mfr\"><span class=\"_6qdm\">&#x1f9c0;<\/span><\/span><span class=\"_5mfr\"><span class=\"_6qdm\">&#x1f354;<\/span><\/span><span class=\"_5mfr\"><span class=\"_6qdm\">&#x1f355;<\/span><\/span><span class=\"_5mfr\"><span class=\"_6qdm\">&#x1f35e;<\/span><\/span><span class=\"_5mfr\"><span class=\"_6qdm\">&#x1f36a;<\/span><\/span><span class=\"_5mfr\"><span class=\"_6qdm\">&#x1f36f;<\/span><\/span><\/p>","_et_gb_content_width":"","_joinchat":[],"footnotes":""},"categories":[51],"tags":[],"class_list":["post-4144","post","type-post","status-publish","format-standard","has-post-thumbnail","hentry","category-noticias"],"_links":{"self":[{"href":"https:\/\/raval.es\/elx\/wp-json\/wp\/v2\/posts\/4144","targetHints":{"allow":["GET"]}}],"collection":[{"href":"https:\/\/raval.es\/elx\/wp-json\/wp\/v2\/posts"}],"about":[{"href":"https:\/\/raval.es\/elx\/wp-json\/wp\/v2\/types\/post"}],"author":[{"embeddable":true,"href":"https:\/\/raval.es\/elx\/wp-json\/wp\/v2\/users\/1"}],"replies":[{"embeddable":true,"href":"https:\/\/raval.es\/elx\/wp-json\/wp\/v2\/comments?post=4144"}],"version-history":[{"count":48,"href":"https:\/\/raval.es\/elx\/wp-json\/wp\/v2\/posts\/4144\/revisions"}],"predecessor-version":[{"id":6265,"href":"https:\/\/raval.es\/elx\/wp-json\/wp\/v2\/posts\/4144\/revisions\/6265"}],"wp:featuredmedia":[{"embeddable":true,"href":"https:\/\/raval.es\/elx\/wp-json\/wp\/v2\/media\/5247"}],"wp:attachment":[{"href":"https:\/\/raval.es\/elx\/wp-json\/wp\/v2\/media?parent=4144"}],"wp:term":[{"taxonomy":"category","embeddable":true,"href":"https:\/\/raval.es\/elx\/wp-json\/wp\/v2\/categories?post=4144"},{"taxonomy":"post_tag","embeddable":true,"href":"https:\/\/raval.es\/elx\/wp-json\/wp\/v2\/tags?post=4144"}],"curies":[{"name":"wp","href":"https:\/\/api.w.org\/{rel}","templated":true}]}}