{"id":4215,"date":"2020-07-02T19:44:29","date_gmt":"2020-07-02T19:44:29","guid":{"rendered":"https:\/\/raval.es\/elx\/?p=4215"},"modified":"2020-07-03T17:52:46","modified_gmt":"2020-07-03T17:52:46","slug":"memoria-grafica-galeria","status":"publish","type":"post","link":"https:\/\/raval.es\/elx\/memoria-grafica-galeria\/","title":{"rendered":"MEM\u00d2RIA GR\u00c0FICA (galer\u00eda)"},"content":{"rendered":"<div id=\"fb-root\"><\/div>\n\n[et_pb_section fb_built=\u00bb1&#8243; _builder_version=\u00bb3.22&#8243;][et_pb_row _builder_version=\u00bb4.4.3&#8243; column_structure=\u00bb1_2,1_2&#8243;][et_pb_column _builder_version=\u00bb4.4.3&#8243; type=\u00bb1_2&#8243;][et_pb_code _builder_version=\u00bb4.4.3&#8243; hover_enabled=\u00bb0&#8243;][AFG_gallery id=&#8217;1&#8242;] [\/et_pb_code][\/et_pb_column][et_pb_column _builder_version=\u00bb4.4.3&#8243; type=\u00bb1_2&#8243;][et_pb_code _builder_version=\u00bb4.4.3&#8243; hover_enabled=\u00bb0&#8243;][AFG_gallery id=&#8217;2&#8242;][\/et_pb_code][\/et_pb_column][\/et_pb_row][et_pb_row _builder_version=\u00bb3.25&#8243; background_size=\u00bbinitial\u00bb background_position=\u00bbtop_left\u00bb background_repeat=\u00bbrepeat\u00bb][et_pb_column type=\u00bb4_4&#8243; _builder_version=\u00bb3.25&#8243; custom_padding=\u00bb|||\u00bb custom_padding__hover=\u00bb|||\u00bb][et_pb_text _builder_version=\u00bb3.27.4&#8243; background_size=\u00bbinitial\u00bb background_position=\u00bbtop_left\u00bb background_repeat=\u00bbrepeat\u00bb]<!-- divi:code -->\n<pre class=\"wp-block-code\"><code>&#91;instagram-feed]\n<\/code><\/pre>\n<!-- \/divi:code -->\n\n<!-- divi:html -->\n<p>El Raval en festes<\/p>\n[instagram-feed]\n<!-- \/divi:html -->[\/et_pb_text][\/et_pb_column][\/et_pb_row][\/et_pb_section]\n","protected":false},"excerpt":{"rendered":"<p>[AFG_gallery id=&#8217;1&#8242;] [AFG_gallery id=&#8217;2&#8242;] &#91;instagram-feed] El Raval en festes [instagram-feed]<\/p>\n","protected":false},"author":1,"featured_media":0,"comment_status":"open","ping_status":"open","sticky":false,"template":"","format":"standard","meta":{"_et_pb_use_builder":"on","_et_pb_old_content":"<!-- wp:code -->\n<pre class=\"wp-block-code\"><code>&#91;instagram-feed]\n<\/code><\/pre>\n<!-- \/wp:code -->\n\n<!-- wp:html -->\n<p>El Raval en festes<\/p>\n[instagram-feed]\n<!-- \/wp:html -->","_et_gb_content_width":"2880","_joinchat":[],"footnotes":""},"categories":[1],"tags":[],"class_list":["post-4215","post","type-post","status-publish","format-standard","hentry","category-uncategorized"],"_links":{"self":[{"href":"https:\/\/raval.es\/elx\/wp-json\/wp\/v2\/posts\/4215","targetHints":{"allow":["GET"]}}],"collection":[{"href":"https:\/\/raval.es\/elx\/wp-json\/wp\/v2\/posts"}],"about":[{"href":"https:\/\/raval.es\/elx\/wp-json\/wp\/v2\/types\/post"}],"author":[{"embeddable":true,"href":"https:\/\/raval.es\/elx\/wp-json\/wp\/v2\/users\/1"}],"replies":[{"embeddable":true,"href":"https:\/\/raval.es\/elx\/wp-json\/wp\/v2\/comments?post=4215"}],"version-history":[{"count":7,"href":"https:\/\/raval.es\/elx\/wp-json\/wp\/v2\/posts\/4215\/revisions"}],"predecessor-version":[{"id":4226,"href":"https:\/\/raval.es\/elx\/wp-json\/wp\/v2\/posts\/4215\/revisions\/4226"}],"wp:attachment":[{"href":"https:\/\/raval.es\/elx\/wp-json\/wp\/v2\/media?parent=4215"}],"wp:term":[{"taxonomy":"category","embeddable":true,"href":"https:\/\/raval.es\/elx\/wp-json\/wp\/v2\/categories?post=4215"},{"taxonomy":"post_tag","embeddable":true,"href":"https:\/\/raval.es\/elx\/wp-json\/wp\/v2\/tags?post=4215"}],"curies":[{"name":"wp","href":"https:\/\/api.w.org\/{rel}","templated":true}]}}