{"id":4363,"date":"2021-02-25T16:47:00","date_gmt":"2021-02-25T16:47:00","guid":{"rendered":"https:\/\/raval.es\/elx\/?p=4363"},"modified":"2021-09-19T13:34:19","modified_gmt":"2021-09-19T13:34:19","slug":"relatos4","status":"publish","type":"post","link":"https:\/\/raval.es\/elx\/relatos4\/","title":{"rendered":"BASES del IV Certamen Literari Raval d&#8217;Elx"},"content":{"rendered":"<div id=\"fb-root\"><\/div>\n<p>[et_pb_section fb_built=\u00bb1&#8243; _builder_version=\u00bb3.22&#8243; custom_margin=\u00bb||-75px|||\u00bb][et_pb_row _builder_version=\u00bb3.25&#8243; background_size=\u00bbinitial\u00bb background_position=\u00bbtop_left\u00bb background_repeat=\u00bbrepeat\u00bb][et_pb_column type=\u00bb4_4&#8243; _builder_version=\u00bb3.25&#8243; custom_padding=\u00bb|||\u00bb custom_padding__hover=\u00bb|||\u00bb][et_pb_text _builder_version=\u00bb4.4.3&#8243; background_size=\u00bbinitial\u00bb background_position=\u00bbtop_left\u00bb background_repeat=\u00bbrepeat\u00bb module_alignment=\u00bbleft\u00bb border_color_all=\u00bb#ffffff\u00bb use_border_color=\u00bboff\u00bb]<\/p>\n<div class=\"et_pb_column et_pb_column_4_4 et_pb_column_0  et_pb_css_mix_blend_mode_passthrough et-last-child\">\n<div class=\"et_pb_with_border et_pb_module et_pb_text et_pb_text_0  et_pb_text_align_left et_pb_bg_layout_light\">\n<div class=\"et_pb_text_inner\">\n<h5 class=\"entry-title\" style=\"text-align: center;\"><span style=\"color: #0000ff;\"><strong><a style=\"color: #0000ff;\" href=\"http:\/\/raval.es\/elx\/ganadorescertamenliterario\/\">(Jos\u00e9 Adsuar y Elena Mart\u00ednez ganadores del I Certamen en 2017)<\/a><\/strong><\/span><\/h5>\n<\/div>\n<\/div>\n<\/div>\n<h5 style=\"text-align: center;\"><a href=\"http:\/\/raval.es\/elx\/alberto-martin-y-daniela-ayala-premiados\/\"><strong>(Alberto\u00a0Mart\u00edn y Daniela\u00a0Ayala ganadores del II Certamen en 2018)<\/strong><\/a><\/h5>\n<h5 style=\"text-align: center;\"><a href=\"https:\/\/raval.es\/elx\/premiats3certamen\/\"><strong>(Adri\u00e1n Belmonte y Sof\u00eda Marim\u00f3n ganadores del III Certamen en 2019)<\/strong><\/a><\/h5>\n<p>[\/et_pb_text][et_pb_image src=\u00bbhttps:\/\/raval.es\/elx\/wp-content\/uploads\/2020\/11\/retolWPcertamen.jpg\u00bb align_tablet=\u00bbcenter\u00bb align_phone=\u00bb\u00bb align_last_edited=\u00bbon|desktop\u00bb _builder_version=\u00bb4.4.3&#8243;][\/et_pb_image][et_pb_text _builder_version=\u00bb4.6.6&#8243; _module_preset=\u00bbdefault\u00bb text_text_color=\u00bb#0c71c3&#8243; background_color=\u00bb#edf000&#8243;]<\/p>\n<h4 style=\"text-align: center;\"><a href=\"https:\/\/raval.es\/dox\/Certamen04.pdf\"><strong>&#8211;&gt;&gt; BASES EN PDF &lt;&lt;&#8211;<\/strong><\/a><\/h4>\n<p>[\/et_pb_text][\/et_pb_column][\/et_pb_row][\/et_pb_section][et_pb_section fb_built=\u00bb1&#8243; admin_label=\u00bbsection\u00bb _builder_version=\u00bb3.22&#8243; min_height=\u00bb2328px\u00bb][et_pb_row column_structure=\u00bb1_2,1_2&#8243; admin_label=\u00bbrow\u00bb _builder_version=\u00bb3.25&#8243; background_size=\u00bbinitial\u00bb background_position=\u00bbtop_left\u00bb background_repeat=\u00bbrepeat\u00bb][et_pb_column type=\u00bb1_2&#8243; _builder_version=\u00bb3.25&#8243; custom_padding=\u00bb|||\u00bb custom_padding__hover=\u00bb|||\u00bb][et_pb_text _builder_version=\u00bb4.6.6&#8243; background_size=\u00bbinitial\u00bb background_position=\u00bbtop_left\u00bb background_repeat=\u00bbrepeat\u00bb hover_enabled=\u00bb0&#8243; use_border_color=\u00bboff\u00bb sticky_enabled=\u00bb0&#8243;]<\/p>\n<p><img loading=\"lazy\" decoding=\"async\" class=\"wp-image-2643 size-medium alignleft\" src=\"http:\/\/raval.es\/elx\/wp-content\/uploads\/2019\/02\/typewriter-300x200.jpg\" alt=\"\" width=\"300\" height=\"200\" srcset=\"https:\/\/raval.es\/elx\/wp-content\/uploads\/2019\/02\/typewriter-300x200.jpg 300w, https:\/\/raval.es\/elx\/wp-content\/uploads\/2019\/02\/typewriter.jpg 500w\" sizes=\"auto, (max-width: 300px) 100vw, 300px\" \/><\/p>\n<p>\u00a0L\u2019Associaci\u00f3 Ve\u00efnal Raval d&#8217;Elx convoca el <strong>quart concurs de relat curt<\/strong> amb l\u2019objectiu de promoure les activitats culturals en la nostra ciutat, concretament les activitats liter\u00e0ries entre xiquets i adults, que es regiran per les seguents<\/p>\n<p><strong>BASES:<\/strong><br \/> <strong>I.\u00a0 Podran participar<\/strong> en el <strong>IV Certamen Literari de Relat Curt \u201cRaval d\u2019Elx\u201d<\/strong> totes les persones que ho desitgen, sempre que siguen residents en la prov\u00edncia d\u2019Alacant, i dins de les modalitats seg\u00fcents:<br \/> Infantil\/juvenil: de 10 a 16 anys \/ Adults: de 17 a 59 anys \/ S\u00e8nior: 60 anys o m\u00e9s<\/p>\n<p><strong>II. Els relats seran de tema lliure,<\/strong> per\u00f2 hauran de contenir obligat\u00f2riament alguna refer\u00e8ncia al barri del Raval d\u2019Elx, personatges reals o ficticis, fets hist\u00f2rics, llocs, carrers o places caracter\u00edstics del Raval.<\/p>\n<p><strong>III. Els relats, que hauran de ser originals i in\u00e8dits<\/strong> i no premiats en anteriors concursos, podran estar escrits en <strong>castell\u00e0 o valenci\u00e0<\/strong>, tindran una extensi\u00f3 m\u00e0xima de <strong>tres fulles per a la modalitat \u201cInfantil\/Juvenil\u201d<\/strong>; i un m\u00e0xim de <strong>sis fulles per a les modalitats \u201cAdults\u201d i \u00abS\u00e8nior\u00bb<\/strong>. El format en qu\u00e8 s\u2019han de presentar els escrits \u00e9s amb m\u00e0quina d&#8217;escriure o processador de textos per una sola cara, a doble espai, amb lletra Aria o similar, grand\u00e0ria 12. Cada participant podr\u00e0 presentar un <strong>m\u00e0xim de dos relats.<\/strong><\/p>\n<p><strong>IV. La recepci\u00f3 de relats<\/strong> comen\u00e7a l&#8217;31 de novembre de 2020 i <strong>finalitza l&#8217;1 d&#8217;Abril de 2021<\/strong>. Els textos <strong>s\u2019enviaran per correu electr\u00f2nic a l\u2019adre\u00e7a <a href=\"mailto:avr.certamenliterario@gmail.com\">avr.certamenliterario@gmail.com.<\/a><\/strong> En l\u2019assumpte es far\u00e0 constar el t\u00edtol del relat i la modalitat en la qual es participa. S\u2019hi adjuntaran dos arxius en texte simple (pdf, word o similar): el primer, amb el relat participant signat amb pseud\u00f2nim; en el segon s\u2019inclouran les dades personals de l\u2019autor o autora (nom complet, adre\u00e7a, edat, col\u00b7legi, institut o universitat\u00a0 en cas d&#8217;estudiants, tel\u00e8fon i e-mail).<br \/> <strong>Les obres tamb\u00e9 podran presentar-se en la seu de l\u2019Associaci\u00f3 Ve\u00efnal Raval,<\/strong> situada en Centre Social del Raval, carrer Boix i Rosario n\u00fam. 2 baix, 03202 Elx (Alacant). En aquest cas, juntament amb l\u2019obra signada amb pseud\u00f2nim, s\u2019acompanyar\u00e0 un sobre tancat amb les dades de l\u2019autor o l\u2019autora abans esmentats.<\/p>\n<p><strong>V. La decisi\u00f3 del jurat del concurs ser\u00e0 inapel\u00b7lable <\/strong>i es realitar\u00e0 el mes de juny de 2021. <strong>El lliurament de premis tindr\u00e0 lloc quan ho permeta la situaci\u00f3 sanit\u00e0ria, en un acte p\u00fablic en la pla\u00e7a Major del Raval.<\/strong> En finalitzar el lliurament de premis es far\u00e0 una lectura dramatitzada dels relats guanyadors en cada modalitat. Per a cada modalitat es triaran tres guanyadors i els premis consistiran en les aportacions dels patrocinadors: Llibreria Ali i Truc, Llibreria S\u00e8neca, Llibreria El Salvador, Bar Paquito, Bar La Gatera, Ana Bonete, El Desv\u00e1n de Beni, Antonio perruquers, Beatriz Quiles podologia, Fruites Laura, El Tempir i Federaci\u00f3 d&#8217;Associacions Ve\u00efnals Dama d\u2019Elx.<br \/> El jurat podr\u00e0 atorgar acc\u00e8ssits a altres obres o autors si ho considera, aix\u00ed com declarar premis deserts i en aquest cas els regals passaran a engrossir els altres premiats o els acc\u00e8ssits.<br \/> L&#8217;associaci\u00f3 es reserva el dret de publicar un llibre amb una selecci\u00f3 dels millors relats presentats.<\/p>\n<p><strong>VI.- El jurat estar\u00e0 compost per escriptors, professors, membres de l&#8217;Associaci\u00f3 i altres personalitats.<\/strong><\/p>\n<p>VII.- Entre els aspectes a tindre en compte en el relat que seran valorats pel jurat es destacar\u00e0.<\/p>\n<ul>\n<li>Ortografia.<\/li>\n<li>Tema (Transpar\u00e8ncia)<\/li>\n<li>Argument (Claredat i coher\u00e8ncia)<\/li>\n<li>Assumpte. (Genere, de qu\u00e8 tracta?)<\/li>\n<li>Espai (Descriure l&#8217;escenografia, llocs)<\/li>\n<li>Llenguatge (Valenci\u00e0, castell\u00e0)<\/li>\n<li>Inter\u00e9s. (Impacte del relat)<\/li>\n<li>Originalitat.<\/li>\n<li>Est\u00e8tica.<\/li>\n<\/ul>\n<p>La participaci\u00f3 en aquest certamen implica l\u2019acceptaci\u00f3 \u00edntegra d\u2019aquestes bases i dels drets i les obligacions que se\u2019n deriven.<br \/> <em>Elx, 21 d&#8217;Octubre de 2021<\/em><\/p>\n<p>[\/et_pb_text][\/et_pb_column][et_pb_column type=\u00bb1_2&#8243; _builder_version=\u00bb3.25&#8243; custom_padding=\u00bb|||\u00bb custom_padding__hover=\u00bb|||\u00bb][et_pb_text _builder_version=\u00bb4.6.6&#8243; background_size=\u00bbinitial\u00bb background_position=\u00bbtop_left\u00bb background_repeat=\u00bbrepeat\u00bb use_border_color=\u00bboff\u00bb]<\/p>\n<p>Con el fin de promover las actividades culturales en nuestra ciudad, y concretamente las actividades literarias entre ni\u00f1os y adultos, la Asociaci\u00f3n Vecinal Raval convoca el <strong>cuarto concurso de relato corto<\/strong> que se regir\u00e1 por las siguientes:<\/p>\n<p><strong>BASES:<\/strong><br \/> <strong>I.- Podr\u00e1n participar<\/strong> en el <strong>IV Certamen Literario de Relato Corto \u201cRaval d\u2019Elx\u201d<\/strong> todas las personas que lo deseen, siempre que sean residentes en la provincia de Alicante, y dentro de las siguientes modalidades:<br \/> Infantil\/juvenil: De 10 a 16 a\u00f1os. &#8211; Adultos: De 17 a 59 a\u00f1os. &#8211; S\u00e9nior: 60 a\u00f1os o m\u00e1s<\/p>\n<p><strong>I.- Los relatos ser\u00e1n de tema libre<\/strong>, pero deber\u00e1n contener obligatoriamente alguna referencia al barrio del Raval de Elche, personajes reales o ficticios, hechos hist\u00f3ricos, lugares, calles o plazas caracter\u00edsticos del Raval.<\/p>\n<p><strong>III.- Los relatos deber\u00e1n ser originales e in\u00e9ditos<\/strong> y no premiados en anteriores concursos, podr\u00e1n estar escritos en <strong>castellano o valenciano<\/strong>, tendr\u00e1n una extensi\u00f3n m\u00e1xima de <strong>tres hojas para la modalidad Infantil\/Juvenil<\/strong>; y un m\u00e1ximo de <strong>seis folios para las modalidades de Adulto y S\u00e9nior.<\/strong> En todo caso se presentar\u00e1n escritos con m\u00e1quina de escribir o procesador de textos por una sola cara, a doble espacio, con letra Arial o similar, tama\u00f1o 12. Cada participante podr\u00e1 presentar un <strong>m\u00e1ximo de dos relatos.<\/strong><\/p>\n<p><strong>IV.- La entrega de relatos<\/strong> comienza el 30 de noviembre de 2020 y <strong>finaliza el 1 de abril de 2021<\/strong>. Los textos<strong> se enviar\u00e1n por correo electr\u00f3nico a la direcci\u00f3n <a href=\"mailto:avr.certamenliterario@gmail.com\">avr.certamenliterario@gmail.com.<\/a><\/strong> En el asunto se har\u00e1 constar el t\u00edtulo del relato y la modalidad en la que se participa.<br \/> Se acompa\u00f1ar\u00e1n dos archivos en texto simple (pdf, word o similar), el primero con el relato participante firmado con seud\u00f3nimo; en el segundo se incluir\u00e1n los datos personales del autor o autora (nombre completo, direcci\u00f3n, edad, colegio, instituto o universidad en caso de estar estudiando, tel\u00e9fono y correo electr\u00f3nico).<br \/> <strong>Las obras tambi\u00e9n podr\u00e1n presentarse en la sede de la Asociaci\u00f3n Vecinal Raval<\/strong>, sita en Centro Social del Raval, calle Boix i Rosario n\u00ba 2, bajo, C.P. 03202, Elche (Alicante). En este caso, junto con la obra firmada con seud\u00f3nimo, se acompa\u00f1ar\u00e1 un sobre cerrado con los datos del autor o autora.<\/p>\n<p><strong>V.- El fallo del concurso ser\u00e1 inapelable<\/strong> y se realizar\u00e1 en el mes de junio de 2021. <strong>La fecha de entrega de premios est\u00e1 pendiente de la situaci\u00f3n sanitaria,<\/strong> ser\u00e1 en un acto p\u00fablico en la plaza Mayor del Raval. Al finalizar la entrega de premios se har\u00e1 una lectura dramatizada de los relatos ganadores en cada modalidad. Para cada modalidad se elegir\u00e1n tres ganadores y <strong>los premios consistir\u00e1n en las aportaciones de los patrocinadores:\u00a0 Llibrer\u00eda Ali i Truc, Libreria S\u00e9neca, Librer\u00eda El Salvador, Bar Paquito, Bar La Gatera, Ana Bonete,\u00a0 El Desv\u00e1n de Beni, Antonio peluqueros, Beatriz Quiles podolog\u00eda, Fruites Laura, El Tempir y Federaci\u00f3n de Asociaciones Vecinales Dama d&#8217;Elx.<\/strong><br \/> El jurado podr\u00e1 otorgar acc\u00e9sits a otras obras o autores si lo considera, as\u00ed como declarar desierto alguno de los premios en cuyo caso los regalos pasar\u00e1n a engrosar los otros premiados o los acc\u00e9sits.<br \/> La asociaci\u00f3n se reserva el derecho de publicar un libro con una selecci\u00f3n de los mejores relatos presentados.<\/p>\n<p><strong>VI.-<\/strong> El jurado estar\u00e1 compuesto por escritores, profesores, miembros de la Asociaci\u00f3n y otras personalidades.<\/p>\n<p><strong>VII<\/strong>.- Entre los aspectos a tener en cuenta en el relato que ser\u00e1n valorados por el jurado se destacar\u00e1.<\/p>\n<ul>\n<li>Ortograf\u00eda.<\/li>\n<li>Tema (Transparencia)<\/li>\n<li>Argumento (Claridad y coherencia)<\/li>\n<li>Asunto. (Genero, \u00bfde qu\u00e9 trata?)<\/li>\n<li>Espacio (Describir la escenograf\u00eda, lugares)<\/li>\n<li>Lenguaje (Valenciano, castellano)<\/li>\n<li>Inter\u00e9s. (Impacto del relato)<\/li>\n<li>Originalidad.<\/li>\n<li>Est\u00e9tica.<\/li>\n<\/ul>\n<p style=\"text-align: justify;\">La participaci\u00f3n en este certamen implica la aceptaci\u00f3n de las presentes bases y de los derechos y las obligaciones que de ellas se derivan.<br \/> <em>En Elx, a 21 de Octubre de 2020<\/em><\/p>\n<p>&nbsp;<\/p>\n<p>&nbsp;<\/p>\n<p>[\/et_pb_text][\/et_pb_column][\/et_pb_row][et_pb_row _builder_version=\u00bb4.4.3&#8243;][et_pb_column type=\u00bb4_4&#8243; _builder_version=\u00bb4.4.3&#8243;][et_pb_text _builder_version=\u00bb4.4.3&#8243;]<\/p>\n<h3 style=\"text-align: center;\"><strong>PATROCINADORS<\/strong><\/h3>\n<p>[\/et_pb_text][\/et_pb_column][\/et_pb_row][\/et_pb_section][et_pb_section fb_built=\u00bb1&#8243; _builder_version=\u00bb3.22&#8243; min_height=\u00bb552px\u00bb][et_pb_row column_structure=\u00bb1_2,1_2&#8243; _builder_version=\u00bb3.25&#8243; background_size=\u00bbinitial\u00bb background_position=\u00bbtop_left\u00bb background_repeat=\u00bbrepeat\u00bb][et_pb_column type=\u00bb1_2&#8243; _builder_version=\u00bb3.25&#8243; custom_padding=\u00bb|||\u00bb custom_padding__hover=\u00bb|||\u00bb][et_pb_image src=\u00bbhttps:\/\/raval.es\/elx\/wp-content\/uploads\/2020\/11\/ali-i-truc.jpg\u00bb url=\u00bbhttps:\/\/www.facebook.com\/llibreriaaliitruc\u00bb _builder_version=\u00bb4.4.3&#8243;][\/et_pb_image][et_pb_image src=\u00bbhttps:\/\/raval.es\/elx\/wp-content\/uploads\/2020\/11\/Beatriz.jpg\u00bb url=\u00bbhttps:\/\/www.podologiabeatriz.com\/\u00bb _builder_version=\u00bb4.4.3&#8243;][\/et_pb_image][\/et_pb_column][et_pb_column type=\u00bb1_2&#8243; _builder_version=\u00bb4.4.3&#8243;][et_pb_image src=\u00bbhttps:\/\/raval.es\/elx\/wp-content\/uploads\/2020\/11\/LaGatera.jpg\u00bb url=\u00bbhttps:\/\/www.facebook.com\/gateraelche\u00bb _builder_version=\u00bb4.4.3&#8243;][\/et_pb_image][et_pb_image src=\u00bbhttps:\/\/raval.es\/elx\/wp-content\/uploads\/2020\/11\/Antonio.jpg\u00bb _builder_version=\u00bb4.4.3&#8243;][\/et_pb_image][\/et_pb_column][\/et_pb_row][et_pb_row column_structure=\u00bb1_3,1_3,1_3&#8243; _builder_version=\u00bb3.25&#8243; background_size=\u00bbinitial\u00bb background_position=\u00bbtop_left\u00bb background_repeat=\u00bbrepeat\u00bb][et_pb_column type=\u00bb1_3&#8243; _builder_version=\u00bb3.25&#8243; custom_padding=\u00bb|||\u00bb custom_padding__hover=\u00bb|||\u00bb][et_pb_image _builder_version=\u00bb4.4.3&#8243;][\/et_pb_image][et_pb_image src=\u00bbhttps:\/\/raval.es\/elx\/wp-content\/uploads\/2020\/11\/paquito.jpg\u00bb url=\u00bbhttps:\/\/barpaquito.com\/\u00bb _builder_version=\u00bb4.4.3&#8243;][\/et_pb_image][et_pb_image src=\u00bbhttps:\/\/raval.es\/elx\/wp-content\/uploads\/2020\/11\/FruitesLaura.jpg\u00bb url=\u00bbhttps:\/\/www.facebook.com\/frutaslaura\u00bb _builder_version=\u00bb4.4.3&#8243;][\/et_pb_image][\/et_pb_column][et_pb_column type=\u00bb1_3&#8243; _builder_version=\u00bb3.25&#8243; custom_padding=\u00bb|||\u00bb custom_padding__hover=\u00bb|||\u00bb][et_pb_image src=\u00bbhttps:\/\/raval.es\/elx\/wp-content\/uploads\/2020\/11\/seneca.jpg\u00bb url=\u00bbhttps:\/\/www.senecalibros.com\/\u00bb _builder_version=\u00bb4.4.3&#8243;][\/et_pb_image][et_pb_image src=\u00bbhttps:\/\/raval.es\/elx\/wp-content\/uploads\/2020\/11\/bonete.jpg\u00bb url=\u00bbhttps:\/\/www.anabonete.es\/\u00bb _builder_version=\u00bb4.4.3&#8243;][\/et_pb_image][et_pb_image src=\u00bbhttps:\/\/raval.es\/elx\/wp-content\/uploads\/2020\/11\/federacio-aavv-logoval.jpg\u00bb url=\u00bbhttps:\/\/www.federacionvecinoselche.org\/\u00bb _builder_version=\u00bb4.4.3&#8243;][\/et_pb_image][\/et_pb_column][et_pb_column type=\u00bb1_3&#8243; _builder_version=\u00bb4.4.3&#8243;][et_pb_image src=\u00bbhttps:\/\/raval.es\/elx\/wp-content\/uploads\/2020\/11\/salvador.jpg\u00bb url=\u00bbhttps:\/\/www.facebook.com\/Papeler%C3%ADa-el-Salvador-1066844366694255&#8243; _builder_version=\u00bb4.4.3&#8243;][\/et_pb_image][et_pb_image src=\u00bbhttps:\/\/raval.es\/elx\/wp-content\/uploads\/2020\/11\/tempir.jpg\u00bb url=\u00bbhttp:\/\/eltempir.cat\/\u00bb _builder_version=\u00bb4.4.3&#8243;][\/et_pb_image][et_pb_image src=\u00bbhttps:\/\/raval.es\/elx\/wp-content\/uploads\/2020\/11\/Beni.jpg\u00bb url=\u00bbhttps:\/\/www.facebook.com\/desvanbeni\u00bb _builder_version=\u00bb4.4.3&#8243;][\/et_pb_image][\/et_pb_column][\/et_pb_row][\/et_pb_section][et_pb_section fb_built=\u00bb1&#8243; _builder_version=\u00bb3.22&#8243; custom_padding=\u00bb0px|||||\u00bb][\/et_pb_section]<\/p>\n","protected":false},"excerpt":{"rendered":"<p>PRORROGAT PLA\u00c7 DE PRESENTACI\u00d3: Fins l&#8217;1 d&#8217;Abril de 2021<br \/>\nL\u2019Associaci\u00f3 Ve\u00efnal Raval d\u2019Elx convoca el quart concurs de relat curt amb l\u2019objectiu de promoure les activitats liter\u00e0ries en la nostra ciutat. BASES<\/p>\n","protected":false},"author":1,"featured_media":4539,"comment_status":"closed","ping_status":"closed","sticky":false,"template":"","format":"standard","meta":{"_et_pb_use_builder":"on","_et_pb_old_content":"","_et_gb_content_width":"2880","_joinchat":[],"footnotes":""},"categories":[134,64,133],"tags":[],"class_list":["post-4363","post","type-post","status-publish","format-standard","has-post-thumbnail","hentry","category-134","category-actividades","category-certamen-relats"],"_links":{"self":[{"href":"https:\/\/raval.es\/elx\/wp-json\/wp\/v2\/posts\/4363","targetHints":{"allow":["GET"]}}],"collection":[{"href":"https:\/\/raval.es\/elx\/wp-json\/wp\/v2\/posts"}],"about":[{"href":"https:\/\/raval.es\/elx\/wp-json\/wp\/v2\/types\/post"}],"author":[{"embeddable":true,"href":"https:\/\/raval.es\/elx\/wp-json\/wp\/v2\/users\/1"}],"replies":[{"embeddable":true,"href":"https:\/\/raval.es\/elx\/wp-json\/wp\/v2\/comments?post=4363"}],"version-history":[{"count":16,"href":"https:\/\/raval.es\/elx\/wp-json\/wp\/v2\/posts\/4363\/revisions"}],"predecessor-version":[{"id":4543,"href":"https:\/\/raval.es\/elx\/wp-json\/wp\/v2\/posts\/4363\/revisions\/4543"}],"wp:featuredmedia":[{"embeddable":true,"href":"https:\/\/raval.es\/elx\/wp-json\/wp\/v2\/media\/4539"}],"wp:attachment":[{"href":"https:\/\/raval.es\/elx\/wp-json\/wp\/v2\/media?parent=4363"}],"wp:term":[{"taxonomy":"category","embeddable":true,"href":"https:\/\/raval.es\/elx\/wp-json\/wp\/v2\/categories?post=4363"},{"taxonomy":"post_tag","embeddable":true,"href":"https:\/\/raval.es\/elx\/wp-json\/wp\/v2\/tags?post=4363"}],"curies":[{"name":"wp","href":"https:\/\/api.w.org\/{rel}","templated":true}]}}