{"id":4394,"date":"2019-04-28T18:39:00","date_gmt":"2019-04-28T18:39:00","guid":{"rendered":"https:\/\/raval.es\/elx\/?p=4394"},"modified":"2021-09-19T13:28:01","modified_gmt":"2021-09-19T13:28:01","slug":"premiats3certamen","status":"publish","type":"post","link":"https:\/\/raval.es\/elx\/premiats3certamen\/","title":{"rendered":"Adri\u00e1n E. Belmonte y Sof\u00eda Marim\u00f3n premiados"},"content":{"rendered":"<div id=\"fb-root\"><\/div>\n\n[et_pb_section fb_built=\u00bb1&#8243; _builder_version=\u00bb3.22&#8243;][et_pb_row _builder_version=\u00bb3.25&#8243; background_size=\u00bbinitial\u00bb background_position=\u00bbtop_left\u00bb background_repeat=\u00bbrepeat\u00bb column_structure=\u00bb1_3,2_3&#8243;][et_pb_column type=\u00bb1_3&#8243; _builder_version=\u00bb3.25&#8243; custom_padding=\u00bb|||\u00bb custom_padding__hover=\u00bb|||\u00bb][et_pb_image src=\u00bbhttps:\/\/raval.es\/elx\/wp-content\/uploads\/2020\/11\/IMG-20190427-WA0082.jpg\u00bb align_tablet=\u00bbcenter\u00bb align_last_edited=\u00bbon|desktop\u00bb _builder_version=\u00bb4.4.3&#8243; hover_enabled=\u00bb0&#8243; always_center_on_mobile=\u00bbon\u00bb][\/et_pb_image][\/et_pb_column][et_pb_column type=\u00bb2_3&#8243; _builder_version=\u00bb3.25&#8243; custom_padding=\u00bb|||\u00bb custom_padding__hover=\u00bb|||\u00bb][et_pb_text _builder_version=\u00bb4.4.3&#8243; hover_enabled=\u00bb0&#8243;]<p>El 27 de Abril se otorgaron los premios del Certamen de Relatos Cortos \u00abRaval d&#8217;Elx\u00bb de 2019, con los relatos:<\/p>\n<p><a href=\"https:\/\/raval.es\/elx\/recuerdo-adrian\/\"><strong>\u00abEl recuerdo envenenado\u201d<\/strong><\/a> (Adri\u00e1n E. Belmonte Garc\u00eda), Primer Premio modalidad adultos<\/p>\n<p><a href=\"https:\/\/raval.es\/elx\/tuyyo-sofia\/\"><strong>\u00abTu y yo por siempre\u00bb<\/strong><\/a> (Sof\u00eda Marim\u00f3n Shalimova), Primer Premio modalidad Infantil<\/p>\n<p>El acto cont\u00f3 con la actuaci\u00f3n pevia del grupo GATETEMON<\/p>\n[\/et_pb_text][\/et_pb_column][\/et_pb_row][et_pb_row _builder_version=\u00bb3.25&#8243; background_size=\u00bbinitial\u00bb background_position=\u00bbtop_left\u00bb background_repeat=\u00bbrepeat\u00bb][et_pb_column type=\u00bb4_4&#8243; _builder_version=\u00bb3.25&#8243; custom_padding=\u00bb|||\u00bb custom_padding__hover=\u00bb|||\u00bb][et_pb_image src=\u00bbhttps:\/\/raval.es\/elx\/wp-content\/uploads\/2020\/11\/gatetemon.jpg\u00bb _builder_version=\u00bb4.4.3&#8243; hover_enabled=\u00bb0&#8243;][\/et_pb_image][\/et_pb_column][\/et_pb_row][\/et_pb_section]\n","protected":false},"excerpt":{"rendered":"<p>Guanyadors del III Certamen de Relats Curts \u00abRaval d&#8217;Elx\u00bb<\/p>\n","protected":false},"author":1,"featured_media":4395,"comment_status":"open","ping_status":"open","sticky":false,"template":"","format":"standard","meta":{"_et_pb_use_builder":"on","_et_pb_old_content":"<p>e<img class=\"size-medium wp-image-2057 alignleft\" src=\"http:\/\/raval.es\/elx\/wp-content\/uploads\/2018\/04\/premiats-1-177x300.jpg\" alt=\"\" width=\"177\" height=\"300\" \/>n el Certamen de Relatos Cortos \"Raval d'Elx\" de 2018, con los relatos:<\/p><p><strong><a href=\"http:\/\/raval.es\/elx\/la-cuna-de-la-ravalucio\/\">\"La Cuna de la Ravaluci\u00f3<\/a>\u201d<\/strong> (Alberto Mart\u00edn Guti\u00e9rrez), Primer Premio modalidad adultos<\/p><p><strong>\"Distancia\"<\/strong> (Daniela Ayala), Primer Premio modalidad Infantil<\/p><p><a href=\"http:\/\/raval.es\/elx\/certamen-literari-2-2\/\">(lista completa de relatos premiados en este enlace)<\/a><\/p><p>Galer\u00eda fotogr\u00e1fica del acto [FAG id=2067]<\/p>","_et_gb_content_width":"","_joinchat":[],"footnotes":""},"categories":[94,64,133],"tags":[],"class_list":["post-4394","post","type-post","status-publish","format-standard","has-post-thumbnail","hentry","category-94","category-actividades","category-certamen-relats"],"_links":{"self":[{"href":"https:\/\/raval.es\/elx\/wp-json\/wp\/v2\/posts\/4394","targetHints":{"allow":["GET"]}}],"collection":[{"href":"https:\/\/raval.es\/elx\/wp-json\/wp\/v2\/posts"}],"about":[{"href":"https:\/\/raval.es\/elx\/wp-json\/wp\/v2\/types\/post"}],"author":[{"embeddable":true,"href":"https:\/\/raval.es\/elx\/wp-json\/wp\/v2\/users\/1"}],"replies":[{"embeddable":true,"href":"https:\/\/raval.es\/elx\/wp-json\/wp\/v2\/comments?post=4394"}],"version-history":[{"count":4,"href":"https:\/\/raval.es\/elx\/wp-json\/wp\/v2\/posts\/4394\/revisions"}],"predecessor-version":[{"id":4410,"href":"https:\/\/raval.es\/elx\/wp-json\/wp\/v2\/posts\/4394\/revisions\/4410"}],"wp:featuredmedia":[{"embeddable":true,"href":"https:\/\/raval.es\/elx\/wp-json\/wp\/v2\/media\/4395"}],"wp:attachment":[{"href":"https:\/\/raval.es\/elx\/wp-json\/wp\/v2\/media?parent=4394"}],"wp:term":[{"taxonomy":"category","embeddable":true,"href":"https:\/\/raval.es\/elx\/wp-json\/wp\/v2\/categories?post=4394"},{"taxonomy":"post_tag","embeddable":true,"href":"https:\/\/raval.es\/elx\/wp-json\/wp\/v2\/tags?post=4394"}],"curies":[{"name":"wp","href":"https:\/\/api.w.org\/{rel}","templated":true}]}}