{"id":4404,"date":"2018-05-01T19:19:10","date_gmt":"2018-05-01T19:19:10","guid":{"rendered":"https:\/\/raval.es\/elx\/?p=4404"},"modified":"2020-11-01T19:19:57","modified_gmt":"2020-11-01T19:19:57","slug":"distancia-daniela-ayala","status":"publish","type":"post","link":"https:\/\/raval.es\/elx\/distancia-daniela-ayala\/","title":{"rendered":"Distancia (Daniela Ayala)"},"content":{"rendered":"<div id=\"fb-root\"><\/div>\n<p>Despu\u00e9s de dos meses, quedaban menos de doce horas para coger el avi\u00f3n. Aquel<br \/>\navi\u00f3n que la alejar\u00eda de su ciudad, su barrio, su familia y amigos, incluso del pa\u00eds del<br \/>\ncual nunca hab\u00eda salido. Las maletas estaban hechas desde hace d\u00edas y puestas justo al lado de la puerta, record\u00e1ndole durante ese \u00faltimo mes que cada vez quedaba menos. Nunca lleg\u00f3 a imaginar que esto pasar\u00eda de verdad, hay veces que te pasan cosas tan inimaginables que ni aunque las tengas delante, te lo crees. Era el caso de Mina. Mina hac\u00eda apenas unos meses que hab\u00eda acabado la universidad, nada m\u00e1s salir oincluso antes, la empresa donde hab\u00eda hecho las pr\u00e1cticas, la reclamaba, hab\u00eda destacado por su astucia en momentos de presi\u00f3n y eso hab\u00eda hecho que no solo le ofrecieran un trabajo sino que adem\u00e1s era en una de sus principales sucursales.<\/p>\n<p>Mina deb\u00eda viajar ese mismo d\u00eda a Estados Unidos para ponerse enseguida manos a la obra adem\u00e1s de tener dos meses de adaptaci\u00f3n. Es evidente que no es lo mismo Estados Unidos que Espa\u00f1a.<\/p>\n<p>Aunque todo eran nervios y alegr\u00eda tanto por ella como la gente de su alrededor,<br \/>\nhab\u00eda una persona que a\u00fan desconoc\u00eda su marcha. No era ni m\u00e1s ni menos que Lucas. Aquel chico pelirrojo que conoci\u00f3 cuando ten\u00eda catorce a\u00f1os, t\u00edmido pero alegre, que no era capaz de hablarle ni a la profesora el primer d\u00eda de clase, pero que a ella solo le cost\u00f3 una clase para conseguir que riera un poco. Lucas y Mina son aquellos amigos inseparables que se hac\u00edan notar en el instituto. Lucas era nuevo en Elche, ven\u00eda de la parte norte de la Pen\u00ednsula Ib\u00e9rica, y, como todo chico nuevo en un barrio desconocido, donde todos parec\u00edan conocerse como era el caso del Raval, conocer a Mina, una chica de alegres ojos azulados y con una energ\u00eda que cualquiera se sent\u00eda feliz en un d\u00eda nublado, fue una salvaci\u00f3n. Cabe destacar que tiempo despu\u00e9s ellos dejaron de ser solo amigos.<\/p>\n<p>Mina ten\u00eda demasiadas cosas en la cabeza, hab\u00eda sido un gran error el de esperar tanto para decirle, era m\u00e1s que evidente su reacci\u00f3n. Pero aun as\u00ed, lo hecho, hecho est\u00e1 y ahora solo pod\u00eda asumir sus errores.<\/p>\n<p>Los dos j\u00f3venes hab\u00edan quedado en verse en la Plaza Mayor del barrio, la chica fue la \u00faltima en llegar. Ni siquiera pudo pronunciar saludo, la expresi\u00f3n de \u00e9l lo delataba. Lo sab\u00eda, no sab\u00eda c\u00f3mo se hab\u00eda enterado pero lo sab\u00eda. La reacci\u00f3n no fue menos de la que esperaba, pero ella cre\u00eda estar preparada para lo que le dijese, lo que hiciese o al menos, estar segura de c\u00f3mo reaccionar. Mentira. En cuanto \u00e9l le pregunto si era cierto aquello que hab\u00eda escuchado a dos vecinas decir, las l\u00e1grimas empezaron a asomar, no hubo respuesta, Mina solo respondi\u00f3 con una serie de \u00ablo siento\u00bb.<\/p>\n<p>El pelirrojo no sab\u00eda qu\u00e9 decir, las palabras no sal\u00edan y la garganta estaba seca. No se enfad\u00f3, no dijo nada m\u00e1s, su cara solo reflejaba el asombro y la decepci\u00f3n. Mina por otro lado, analizaba su cara en busca de algo, esperaba que \u00e9l le gritase o discutieran, no era lo que quer\u00eda pero era lo que esperaba.<\/p>\n<p>Pero todo lo que ten\u00edan pendiente de decirse se qued\u00f3 en un silencio permanente, ni siquiera se replantearon la posibilidad de que esa fuera su \u00faltima conversaci\u00f3n, a solas y cara a cara. Lucas abandon\u00f3 la plaza a paso ligero, Mina ni intent\u00f3 seguirla, sab\u00eda que con una reacci\u00f3n otra las cosas acabar\u00edan igual.<\/p>\n<p>Las primeras horas fueron eternas, el mismo tema atormentaba la cabeza de la pelinegra, Lucas al fin y al cabo ha sido su primer amor y, a diferencia de con otros, no se arrepiente de lo hecho con \u00e9l. Al primer amor siempre dicen que es al que m\u00e1s esfuerzo le dedicas y por lo tanto, nunca se olvida; Mina nunca hab\u00eda entendido esas palabras hasta ahora, siempre le hab\u00edan parecido habladur\u00edas, exageraciones, tonter\u00edas&#8230; de adolescentes, ni\u00f1os y ni\u00f1as de catorce a\u00f1os creyendo saber lo que es el amor, pero ella, que lo hab\u00eda vivido desde aquella edad hasta ahora, s\u00ed entend\u00eda aquel dolor en el pecho. Lo que sin duda no se perdonar\u00eda ser\u00eda que Lucas ahora la tomar\u00eda como mentirosa o tal vez, tramposa , al no contarle aquello antes y menos con sus planes de ir a Madrid, a la capital \u00bfpor que no? Siempre les hab\u00eda agradado esa idea, alquilar un piso, tal vez hacer un m\u00e1ster o no, trabajar, cualquier cosa, lejos de su familia, pero a la vez no demasiado.<\/p>\n<p>Por la cabeza de Mina hab\u00eda pasado la idea de pedirle a Lucas que fueran juntos, pero no pod\u00eda hacer eso, la vida de \u00e9l estaba aqu\u00ed, adem\u00e1s ya hab\u00eda solicitado la plaza para el m\u00e1ster. Mina cay\u00f3 en la reflexi\u00f3n de que si quer\u00edan seguir juntos como pareja, alguno deb\u00eda renunciar, pero eso no era una opci\u00f3n para ella. \u00bfQu\u00e9 gracia ten\u00eda que solo uno pudiera hacer lo que de verdad quiere?<\/p>\n<p>La hora hab\u00eda llegado, a la pelinegra le cost\u00f3 salir de la casa con tanto abrazo y beso por parte de los familiares que hab\u00edan ido para despedirla. Al final, su hermano logr\u00f3 sacarla de all\u00ed, subieron al coche y con una ligera conversaci\u00f3n llegaron al momento; momento en el que ya estaban cruzando las puertas del aeropuerto. La gente que sal\u00eda y entraba sin parar, con maletas o sin ellas. Tras un corto paseo por pasillos y se\u00f1ales, fue el momento de despedirse en la puerta de los controles, donde solo viajeros pod\u00edan acceder. Cuando Mina finaliz\u00f3 el abrazo con su hermano, pudo apreciar a lo lejos una melena pelirroja. No pasaron ni dos minutos cuando Lucas la abraz\u00f3 por la cintura y ella le correspondi\u00f3 abraz\u00e1ndolo por el cuello.<\/p>\n<p>Como en su \u00faltima conversaci\u00f3n, el silencio entre ellos no se rompi\u00f3, pero en su caso era porque las palabras sobraban. La relaci\u00f3n hab\u00eda finalizado de la mejor forma, no quedar\u00edan rencores, ni palabras nunca dichas, aquel abrazo fue como solucionar todo , problema de una vez. Mina pod\u00eda empezar una nueva vida en Estados Unidos sin otras cosas en las que pensar que no sea su trabajo all\u00ed y Lucas se ir\u00eda a Madrid a seguir especializ\u00e1ndose. Sin duda, la frase que le hab\u00eda ayudado a tomar esa decisi\u00f3n se aplicaba perfectamente en su caso: \u00absi amas algo, d\u00e9jalo libre\u00bb. Todo acab\u00f3 como deb\u00eda.<\/p>\n","protected":false},"excerpt":{"rendered":"<p>Despu\u00e9s de dos meses, quedaban menos de doce horas para coger el avi\u00f3n. Aquel avi\u00f3n que la alejar\u00eda de su ciudad, su barrio, su familia y amigos, incluso del pa\u00eds del cual nunca hab\u00eda salido. Las maletas estaban hechas desde hace d\u00edas y puestas justo al lado de la puerta, record\u00e1ndole durante ese \u00faltimo mes [&hellip;]<\/p>\n","protected":false},"author":1,"featured_media":0,"comment_status":"open","ping_status":"open","sticky":false,"template":"","format":"standard","meta":{"_et_pb_use_builder":"","_et_pb_old_content":"","_et_gb_content_width":"","_joinchat":[],"footnotes":""},"categories":[62],"tags":[],"class_list":["post-4404","post","type-post","status-publish","format-standard","hentry","category-publicacions"],"_links":{"self":[{"href":"https:\/\/raval.es\/elx\/wp-json\/wp\/v2\/posts\/4404","targetHints":{"allow":["GET"]}}],"collection":[{"href":"https:\/\/raval.es\/elx\/wp-json\/wp\/v2\/posts"}],"about":[{"href":"https:\/\/raval.es\/elx\/wp-json\/wp\/v2\/types\/post"}],"author":[{"embeddable":true,"href":"https:\/\/raval.es\/elx\/wp-json\/wp\/v2\/users\/1"}],"replies":[{"embeddable":true,"href":"https:\/\/raval.es\/elx\/wp-json\/wp\/v2\/comments?post=4404"}],"version-history":[{"count":1,"href":"https:\/\/raval.es\/elx\/wp-json\/wp\/v2\/posts\/4404\/revisions"}],"predecessor-version":[{"id":4406,"href":"https:\/\/raval.es\/elx\/wp-json\/wp\/v2\/posts\/4404\/revisions\/4406"}],"wp:attachment":[{"href":"https:\/\/raval.es\/elx\/wp-json\/wp\/v2\/media?parent=4404"}],"wp:term":[{"taxonomy":"category","embeddable":true,"href":"https:\/\/raval.es\/elx\/wp-json\/wp\/v2\/categories?post=4404"},{"taxonomy":"post_tag","embeddable":true,"href":"https:\/\/raval.es\/elx\/wp-json\/wp\/v2\/tags?post=4404"}],"curies":[{"name":"wp","href":"https:\/\/api.w.org\/{rel}","templated":true}]}}