{"id":4490,"date":"2020-12-28T20:48:23","date_gmt":"2020-12-28T20:48:23","guid":{"rendered":"https:\/\/raval.es\/elx\/?p=4490"},"modified":"2021-09-19T13:40:32","modified_gmt":"2021-09-19T13:40:32","slug":"presentahort","status":"publish","type":"post","link":"https:\/\/raval.es\/elx\/presentahort\/","title":{"rendered":"Presentaci\u00f3 de l&#8217;HORT DE FELIP"},"content":{"rendered":"<div id=\"fb-root\"><\/div>\n<h4><img loading=\"lazy\" decoding=\"async\" class=\"wp-image-4495 size-full aligncenter\" src=\"https:\/\/raval.es\/elx\/wp-content\/uploads\/2020\/12\/hortdefelip-30D.jpg\" alt=\"\" width=\"709\" height=\"372\" srcset=\"https:\/\/raval.es\/elx\/wp-content\/uploads\/2020\/12\/hortdefelip-30D.jpg 709w, https:\/\/raval.es\/elx\/wp-content\/uploads\/2020\/12\/hortdefelip-30D-480x252.jpg 480w\" sizes=\"auto, (min-width: 0px) and (max-width: 480px) 480px, (min-width: 481px) 709px, 100vw\" \/><\/h4>\n<div class=\"kvgmc6g5 cxmmr5t8 oygrvhab hcukyx3x c1et5uql\"><strong>Ja est\u00e0 molt a prop l&#8217;inici de les activitats en l&#8217;horta urbana i ecol\u00f2gica enclavada en l&#8217;Hort de Felip.<\/strong> Aquest dimecres, 30, si vols saber m\u00e9s sobre aix\u00f2 pots acostar-te al pati de la EPA Merc\u00e8 Rodoreda<br \/>\nA m\u00e9s de la taula informativa, hi haur\u00e0 una sessi\u00f3 de Tai-Chi amb Pepe Sobradelo i visites guiades a l&#8217;empla\u00e7ament de l&#8217;hort.<br \/>\nPer la situaci\u00f3 que vivim l&#8217;aforament i les activitats s\u00f3n molt limitades per aix\u00f2 \u00e9s molt convenient que reserves pla\u00e7a en <a class=\"oajrlxb2 g5ia77u1 qu0x051f esr5mh6w e9989ue4 r7d6kgcz rq0escxv nhd2j8a9 nc684nl6 p7hjln8o kvgmc6g5 cxmmr5t8 oygrvhab hcukyx3x jb3vyjys rz4wbd8a qt6c0cv9 a8nywdso i1ao9s8h esuyzwwr f1sip0of lzcic4wl py34i1dx gpro0wi8\" tabindex=\"0\" role=\"link\" href=\"https:\/\/www.raval.es\/2020\" target=\"_blank\" rel=\"nofollow noopener noreferrer\"><strong>www.raval.es\/2020<\/strong><\/a><br \/>\nSi no pots vindre estigues atent, continuarem informant&#8230;<br \/>\n===<br \/>\nYa est\u00e1 muy cerca el inicio de las actividades en la huerta urbana y ecol\u00f3gica enclavada en el <strong>Hort de Felip<\/strong>. Este mi\u00e9rcoles, 30, si quieres saber m\u00e1s sobre ello puedes acercarte al patio de la EPA Merc\u00e8 Rodoreda<br \/>\nAdem\u00e1s de la mesa informativa, habr\u00e1 una sesi\u00f3n de Tai-Chi con Pepe Sobradelo y visitas guiadas al emplazamiento del huerto.<br \/>\nPor la situaci\u00f3n que vivimos el aforo y las actividades son muy limitadas por lo que es muy conveniente que reserves plaza en <strong><a class=\"oajrlxb2 g5ia77u1 qu0x051f esr5mh6w e9989ue4 r7d6kgcz rq0escxv nhd2j8a9 nc684nl6 p7hjln8o kvgmc6g5 cxmmr5t8 oygrvhab hcukyx3x jb3vyjys rz4wbd8a qt6c0cv9 a8nywdso i1ao9s8h esuyzwwr f1sip0of lzcic4wl py34i1dx gpro0wi8\" tabindex=\"0\" role=\"link\" href=\"https:\/\/www.raval.es\/2020\" target=\"_blank\" rel=\"nofollow noopener noreferrer\">www.raval.es\/2020<\/a><\/strong><br \/>\nSi no puedes venir estate atento, seguiremos informando en lo sucesivo<\/p>\n<div class=\"oajrlxb2 g5ia77u1 qu0x051f esr5mh6w e9989ue4 r7d6kgcz rq0escxv nhd2j8a9 nc684nl6 p7hjln8o kvgmc6g5 cxmmr5t8 oygrvhab hcukyx3x jb3vyjys rz4wbd8a qt6c0cv9 a8nywdso i1ao9s8h esuyzwwr f1sip0of lzcic4wl oo9gr5id gpro0wi8 lrazzd5p\" tabindex=\"0\" role=\"button\">Ver menos<\/div>\n<\/div>\n<div class=\"gl3lb2sf\"><\/div>\n","protected":false},"excerpt":{"rendered":"<p>Pati  de l&#8217;Escola d&#8217;Adults Merc\u00e8 Rodoreda &#8211; Dimecres, 30 de Desembre de 2020<\/p>\n","protected":false},"author":1,"featured_media":4495,"comment_status":"closed","ping_status":"closed","sticky":false,"template":"","format":"standard","meta":{"_et_pb_use_builder":"","_et_pb_old_content":"","_et_gb_content_width":"","_joinchat":[],"footnotes":""},"categories":[101,64,136,54],"tags":[],"class_list":["post-4490","post","type-post","status-publish","format-standard","has-post-thumbnail","hentry","category-101","category-actividades","category-hort-de-felip","category-hort-urba"],"_links":{"self":[{"href":"https:\/\/raval.es\/elx\/wp-json\/wp\/v2\/posts\/4490","targetHints":{"allow":["GET"]}}],"collection":[{"href":"https:\/\/raval.es\/elx\/wp-json\/wp\/v2\/posts"}],"about":[{"href":"https:\/\/raval.es\/elx\/wp-json\/wp\/v2\/types\/post"}],"author":[{"embeddable":true,"href":"https:\/\/raval.es\/elx\/wp-json\/wp\/v2\/users\/1"}],"replies":[{"embeddable":true,"href":"https:\/\/raval.es\/elx\/wp-json\/wp\/v2\/comments?post=4490"}],"version-history":[{"count":4,"href":"https:\/\/raval.es\/elx\/wp-json\/wp\/v2\/posts\/4490\/revisions"}],"predecessor-version":[{"id":4497,"href":"https:\/\/raval.es\/elx\/wp-json\/wp\/v2\/posts\/4490\/revisions\/4497"}],"wp:featuredmedia":[{"embeddable":true,"href":"https:\/\/raval.es\/elx\/wp-json\/wp\/v2\/media\/4495"}],"wp:attachment":[{"href":"https:\/\/raval.es\/elx\/wp-json\/wp\/v2\/media?parent=4490"}],"wp:term":[{"taxonomy":"category","embeddable":true,"href":"https:\/\/raval.es\/elx\/wp-json\/wp\/v2\/categories?post=4490"},{"taxonomy":"post_tag","embeddable":true,"href":"https:\/\/raval.es\/elx\/wp-json\/wp\/v2\/tags?post=4490"}],"curies":[{"name":"wp","href":"https:\/\/api.w.org\/{rel}","templated":true}]}}