{"id":4545,"date":"2021-02-28T08:45:00","date_gmt":"2021-02-28T08:45:00","guid":{"rendered":"https:\/\/raval.es\/elx\/?p=4545"},"modified":"2024-02-04T19:54:25","modified_gmt":"2024-02-04T19:54:25","slug":"hortdefelip21","status":"publish","type":"post","link":"https:\/\/raval.es\/elx\/hortdefelip21\/","title":{"rendered":"Hort de Felip, ecol\u00f2gic i urb\u00e0"},"content":{"rendered":"<div id=\"fb-root\"><\/div>\n\n[et_pb_section fb_built=\u00bb1&#8243; _builder_version=\u00bb4.6.6&#8243; _module_preset=\u00bbdefault\u00bb][et_pb_row column_structure=\u00bb2_5,3_5&#8243; _builder_version=\u00bb4.6.6&#8243; _module_preset=\u00bbdefault\u00bb min_height=\u00bb386px\u00bb][et_pb_column type=\u00bb2_5&#8243; _builder_version=\u00bb4.6.6&#8243; _module_preset=\u00bbdefault\u00bb][et_pb_image src=\u00bbhttps:\/\/raval.es\/elx\/wp-content\/uploads\/2021\/02\/HdFfeb213.jpg\u00bb title_text=\u00bbHdFfeb213&#8243; align=\u00bbcenter\u00bb _builder_version=\u00bb4.6.6&#8243; _module_preset=\u00bbdefault\u00bb height=\u00bb350px\u00bb][\/et_pb_image][\/et_pb_column][et_pb_column type=\u00bb3_5&#8243; _builder_version=\u00bb4.6.6&#8243; _module_preset=\u00bbdefault\u00bb][et_pb_text _builder_version=\u00bb4.6.6&#8243; _module_preset=\u00bbdefault\u00bb]<p>Aquest mes de mar\u00e7 comen\u00e7a l&#8217;activitat en l&#8217;Hort de Felip.<br \/> Ja esta tancat el pla\u00e7 de sol\u00b7licitud de les micro parcel\u00b7les<strong>, en breu es publicaran les assignacions<\/strong>.<\/p>\n<p>Tamb\u00e9 pots consultar les bases de la convocat\u00f2ria aix\u00ed com les regles de funcionament de la ecohorta Hort de Felip (tots eixos enlla\u00e7os els tens a continuaci\u00f3)<\/p>[\/et_pb_text][et_pb_text _builder_version=\u00bb4.6.6&#8243; _module_preset=\u00bbdefault\u00bb]<p><span style=\"color: #3366ff;\">Este mes de marzo comienza la actividad en el Hort de Felip.<\/span><br \/><span style=\"color: #3366ff;\"> Ya est\u00e1 cerrado el plazo de solicitud de las microparcelas <strong>en breve se publicar\u00e1n las asignaciones<\/strong>.<\/span><\/p>\n<p><span style=\"color: #3366ff;\">Puedes consultar las bases de la convocatoria as\u00ed como las reglas de funcionamiento del ecohuerto Hort de Felip (todos esos enlaces los tienes a continuaci\u00f3n)<\/span><\/p>[\/et_pb_text][\/et_pb_column][\/et_pb_row][et_pb_row column_structure=\u00bb1_3,1_3,1_3&#8243; _builder_version=\u00bb4.6.6&#8243; _module_preset=\u00bbdefault\u00bb background_color=\u00bbrgba(0,0,0,0)\u00bb][et_pb_column type=\u00bb1_3&#8243; _builder_version=\u00bb4.6.6&#8243; _module_preset=\u00bbdefault\u00bb background_color=\u00bb#88c4dd\u00bb][et_pb_text _builder_version=\u00bb4.6.6&#8243; _module_preset=\u00bbdefault\u00bb hover_enabled=\u00bb0&#8243; sticky_enabled=\u00bb0&#8243;]<p>&nbsp;<\/p>\n<h3 style=\"text-align: center;\"><a href=\"https:\/\/raval.es\/horta2021\"><span style=\"color: #ffffff;\"><strong googl=\"true\">PLAZO DE SOLICITUD CERRADO<br \/>EN BREVE SE PUBLICAR\u00c1N LAS ASIGNACIONES<\/strong><\/span><\/a><\/h3>\n<p>&nbsp;<\/p>\n[\/et_pb_text][\/et_pb_column][et_pb_column type=\u00bb1_3&#8243; _builder_version=\u00bb4.6.6&#8243; _module_preset=\u00bbdefault\u00bb background_color=\u00bb#88c4dd\u00bb][et_pb_text _builder_version=\u00bb4.6.6&#8243; _module_preset=\u00bbdefault\u00bb]<p>&nbsp;<\/p>\n<h3 style=\"text-align: center;\"><a href=\"https:\/\/raval.es\/dox\/REGLAMENT_HORTA2021.pdf\"><span style=\"color: #ff0000;\"><span style=\"color: #ffffff;\"><strong>REGLAMENT INTERN <\/strong>(PDF)<\/span><strong><br \/> <\/strong><\/span><\/a><\/h3>\n<p><a href=\"https:\/\/raval.es\/dox\/REGLAMENT_HORTA2021.pdf\"><img loading=\"lazy\" decoding=\"async\" src=\"https:\/\/raval.es\/elx\/wp-content\/uploads\/2021\/03\/Reglamentban-300x300.jpg\" alt=\"\" class=\"wp-image-4622 alignnone size-medium\" style=\"display: block; margin-left: auto; margin-right: auto;\" width=\"300\" height=\"300\" srcset=\"https:\/\/raval.es\/elx\/wp-content\/uploads\/2021\/03\/Reglamentban-300x300.jpg 300w, https:\/\/raval.es\/elx\/wp-content\/uploads\/2021\/03\/Reglamentban-150x150.jpg 150w, https:\/\/raval.es\/elx\/wp-content\/uploads\/2021\/03\/Reglamentban-21x21.jpg 21w, https:\/\/raval.es\/elx\/wp-content\/uploads\/2021\/03\/Reglamentban-36x36.jpg 36w, https:\/\/raval.es\/elx\/wp-content\/uploads\/2021\/03\/Reglamentban-48x48.jpg 48w, https:\/\/raval.es\/elx\/wp-content\/uploads\/2021\/03\/Reglamentban.jpg 350w\" sizes=\"auto, (max-width: 300px) 100vw, 300px\" \/><\/a><\/p>\n<hr style=\"color: #ffffff;\" \/>\n<h3 style=\"text-align: center;\"><a href=\"https:\/\/raval.es\/elx\/normeshorta2021\"><span style=\"color: #ffffff;\"><strong>RES\u00daMEN NORMATIVO<\/strong><\/span><\/a><\/h3>\n<p><a href=\"https:\/\/raval.es\/elx\/normeshorta2021\"><img loading=\"lazy\" decoding=\"async\" src=\"https:\/\/raval.es\/elx\/wp-content\/uploads\/2021\/03\/normesban-300x300.jpg\" alt=\"\" class=\"wp-image-4626 alignnone size-medium\" style=\"display: block; margin-left: auto; margin-right: auto;\" width=\"300\" height=\"300\" srcset=\"https:\/\/raval.es\/elx\/wp-content\/uploads\/2021\/03\/normesban-300x300.jpg 300w, https:\/\/raval.es\/elx\/wp-content\/uploads\/2021\/03\/normesban-150x150.jpg 150w, https:\/\/raval.es\/elx\/wp-content\/uploads\/2021\/03\/normesban-21x21.jpg 21w, https:\/\/raval.es\/elx\/wp-content\/uploads\/2021\/03\/normesban-36x36.jpg 36w, https:\/\/raval.es\/elx\/wp-content\/uploads\/2021\/03\/normesban-48x48.jpg 48w, https:\/\/raval.es\/elx\/wp-content\/uploads\/2021\/03\/normesban.jpg 350w\" sizes=\"auto, (max-width: 300px) 100vw, 300px\" \/><\/a><\/p>\n<p>&nbsp;<\/p>[\/et_pb_text][\/et_pb_column][et_pb_column type=\u00bb1_3&#8243; _builder_version=\u00bb4.6.6&#8243; _module_preset=\u00bbdefault\u00bb background_color=\u00bb#88c4dd\u00bb][et_pb_text _builder_version=\u00bb4.6.6&#8243; _module_preset=\u00bbdefault\u00bb]<p><a href=\"baseshortdefelip\">\u00a0<\/a><\/p>\n<h3 style=\"text-align: center;\"><a href=\"baseshortdefelip\"><span style=\"color: #ffffff;\"><strong>BASES CONVOCATORIA<\/strong><\/span><\/a><\/h3>\n<p><a href=\"baseshortdefelip\"><span style=\"color: #ff0000;\"><strong googl=\"true\"><img loading=\"lazy\" decoding=\"async\" src=\"https:\/\/raval.es\/elx\/wp-content\/uploads\/2021\/03\/portahortaban-300x300.jpg\" alt=\"\" class=\"wp-image-4628 alignnone size-medium\" style=\"display: block; margin-left: auto; margin-right: auto;\" width=\"300\" height=\"300\" srcset=\"https:\/\/raval.es\/elx\/wp-content\/uploads\/2021\/03\/portahortaban-300x300.jpg 300w, https:\/\/raval.es\/elx\/wp-content\/uploads\/2021\/03\/portahortaban-150x150.jpg 150w, https:\/\/raval.es\/elx\/wp-content\/uploads\/2021\/03\/portahortaban-21x21.jpg 21w, https:\/\/raval.es\/elx\/wp-content\/uploads\/2021\/03\/portahortaban-36x36.jpg 36w, https:\/\/raval.es\/elx\/wp-content\/uploads\/2021\/03\/portahortaban-48x48.jpg 48w, https:\/\/raval.es\/elx\/wp-content\/uploads\/2021\/03\/portahortaban.jpg 350w\" sizes=\"auto, (max-width: 300px) 100vw, 300px\" \/><\/strong><\/span><\/a><\/p>\n<hr style=\"color: #ffffff;\" \/>\n<h3 style=\"text-align: center;\"><a href=\"https:\/\/raval.es\/dox\/BASES_HORTA2021.pdf\"><span style=\"color: #ff0000;\"><span style=\"color: #ffffff;\"><strong>BASES CONVOCATORIA<\/strong> (PDF)<\/span><strong><br \/> <\/strong><\/span><\/a><\/h3>\n<p><a href=\"https:\/\/raval.es\/dox\/BASES_HORTA2021.pdf\"><img loading=\"lazy\" decoding=\"async\" src=\"https:\/\/raval.es\/elx\/wp-content\/uploads\/2021\/03\/basesban-300x300.jpg\" alt=\"\" class=\"wp-image-4625 alignnone size-medium\" style=\"display: block; margin-left: auto; margin-right: auto;\" width=\"300\" height=\"300\" srcset=\"https:\/\/raval.es\/elx\/wp-content\/uploads\/2021\/03\/basesban-300x300.jpg 300w, https:\/\/raval.es\/elx\/wp-content\/uploads\/2021\/03\/basesban-150x150.jpg 150w, https:\/\/raval.es\/elx\/wp-content\/uploads\/2021\/03\/basesban-21x21.jpg 21w, https:\/\/raval.es\/elx\/wp-content\/uploads\/2021\/03\/basesban-36x36.jpg 36w, https:\/\/raval.es\/elx\/wp-content\/uploads\/2021\/03\/basesban-48x48.jpg 48w, https:\/\/raval.es\/elx\/wp-content\/uploads\/2021\/03\/basesban.jpg 350w\" sizes=\"auto, (max-width: 300px) 100vw, 300px\" \/><\/a><\/p>[\/et_pb_text][\/et_pb_column][\/et_pb_row][et_pb_row _builder_version=\u00bb4.6.6&#8243; _module_preset=\u00bbdefault\u00bb][et_pb_column type=\u00bb4_4&#8243; _builder_version=\u00bb4.6.6&#8243; _module_preset=\u00bbdefault\u00bb][et_pb_text _builder_version=\u00bb4.6.6&#8243; _module_preset=\u00bbdefault\u00bb]<p style=\"text-align: center;\"><img loading=\"lazy\" decoding=\"async\" src=\"https:\/\/raval.es\/elx\/wp-content\/uploads\/2018\/10\/RAVALlogo2108-300x150.png\" alt=\"\" class=\"wp-image-2394 alignnone size-medium\" width=\"150\" height=\"75\" srcset=\"https:\/\/raval.es\/elx\/wp-content\/uploads\/2018\/10\/RAVALlogo2108-300x150.png 300w, https:\/\/raval.es\/elx\/wp-content\/uploads\/2018\/10\/RAVALlogo2108-768x384.png 768w, https:\/\/raval.es\/elx\/wp-content\/uploads\/2018\/10\/RAVALlogo2108.png 898w\" sizes=\"auto, (max-width: 150px) 100vw, 150px\" \/> \u00a0\u00a0 <img loading=\"lazy\" decoding=\"async\" src=\"https:\/\/raval.es\/elx\/wp-content\/uploads\/2018\/10\/elxparticipa.png\" alt=\"\" class=\"wp-image-2459 alignnone size-full\" width=\"100\" height=\"100\" srcset=\"https:\/\/raval.es\/elx\/wp-content\/uploads\/2018\/10\/elxparticipa.png 300w, https:\/\/raval.es\/elx\/wp-content\/uploads\/2018\/10\/elxparticipa-150x150.png 150w\" sizes=\"auto, (max-width: 100px) 100vw, 100px\" \/> \u00a0\u00a0\u00a0<img loading=\"lazy\" decoding=\"async\" src=\"https:\/\/raval.es\/elx\/wp-content\/uploads\/2021\/03\/Regidoria-MediAmbient-300x99.png\" alt=\"\" class=\"wp-image-4569 alignnone size-medium\" width=\"300\" height=\"99\" \/><img loading=\"lazy\" decoding=\"async\" src=\"https:\/\/raval.es\/elx\/wp-content\/uploads\/2021\/03\/elx2030-300x101.jpg\" alt=\"\" class=\"wp-image-4653 alignnone size-medium\" width=\"300\" height=\"101\" \/><\/p>[\/et_pb_text][et_pb_text _builder_version=\u00bb4.6.6&#8243; _module_preset=\u00bbdefault\u00bb]<p style=\"text-align: center;\">M\u00e9s infomaci\u00f3 i contacte: <a href=\"mailto:horta@raval.es\"><strong><\/strong><\/a><strong><a href=\"mailto:horta@raval.es\">horta@raval.es\u00a0\u00a0\u00a0\u00a0 <\/a><\/strong><strong><img loading=\"lazy\" decoding=\"async\" src=\"https:\/\/raval.es\/elx\/wp-content\/uploads\/2018\/07\/WhatsApp-Logo-297x300.png\" alt=\"\" class=\"wp-image-2281 alignnone size-medium\" width=\"27\" height=\"30\" \/><img loading=\"lazy\" decoding=\"async\" src=\"https:\/\/raval.es\/elx\/wp-content\/uploads\/2021\/02\/telegramweb.png\" alt=\"\" class=\"wp-image-4552 alignnone size-full\" width=\"30\" height=\"30\" srcset=\"https:\/\/raval.es\/elx\/wp-content\/uploads\/2021\/02\/telegramweb.png 150w, https:\/\/raval.es\/elx\/wp-content\/uploads\/2021\/02\/telegramweb-21x21.png 21w, https:\/\/raval.es\/elx\/wp-content\/uploads\/2021\/02\/telegramweb-36x36.png 36w, https:\/\/raval.es\/elx\/wp-content\/uploads\/2021\/02\/telegramweb-48x48.png 48w\" sizes=\"auto, (max-width: 30px) 100vw, 30px\" \/><\/strong><span style=\"font-size: large;\"><strong>633 971 670<\/strong><\/span><\/p>\n<h4><strong><br \/> <\/strong><\/h4>[\/et_pb_text][\/et_pb_column][\/et_pb_row][\/et_pb_section]\n","protected":false},"excerpt":{"rendered":"<p>S&#8217;ha tancat el pla\u00e7 de sol\u00b7licituds de micro parcel\u00b7les per a l&#8217;Hort de Felip.<\/p>\n","protected":false},"author":1,"featured_media":4575,"comment_status":"closed","ping_status":"closed","sticky":false,"template":"","format":"standard","meta":{"_et_pb_use_builder":"on","_et_pb_old_content":"","_et_gb_content_width":"1080","_joinchat":[],"footnotes":""},"categories":[64,54],"tags":[],"class_list":["post-4545","post","type-post","status-publish","format-standard","has-post-thumbnail","hentry","category-actividades","category-hort-urba"],"_links":{"self":[{"href":"https:\/\/raval.es\/elx\/wp-json\/wp\/v2\/posts\/4545","targetHints":{"allow":["GET"]}}],"collection":[{"href":"https:\/\/raval.es\/elx\/wp-json\/wp\/v2\/posts"}],"about":[{"href":"https:\/\/raval.es\/elx\/wp-json\/wp\/v2\/types\/post"}],"author":[{"embeddable":true,"href":"https:\/\/raval.es\/elx\/wp-json\/wp\/v2\/users\/1"}],"replies":[{"embeddable":true,"href":"https:\/\/raval.es\/elx\/wp-json\/wp\/v2\/comments?post=4545"}],"version-history":[{"count":27,"href":"https:\/\/raval.es\/elx\/wp-json\/wp\/v2\/posts\/4545\/revisions"}],"predecessor-version":[{"id":6997,"href":"https:\/\/raval.es\/elx\/wp-json\/wp\/v2\/posts\/4545\/revisions\/6997"}],"wp:featuredmedia":[{"embeddable":true,"href":"https:\/\/raval.es\/elx\/wp-json\/wp\/v2\/media\/4575"}],"wp:attachment":[{"href":"https:\/\/raval.es\/elx\/wp-json\/wp\/v2\/media?parent=4545"}],"wp:term":[{"taxonomy":"category","embeddable":true,"href":"https:\/\/raval.es\/elx\/wp-json\/wp\/v2\/categories?post=4545"},{"taxonomy":"post_tag","embeddable":true,"href":"https:\/\/raval.es\/elx\/wp-json\/wp\/v2\/tags?post=4545"}],"curies":[{"name":"wp","href":"https:\/\/api.w.org\/{rel}","templated":true}]}}