{"id":4581,"date":"2021-03-01T19:38:06","date_gmt":"2021-03-01T19:38:06","guid":{"rendered":"https:\/\/raval.es\/elx\/?p=4581"},"modified":"2021-09-19T13:39:40","modified_gmt":"2021-09-19T13:39:40","slug":"normeshorta2021","status":"publish","type":"post","link":"https:\/\/raval.es\/elx\/normeshorta2021\/","title":{"rendered":"RESUM NORMATIU HORT DE FELIP"},"content":{"rendered":"<div id=\"fb-root\"><\/div>\n\n[et_pb_section fb_built=\u00bb1&#8243; _builder_version=\u00bb4.6.6&#8243; _module_preset=\u00bbdefault\u00bb][et_pb_row column_structure=\u00bb1_3,2_3&#8243; _builder_version=\u00bb4.6.6&#8243; _module_preset=\u00bbdefault\u00bb][et_pb_column type=\u00bb1_3&#8243; _builder_version=\u00bb4.6.6&#8243; _module_preset=\u00bbdefault\u00bb][et_pb_image src=\u00bbhttps:\/\/raval.es\/elx\/wp-content\/uploads\/2021\/03\/NHF10.jpg\u00bb title_text=\u00bbNHF10&#8243; _builder_version=\u00bb4.6.6&#8243; _module_preset=\u00bbdefault\u00bb][\/et_pb_image][\/et_pb_column][et_pb_column type=\u00bb2_3&#8243; _builder_version=\u00bb4.6.6&#8243; _module_preset=\u00bbdefault\u00bb][et_pb_button button_url=\u00bbhttps:\/\/raval.es\/dox\/NormasHorta2021.pdf\u00bb button_text=\u00bbDESCARGAR en PDF\u00bb button_alignment=\u00bbcenter\u00bb _builder_version=\u00bb4.6.6&#8243; _module_preset=\u00bbdefault\u00bb custom_button=\u00bbon\u00bb button_text_color=\u00bb#edf000&#8243; button_bg_color=\u00bb#12876f\u00bb][\/et_pb_button][et_pb_text _builder_version=\u00bb4.6.6&#8243; _module_preset=\u00bbdefault\u00bb width=\u00bb97.7%\u00bb custom_padding=\u00bb|||0px||\u00bb]<p><strong>L&#8217;HORT de FELIP ecol\u00f2gic i urb\u00e0 \u00e9s un projecte de col\u00b7laboraci\u00f3 entre l&#8217;Ajuntament d\u2019Elx i l&#8217;Associaci\u00f3 Ve\u00efnal del Raval.<\/strong><\/p>\n<h4>QU\u00c8 VOLEM ACONSEGUIR?<\/h4>\n<ul>\n<li>Promoure l&#8217;agricultura ecol\u00f2gica<\/li>\n<li>Millorar la qualitat de vida de les persones<\/li>\n<li>Sensibilitzar sobre el canvi clim\u00e0tic i la sostenibilitat.<\/li>\n<li>Promoure la recuperaci\u00f3 de la identitat hist\u00f2ric-agr\u00edcola del Palmerar<\/li>\n<li>Proporcionar experi\u00e8ncies pr\u00e0ctiques i formaci\u00f3 en agricultura ecol\u00f2gica, organitzaci\u00f3 i coordinaci\u00f3 d&#8217;equips de treball, planificaci\u00f3 de tasques i resoluci\u00f3 de conflictes.<\/li>\n<li>Facilitar un espai de conviv\u00e8ncia, aprenentatge i una alternativa d&#8217;oci.<\/li>\n<\/ul>\n<p><strong>El HORT de FELIP ecol\u00f2gic i urb\u00e0 es un proyecto de colaboraci\u00f3n entre el Ajuntament d\u2019Elx y la Associaci\u00f3 Ve\u00efnal del Raval.<\/strong><\/p>\n<p><strong><\/strong><\/p>\n<h4>\u00bfQU\u00c9 QUEREMOS CONSEGUIR?<\/h4>\n<ul>\n<li>Promover la agricultura ecol\u00f3gica<\/li>\n<li>Mejorar la calidad de vida de las personas<\/li>\n<li>Sensibilizar sobre el cambio clim\u00e1tico y la sostenibilidad.<\/li>\n<li>Promover la recuperaci\u00f3n de la identidad hist\u00f3rico-agr\u00edcola del Palmeral<\/li>\n<li>Proporcionar experiencias pr\u00e1cticas y formaci\u00f3n en agricultura ecol\u00f3gica, organizaci\u00f3n y coordinaci\u00f3n de equipos de trabajo, planificaci\u00f3n de tareas y resoluci\u00f3n de conflictos.<\/li>\n<li>Facilitar un espacio de convivencia, aprendizaje y una alternativa de ocio.<\/li>\n<\/ul>[\/et_pb_text][\/et_pb_column][\/et_pb_row][et_pb_row column_structure=\u00bb1_3,1_3,1_3&#8243; _builder_version=\u00bb4.6.6&#8243; _module_preset=\u00bbdefault\u00bb][et_pb_column type=\u00bb1_3&#8243; _builder_version=\u00bb4.6.6&#8243; _module_preset=\u00bbdefault\u00bb][et_pb_text _builder_version=\u00bb4.6.6&#8243; _module_preset=\u00bbdefault\u00bb min_height=\u00bb234px\u00bb]<h4>QUI POT PARTICIPAR?<\/h4>\n<p>Persones jubilades i\/o pensionistes, persones en situaci\u00f3 de desocupaci\u00f3, entitats sense \u00e0nim de lucre, poblaci\u00f3 escolar, membres de la comunitat universit\u00e0ria, aix\u00ed com poblaci\u00f3 que reunisca els requisits establits en el Reglament.<\/p>[\/et_pb_text][et_pb_text _builder_version=\u00bb4.6.6&#8243; _module_preset=\u00bbdefault\u00bb min_height=\u00bb185px\u00bb custom_margin=\u00bb||35px|||\u00bb]<h4>\u00daS DELS HORTS<\/h4>\n<p>Els horts es dedicaran exclusivament al cultiu d&#8217;hortalisses, plantes arom\u00e0tiques, plantes associades no arb\u00f2ries i cultiu ecol\u00f2gic.<\/p>[\/et_pb_text][et_pb_text _builder_version=\u00bb4.6.6&#8243; _module_preset=\u00bbdefault\u00bb]<h4>TIPUS D&#8217;HORTS<\/h4>\n<p><strong>Horts d&#8217;Oci,<\/strong><br \/> dirigits a persones majors de 18 anys, empadronades a Elx.<\/p>\n<p> <strong>Horts Educatius,<\/strong><br \/> els destinataris dels quals s\u00f3n els centres educatius<\/p>\n<p> <strong>Horts Socials,<\/strong><br \/> destinats a associacions sense \u00e0nim de lucre registrades en el municipi.<\/p>\n<p> <strong>Horts d&#8217;Acolliment,<\/strong><br \/> que es destinaran a projectes espec\u00edfics.<\/p>[\/et_pb_text][\/et_pb_column][et_pb_column type=\u00bb1_3&#8243; _builder_version=\u00bb4.6.6&#8243; _module_preset=\u00bbdefault\u00bb][et_pb_image src=\u00bbhttps:\/\/raval.es\/elx\/wp-content\/uploads\/2021\/03\/NHF1.jpg\u00bb title_text=\u00bbNHF1&#8243; align=\u00bbcenter\u00bb _builder_version=\u00bb4.6.6&#8243; _module_preset=\u00bbdefault\u00bb][\/et_pb_image][et_pb_image src=\u00bbhttps:\/\/raval.es\/elx\/wp-content\/uploads\/2021\/03\/NHF2.jpg\u00bb title_text=\u00bbNHF2&#8243; align=\u00bbcenter\u00bb _builder_version=\u00bb4.6.6&#8243; _module_preset=\u00bbdefault\u00bb][\/et_pb_image][et_pb_image src=\u00bbhttps:\/\/raval.es\/elx\/wp-content\/uploads\/2021\/03\/NHF3.jpg\u00bb title_text=\u00bbNHF3&#8243; align=\u00bbcenter\u00bb _builder_version=\u00bb4.6.6&#8243; _module_preset=\u00bbdefault\u00bb][\/et_pb_image][\/et_pb_column][et_pb_column type=\u00bb1_3&#8243; _builder_version=\u00bb4.6.6&#8243; _module_preset=\u00bbdefault\u00bb][et_pb_text _builder_version=\u00bb4.6.6&#8243; _module_preset=\u00bbdefault\u00bb custom_padding=\u00bb||0px|||\u00bb]<h5>\u00bfQUI\u00c9N PUEDE PARTICIPAR?<\/h5>\n<p>Personas jubiladas y\/o pensionistas, personas en situaci\u00f3n de desempleo, entidades sin \u00e1nimo de lucro, poblaci\u00f3n escolar, miembros de la comunidad universitaria, as\u00ed como poblaci\u00f3n que re\u00fana los requisitos establecidos en el Reglamento<\/p>[\/et_pb_text][et_pb_text _builder_version=\u00bb4.6.6&#8243; _module_preset=\u00bbdefault\u00bb custom_padding=\u00bb||91px|||\u00bb]<h5>USO DE LOS HUERTOS<\/h5>\n<p>Los huertos se dedicar\u00e1n exclusivamente al cultivo de hortalizas, plantas arom\u00e1ticas, plantas asociadas no arb\u00f3reas y cultivo ecol\u00f3gico.<\/p>[\/et_pb_text][et_pb_text _builder_version=\u00bb4.6.6&#8243; _module_preset=\u00bbdefault\u00bb]<h4>TIPOS DE HUERTOS<\/h4>\n<p><strong>Huertos de Ocio,<\/strong><br \/> dirigidos a personas mayores de 18 a\u00f1os, empadronadas en Elche.<\/p>\n<p><strong>Huertos Educativos,<\/strong><br \/> cuyos destinatarios son los centros educativos<\/p>\n<p><strong>Huertos Sociales,<\/strong><br \/> destinados a asociaciones sin \u00e1nimo de lucro registradas en el municipio.<\/p>\n<p><strong>Huertos de Acogida,<\/strong><br \/> que se destinar\u00e1n a proyectos espec\u00edficos.<\/p>[\/et_pb_text][\/et_pb_column][\/et_pb_row][et_pb_row column_structure=\u00bb1_3,1_3,1_3&#8243; _builder_version=\u00bb4.6.6&#8243; _module_preset=\u00bbdefault\u00bb][et_pb_column type=\u00bb1_3&#8243; _builder_version=\u00bb4.6.6&#8243; _module_preset=\u00bbdefault\u00bb][et_pb_text _builder_version=\u00bb4.6.6&#8243; _module_preset=\u00bbdefault\u00bb min_height=\u00bb217px\u00bb]<h4>\u00d2RGAN RECTOR<\/h4>\n<p>L&#8217;\u00d2rgan Rector \u00e9s la Junta de l&#8217;Hort constitu\u00efda per President\/a, Secretari\/a, Tresorer\/a, Coordinador\/a, quatre representants d&#8217;usuaris\/as i un representant d&#8217;entitats sense \u00e0nim de lucre. Es reunir\u00e0 un m\u00ednim de tres vegades per curs escolar. La presa de decisions es realitzar\u00e0 per unanimitat, sempre que siga possible.<\/p>[\/et_pb_text][et_pb_text _builder_version=\u00bb4.6.6&#8243; _module_preset=\u00bbdefault\u00bb min_height=\u00bb165px\u00bb]<h4>FACULTATS DE LA JUNTA DE L&#8217;HORT<\/h4>\n<p>Programar activitats, finan\u00e7ament i control econ\u00f2mic, coordinaci\u00f3, creaci\u00f3 de comissions, criteris d&#8217;assignaci\u00f3, sancions i, en general, vetlar pel bon funcionament de l&#8217;hort.<\/p>[\/et_pb_text][et_pb_text _builder_version=\u00bb4.6.6&#8243; _module_preset=\u00bbdefault\u00bb]<h4>GRUPS DE TREBALL<\/h4>\n<p>S\u00f3n grups d&#8217;usuaris\/as dels horts d&#8217;oci, que s&#8217;organitzen per a realitzar diferents funcions o serveis, de manera rotativa en alguns casos i volunt\u00e0ria en uns altres. Es poden incorporar persones de la resta dels horts si ho desitgen.<\/p>\n<ul>\n<li><strong>Grup d&#8217;Abonament i Compost.<\/strong><br \/><strong> <\/strong><\/li>\n<li><strong>Grup de Reg, Lampisteria<\/strong><br \/><strong> i Manteniment General.<\/strong><br \/><strong> <\/strong><\/li>\n<li><strong>Grup de Fitosanitaris.<\/strong><br \/><strong> <\/strong><\/li>\n<li><strong>Grup de Llavors i pl\u00e0ntules.<\/strong><br \/><strong> <\/strong><\/li>\n<li><strong>Grup d&#8217;Eines i Maquin\u00e0ria.<\/strong><br \/><strong> <\/strong><\/li>\n<li><strong>Grup d&#8217;Obertura i Tancament<\/strong><br \/><strong> <\/strong><\/li>\n<li><strong>Grup de Dinamitzaci\u00f3.<\/strong><\/li>\n<\/ul>[\/et_pb_text][\/et_pb_column][et_pb_column type=\u00bb1_3&#8243; _builder_version=\u00bb4.6.6&#8243; _module_preset=\u00bbdefault\u00bb][et_pb_image src=\u00bbhttps:\/\/raval.es\/elx\/wp-content\/uploads\/2021\/03\/NHF4.jpg\u00bb title_text=\u00bbNHF4&#8243; align=\u00bbcenter\u00bb _builder_version=\u00bb4.6.6&#8243; _module_preset=\u00bbdefault\u00bb][\/et_pb_image][et_pb_image src=\u00bbhttps:\/\/raval.es\/elx\/wp-content\/uploads\/2021\/03\/NHF5.jpg\u00bb title_text=\u00bbNHF5&#8243; align=\u00bbcenter\u00bb _builder_version=\u00bb4.6.6&#8243; _module_preset=\u00bbdefault\u00bb][\/et_pb_image][et_pb_image src=\u00bbhttps:\/\/raval.es\/elx\/wp-content\/uploads\/2021\/03\/NHF6.jpg\u00bb title_text=\u00bbNHF6&#8243; align=\u00bbcenter\u00bb _builder_version=\u00bb4.6.6&#8243; _module_preset=\u00bbdefault\u00bb][\/et_pb_image][\/et_pb_column][et_pb_column type=\u00bb1_3&#8243; _builder_version=\u00bb4.6.6&#8243; _module_preset=\u00bbdefault\u00bb][et_pb_text _builder_version=\u00bb4.6.6&#8243; _module_preset=\u00bbdefault\u00bb]<h4>\u00d3RGANO RECTOR<\/h4>\n<p>El \u00d3rgano Rector es la Junta del Huerto constituida por Presidente\/a, Secretario\/a, Tesorero\/a, Coordinador\/a, cuatro representantes de usuarios\/as y un representante de entidades sin \u00e1nimo de lucro. Se reunir\u00e1 un m\u00ednimo de tres veces por curso escolar. La toma de decisiones se realizar\u00e1 por unanimidad, siempre que sea posible.<\/p>[\/et_pb_text][et_pb_text _builder_version=\u00bb4.6.6&#8243; _module_preset=\u00bbdefault\u00bb]<h4>FACULTADES DE LA JUNTA DEL HUERTO<\/h4>\n<p>Programar actividades, financiaci\u00f3n y control econ\u00f3mico, coordinaci\u00f3n, creaci\u00f3n de comisiones, criterios de asignaci\u00f3n, sanciones y, en general, velar por el buen funcionamiento del huerto.<\/p>[\/et_pb_text][et_pb_text _builder_version=\u00bb4.6.6&#8243; _module_preset=\u00bbdefault\u00bb]<h4>GRUPOS DE TRABAJO<\/h4>\n<p>Son grupos de usuarios\/as de los huertos de ocio, que se organizan para realizar diferentes funciones o servicios, de forma rotativa en algunos casos y voluntaria en otros. Se pueden incorporar personas del resto de los huertos si lo desean.<\/p>\n<ul>\n<li><strong>Grupo de Abono y Compost.<\/strong><\/li>\n<li><strong>Grupo de Riego, Fontaneria<\/strong><br \/> <strong> y Mantenimiento General.<\/strong><\/li>\n<li><strong>Grupo de Fitosanitarios.<\/strong><\/li>\n<li><strong>Grupo de Semillas y pl\u00e1ntulas.<\/strong><\/li>\n<li><strong>Grupo de Herramientas y Maquinaria.<\/strong><\/li>\n<li><strong>Grupo de Apertura y Cierre<\/strong><\/li>\n<li><strong>Grupo de Dinamizaci\u00f3n.<\/strong><\/li>\n<\/ul>[\/et_pb_text][\/et_pb_column][\/et_pb_row][et_pb_row column_structure=\u00bb1_3,1_3,1_3&#8243; _builder_version=\u00bb4.6.6&#8243; _module_preset=\u00bbdefault\u00bb][et_pb_column type=\u00bb1_3&#8243; _builder_version=\u00bb4.6.6&#8243; _module_preset=\u00bbdefault\u00bb][et_pb_text _builder_version=\u00bb4.6.6&#8243; _module_preset=\u00bbdefault\u00bb]<h4>DRETS<\/h4>\n<p>&#8211; \u00das i gaudi de parcel\u00b7la i instal\u00b7lacions comunes (llavorer, compostera i magatzem)<br \/> &#8211; Aprofitament dels productes.<br \/> &#8211; \u00das de les eines compartides i portar la seua pr\u00f2pia.<br \/> &#8211; Cobertura d&#8217;asseguran\u00e7a de responsabilitat civil.<br \/> &#8211; Nomenar persones autoritzades (m\u00e0xim 4)<br \/> &#8211; Participar en les activitats programades.<br \/> &#8211; Triar i ser triat\/a per a formar part de la Junta de l&#8217;Hort.<\/p>\n<p>&nbsp;<\/p>\n<p>&nbsp;<\/p>\n<h4>DEURES<\/h4>\n<p>&#8211; Mantindre neta i cultivada la parcel\u00b7la.<br \/> &#8211; Realitzar un curs d&#8217;Agricultura Ecol\u00f2gica.<br \/> &#8211; Cuidar les eines.<br \/> &#8211; Reciclar els residus org\u00e0nics.<br \/> &#8211; Utilitzar l&#8217;aigua de reg en la forma que es determine.<br \/> &#8211; Comunicar a la Junta els autoritzats de la parcel\u00b7la i respondre dels seus actes, davant ella.<br \/> &#8211; Comunicar incid\u00e8ncies detectades.<br \/> &#8211; Permetre i col\u00b7laborar amb les persones que visiten les parcel\u00b7les.<br \/> &#8211; Pagar les quotes que es determinen.<br \/> &#8211; Reparar o reposar els b\u00e9ns o utensilis danyats, destru\u00efts o extraviats per l&#8217;\u00fas inadequat d&#8217;aquests.<br \/> &#8211; Entregar la parcel\u00b7la neta de cultius i restes, en finalitzar la concessi\u00f3.<\/p>[\/et_pb_text][\/et_pb_column][et_pb_column type=\u00bb1_3&#8243; _builder_version=\u00bb4.6.6&#8243; _module_preset=\u00bbdefault\u00bb][et_pb_image src=\u00bbhttps:\/\/raval.es\/elx\/wp-content\/uploads\/2021\/03\/NHF7.jpg\u00bb title_text=\u00bbNHF7&#8243; align=\u00bbcenter\u00bb _builder_version=\u00bb4.6.6&#8243; _module_preset=\u00bbdefault\u00bb][\/et_pb_image][et_pb_image src=\u00bbhttps:\/\/raval.es\/elx\/wp-content\/uploads\/2021\/03\/NHF8.jpg\u00bb title_text=\u00bbNHF8&#8243; align=\u00bbcenter\u00bb _builder_version=\u00bb4.6.6&#8243; _module_preset=\u00bbdefault\u00bb][\/et_pb_image][\/et_pb_column][et_pb_column type=\u00bb1_3&#8243; _builder_version=\u00bb4.6.6&#8243; _module_preset=\u00bbdefault\u00bb][et_pb_text _builder_version=\u00bb4.6.6&#8243; _module_preset=\u00bbdefault\u00bb]<h4>\u00a0DERECHOS<\/h4>\n<p>&#8211; Uso y disfrute de parcela e instalaciones comunes (semillero, compostera y almac\u00e9n)<br \/> &#8211; Aprovechamiento de los productos.<br \/> &#8211; Uso de las herramientas compartidas y traer la suya propia.<br \/> &#8211; Cobertura de seguro de responsabilidad civil.<br \/> &#8211; Nombrar a personas autorizadas (m\u00e1ximo 4)<br \/> &#8211; Participar en las actividades programadas.<br \/> &#8211; Elegir y ser elegido\/a para formar parte de la Junta del Huerto.<\/p>\n<p>&nbsp;<\/p>\n<p>&nbsp;<\/p>\n<h4>DEBERES<\/h4>\n<p>&#8211; Mantener limpia y cultivada la parcela.<br \/> &#8211; Realizar un curso de Agricultura Ecol\u00f3gica.<br \/> &#8211; Cuidar las herramientas.<br \/> &#8211; Reciclar los residuos org\u00e1nicos.<br \/> &#8211; Utilizar el agua de riego en la forma que se determine.<br \/> &#8211; Comunicar a la Junta los autorizados de la parcela y responder de sus actos, ante ella.<br \/> &#8211; Comunicar incidencias detectadas.<br \/> &#8211; Permitir y colaborar con las personas que visiten las parcelas.<br \/> &#8211; Pagar las cuotas que se determinen.<br \/> &#8211; Reparar o reponer los bienes o utensilios da\u00f1ados, destruidos o extraviados por el uso inadecuado de los mismos.<br \/> &#8211; Entregar la parcela limpia de cultivos y restos, al finalizar la concesi\u00f3n.<\/p>[\/et_pb_text][\/et_pb_column][\/et_pb_row][et_pb_row column_structure=\u00bb1_3,1_3,1_3&#8243; _builder_version=\u00bb4.6.6&#8243; _module_preset=\u00bbdefault\u00bb][et_pb_column type=\u00bb1_3&#8243; _builder_version=\u00bb4.6.6&#8243; _module_preset=\u00bbdefault\u00bb][et_pb_text _builder_version=\u00bb4.6.6&#8243; _module_preset=\u00bbdefault\u00bb]<h4>PROHIBICIONS<\/h4>\n<p>&#8211; L&#8217;entrada d&#8217;animals excepte els gossos-guia.<br \/> &#8211; Introduir vehicles, excepte bicicletes o qualsevol altre amb perm\u00eds expresse<br \/> &#8211; Cultivar arbres, arbustos i plantes degradants del s\u00f2l, que donen ombra o prohibides.<br \/> &#8211; Modificar l&#8217;estructura de la parcel\u00b7la, siga amb materials artificials o naturals, sense autoritzaci\u00f3.<br \/> &#8211; Utilitzar el reg per aspersi\u00f3 o per inundaci\u00f3, aix\u00ed com alterar el sistema de reg per degoteig.<br \/> &#8211; Sobrepassar els l\u00edmits marcats la parcel\u00b7la<br \/> &#8211; Utilitzar productes fitosanitaris tipus herbicida, insecticida o fungicida, aix\u00ed com abonaments qu\u00edmics.<br \/> &#8211; Acumular o abandonar material ali\u00e9 a l&#8217;hort<br \/> &#8211; Fer foc, cremar restes vegetals.<br \/> &#8211; Vendre els productes de l&#8217;horta.<br \/> &#8211; Instal\u00b7lar hivernacles.<br \/> &#8211; Realitzar qualsevol activitat susceptible de causar mal a la fauna i flora de l&#8217;hort i el seu entorn.<br \/> &#8211; Utilitzar eines no permeses.<br \/> &#8211; Cedir l&#8217;\u00fas de la parcel\u00b7la.<\/p>\n<h4> INCID\u00c8NCIES<\/h4>\n<p>Es comunicaran al\/la coordinador\/a de l&#8217;hort, que en cas que excedisquen de la seua compet\u00e8ncia, les remetr\u00e0 a la Junta.<\/p>[\/et_pb_text][\/et_pb_column][et_pb_column type=\u00bb1_3&#8243; _builder_version=\u00bb4.6.6&#8243; _module_preset=\u00bbdefault\u00bb][et_pb_image src=\u00bbhttps:\/\/raval.es\/elx\/wp-content\/uploads\/2021\/03\/NHF9.jpg\u00bb title_text=\u00bbNHF9&#8243; align=\u00bbcenter\u00bb _builder_version=\u00bb4.6.6&#8243; _module_preset=\u00bbdefault\u00bb][\/et_pb_image][\/et_pb_column][et_pb_column type=\u00bb1_3&#8243; _builder_version=\u00bb4.6.6&#8243; _module_preset=\u00bbdefault\u00bb][et_pb_text _builder_version=\u00bb4.6.6&#8243; _module_preset=\u00bbdefault\u00bb]<h5>PROHIBICIONES<\/h5>\n<p>&#8211; La entrada de animales excepto los perros-gu\u00eda.<br \/>&#8211; Introducir veh\u00edculos, salvo bicicletas o cualquier otro con permiso expreso <br \/>&#8211; Cultivar \u00e1rboles, arbustos y plantas degradantes del suelo, que den sombra o prohibidas.<br \/>&#8211; Modificar la estructura de la parcela, sea con materiales artificiales o naturales, sin autorizaci\u00f3n.<br \/>&#8211; Utilizar el riego por aspersi\u00f3n o por inundaci\u00f3n, as\u00ed como alterar el sistema de riego por goteo. <br \/>&#8211; Sobrepasar los l\u00edmites marcados la parcela <br \/>&#8211; Utilizar productos fitosanitarios tipo herbicida, insecticida o fungicida, as\u00ed como abonos qu\u00edmicos. <br \/>&#8211; Acumular o abandonar material ajeno al huerto <br \/>&#8211; Hacer fuego, quemar restos vegetales.<br \/>&#8211; Vender los productos de la huerta. <br \/>&#8211; Instalar invernaderos. <br \/>&#8211; Realizar cualquier actividad susceptible de causar da\u00f1o a la fauna y flora del huerto y su entorno.<br \/>&#8211; Utilizar herramientas no permitidas.<br \/>&#8211; Ceder el uso de la parcela.<\/p>\n<h5>INCIDENCIAS<\/h5>\n<p>Se comunicar\u00e1n al\/la coordinador\/a del huerto, que en caso de que excedan de su competencia, las remitir\u00e1 a la Junta.<\/p>[\/et_pb_text][\/et_pb_column][\/et_pb_row][et_pb_row column_structure=\u00bb2_5,3_5&#8243; _builder_version=\u00bb4.6.6&#8243; _module_preset=\u00bbdefault\u00bb][et_pb_column type=\u00bb2_5&#8243; _builder_version=\u00bb4.6.6&#8243; _module_preset=\u00bbdefault\u00bb][et_pb_text _builder_version=\u00bb4.6.6&#8243; _module_preset=\u00bbdefault\u00bb]<h3 style=\"text-align: center;\"><a href=\"https:\/\/raval.es\/dox\/REGLAMENT_HORTA2021.pdf\"><span style=\"color: #ff0000;\"><span style=\"color: #339966;\"><strong>REGLAMENT INTERN <\/strong>(PDF)<\/span><strong><br \/> <\/strong><\/span><\/a><\/h3>\n<p><a href=\"https:\/\/raval.es\/dox\/REGLAMENT_HORTA2021.pdf\"><img loading=\"lazy\" decoding=\"async\" src=\"https:\/\/raval.es\/elx\/wp-content\/uploads\/2021\/03\/Reglamentban-300x300.jpg\" alt=\"\" class=\"wp-image-4622 alignnone size-medium\" style=\"display: block; margin-left: auto; margin-right: auto;\" width=\"300\" height=\"300\" srcset=\"https:\/\/raval.es\/elx\/wp-content\/uploads\/2021\/03\/Reglamentban-300x300.jpg 300w, https:\/\/raval.es\/elx\/wp-content\/uploads\/2021\/03\/Reglamentban-150x150.jpg 150w, https:\/\/raval.es\/elx\/wp-content\/uploads\/2021\/03\/Reglamentban-21x21.jpg 21w, https:\/\/raval.es\/elx\/wp-content\/uploads\/2021\/03\/Reglamentban-36x36.jpg 36w, https:\/\/raval.es\/elx\/wp-content\/uploads\/2021\/03\/Reglamentban-48x48.jpg 48w, https:\/\/raval.es\/elx\/wp-content\/uploads\/2021\/03\/Reglamentban.jpg 350w\" sizes=\"auto, (max-width: 300px) 100vw, 300px\" \/><\/a><\/p>[\/et_pb_text][\/et_pb_column][et_pb_column type=\u00bb3_5&#8243; _builder_version=\u00bb4.6.6&#8243; _module_preset=\u00bbdefault\u00bb][et_pb_text admin_label=\u00bbTexto\u00bb _builder_version=\u00bb4.6.6&#8243; _module_preset=\u00bbdefault\u00bb hover_enabled=\u00bb0&#8243; sticky_enabled=\u00bb0&#8243;]<p style=\"text-align: center;\"><img loading=\"lazy\" decoding=\"async\" src=\"https:\/\/raval.es\/elx\/wp-content\/uploads\/2018\/10\/RAVALlogo2108-300x150.png\" alt=\"\" class=\"wp-image-2394 alignnone size-medium\" width=\"150\" height=\"75\" srcset=\"https:\/\/raval.es\/elx\/wp-content\/uploads\/2018\/10\/RAVALlogo2108-300x150.png 300w, https:\/\/raval.es\/elx\/wp-content\/uploads\/2018\/10\/RAVALlogo2108-768x384.png 768w, https:\/\/raval.es\/elx\/wp-content\/uploads\/2018\/10\/RAVALlogo2108.png 898w\" sizes=\"auto, (max-width: 150px) 100vw, 150px\" \/> <img loading=\"lazy\" decoding=\"async\" src=\"https:\/\/raval.es\/elx\/wp-content\/uploads\/2018\/10\/elxparticipa.png\" alt=\"\" class=\"wp-image-2459 alignnone size-full\" width=\"100\" height=\"100\" srcset=\"https:\/\/raval.es\/elx\/wp-content\/uploads\/2018\/10\/elxparticipa.png 300w, https:\/\/raval.es\/elx\/wp-content\/uploads\/2018\/10\/elxparticipa-150x150.png 150w\" sizes=\"auto, (max-width: 100px) 100vw, 100px\" \/> <img loading=\"lazy\" decoding=\"async\" src=\"https:\/\/raval.es\/elx\/wp-content\/uploads\/2021\/03\/Regidoria-MediAmbient-300x99.png\" alt=\"\" class=\"wp-image-4569 alignnone size-medium\" width=\"300\" height=\"99\" \/><\/p>[\/et_pb_text][et_pb_text admin_label=\u00bbTexto\u00bb _builder_version=\u00bb4.6.6&#8243; _module_preset=\u00bbdefault\u00bb hover_enabled=\u00bb0&#8243; sticky_enabled=\u00bb0&#8243;]<p><img loading=\"lazy\" decoding=\"async\" src=\"https:\/\/raval.es\/elx\/wp-content\/uploads\/2021\/03\/elx2030-300x101.jpg\" alt=\"\" class=\"wp-image-4653 alignnone size-medium\" style=\"display: block; margin-left: auto; margin-right: auto;\" width=\"300\" height=\"101\" \/><\/p>\n[\/et_pb_text][\/et_pb_column][\/et_pb_row][\/et_pb_section]\n","protected":false},"excerpt":{"rendered":"<p>L&#8217;HORT de FELIP ecol\u00f2gic i urb\u00e0 \u00e9s un projecte de col\u00b7laboraci\u00f3 entre l&#8217;Ajuntament d\u2019Elx i l&#8217;Associaci\u00f3 Ve\u00efnal del Raval. QU\u00c8 VOLEM ACONSEGUIR? Promoure l&#8217;agricultura ecol\u00f2gica Millorar la qualitat de vida de les persones Sensibilitzar sobre el canvi clim\u00e0tic i la sostenibilitat. Promoure la recuperaci\u00f3 de la identitat hist\u00f2ric-agr\u00edcola del Palmerar Proporcionar experi\u00e8ncies pr\u00e0ctiques i formaci\u00f3 [&hellip;]<\/p>\n","protected":false},"author":1,"featured_media":0,"comment_status":"closed","ping_status":"open","sticky":false,"template":"","format":"standard","meta":{"_et_pb_use_builder":"on","_et_pb_old_content":"","_et_gb_content_width":"2880","_joinchat":[],"footnotes":""},"categories":[136,54],"tags":[],"class_list":["post-4581","post","type-post","status-publish","format-standard","hentry","category-hort-de-felip","category-hort-urba"],"_links":{"self":[{"href":"https:\/\/raval.es\/elx\/wp-json\/wp\/v2\/posts\/4581","targetHints":{"allow":["GET"]}}],"collection":[{"href":"https:\/\/raval.es\/elx\/wp-json\/wp\/v2\/posts"}],"about":[{"href":"https:\/\/raval.es\/elx\/wp-json\/wp\/v2\/types\/post"}],"author":[{"embeddable":true,"href":"https:\/\/raval.es\/elx\/wp-json\/wp\/v2\/users\/1"}],"replies":[{"embeddable":true,"href":"https:\/\/raval.es\/elx\/wp-json\/wp\/v2\/comments?post=4581"}],"version-history":[{"count":15,"href":"https:\/\/raval.es\/elx\/wp-json\/wp\/v2\/posts\/4581\/revisions"}],"predecessor-version":[{"id":4660,"href":"https:\/\/raval.es\/elx\/wp-json\/wp\/v2\/posts\/4581\/revisions\/4660"}],"wp:attachment":[{"href":"https:\/\/raval.es\/elx\/wp-json\/wp\/v2\/media?parent=4581"}],"wp:term":[{"taxonomy":"category","embeddable":true,"href":"https:\/\/raval.es\/elx\/wp-json\/wp\/v2\/categories?post=4581"},{"taxonomy":"post_tag","embeddable":true,"href":"https:\/\/raval.es\/elx\/wp-json\/wp\/v2\/tags?post=4581"}],"curies":[{"name":"wp","href":"https:\/\/api.w.org\/{rel}","templated":true}]}}