{"id":4674,"date":"2021-03-29T08:16:00","date_gmt":"2021-03-29T08:16:00","guid":{"rendered":"https:\/\/raval.es\/elx\/?p=4674"},"modified":"2021-09-19T13:45:00","modified_gmt":"2021-09-19T13:45:00","slug":"sorteig29m","status":"publish","type":"post","link":"https:\/\/raval.es\/elx\/sorteig29m\/","title":{"rendered":"SORTEIG DE MICRO PARCEL\u00b7LES"},"content":{"rendered":"<div id=\"fb-root\"><\/div>\n\n[et_pb_section fb_built=\u00bb1&#8243; _builder_version=\u00bb4.6.6&#8243; _module_preset=\u00bbdefault\u00bb][et_pb_row column_structure=\u00bb1_3,2_3&#8243; _builder_version=\u00bb4.6.6&#8243; _module_preset=\u00bbdefault\u00bb][et_pb_column type=\u00bb1_3&#8243; _builder_version=\u00bb4.6.6&#8243; _module_preset=\u00bbdefault\u00bb background_color=\u00bb#88c4dd\u00bb][et_pb_text _builder_version=\u00bb4.6.6&#8243; _module_preset=\u00bbdefault\u00bb min_height=\u00bb104px\u00bb inline_fonts=\u00bbUbuntu,Ubuntu Mono\u00bb]<h2 style=\"text-align: center;\"><span style=\"color: #ffffff; font-family: Ubuntu; font-weight: normal;\">M\u00e9s infomaci\u00f3 i contacte:<\/span><br \/> <span style=\"color: #ffffff; font-family: Ubuntu; font-weight: normal;\"> <a href=\"mailto:horta@raval.es\" style=\"color: #ffffff;\"><strong><\/strong><\/a><strong><a style=\"color: #ffffff;\">horta@raval.es<\/a><\/strong><\/span><\/h2>\n<p style=\"text-align: center;\"><span style=\"font-size: large;\"><strong><img loading=\"lazy\" decoding=\"async\" src=\"https:\/\/raval.es\/elx\/wp-content\/uploads\/2018\/07\/WhatsApp-Logo-297x300.png\" alt=\"\" class=\"wp-image-2281 alignnone size-medium\" width=\"27\" height=\"30\" \/><img loading=\"lazy\" decoding=\"async\" src=\"https:\/\/raval.es\/elx\/wp-content\/uploads\/2021\/02\/telegramweb.png\" alt=\"\" class=\"wp-image-4552 alignnone size-full\" width=\"30\" height=\"30\" srcset=\"https:\/\/raval.es\/elx\/wp-content\/uploads\/2021\/02\/telegramweb.png 150w, https:\/\/raval.es\/elx\/wp-content\/uploads\/2021\/02\/telegramweb-21x21.png 21w, https:\/\/raval.es\/elx\/wp-content\/uploads\/2021\/02\/telegramweb-36x36.png 36w, https:\/\/raval.es\/elx\/wp-content\/uploads\/2021\/02\/telegramweb-48x48.png 48w\" sizes=\"auto, (max-width: 30px) 100vw, 30px\" \/><\/strong><span style=\"font-family: Ubuntu; font-weight: normal; font-size: x-large; color: #ffffff;\"><strong>633 971 670<\/strong><\/span><\/span><\/p>\n<h4><strong><br \/> <\/strong><\/h4>[\/et_pb_text][et_pb_text _builder_version=\u00bb4.6.6&#8243; _module_preset=\u00bbdefault\u00bb hover_enabled=\u00bb0&#8243; sticky_enabled=\u00bb0&#8243;]<h3 style=\"text-align: center;\"><a href=\"https:\/\/raval.es\/dox\/asignacion2021.pdf\">RELACI\u00d3N ASIGNATARIOS\/AS<\/a><br \/><a href=\"https:\/\/raval.es\/dox\/asignacion2021.pdf\"> MICROPARCELAS <\/a><br \/><a href=\"https:\/\/raval.es\/dox\/asignacion2021.pdf\"> HORT DE FELIP<strong> (pdf)<\/strong><span style=\"color: #ff0000;\"><strong><\/strong><\/span><span style=\"color: #ff0000;\"><strong><br \/><\/strong><\/span><span style=\"color: #ff0000;\">(y lista de espera) <\/span><\/a><a href=\"https:\/\/raval.es\/dox\/BASES_HORTA2021.pdf\"><span style=\"color: #ff0000;\"><strong><\/strong><\/span><\/a><\/h3>\n<p><img loading=\"lazy\" decoding=\"async\" src=\"https:\/\/raval.es\/elx\/wp-content\/uploads\/2021\/03\/relacioprovis2-245x300.jpg\" alt=\"\" class=\"wp-image-4721 alignnone size-medium\" style=\"display: block; margin-left: auto; margin-right: auto;\" width=\"245\" height=\"300\" \/><\/p>\n[\/et_pb_text][et_pb_text _builder_version=\u00bb4.6.6&#8243; _module_preset=\u00bbdefault\u00bb]<h3 style=\"text-align: center;\"><a href=\"https:\/\/raval.es\/dox\/REGLAMENT_HORTA2021.pdf\"><span style=\"color: #ff0000;\"><span style=\"color: #ffffff;\"><strong>REGLAMENT INTERN <\/strong>(PDF)<\/span><strong><br \/> <\/strong><\/span><\/a><\/h3>\n<p><a href=\"https:\/\/raval.es\/dox\/REGLAMENT_HORTA2021.pdf\"><img loading=\"lazy\" decoding=\"async\" src=\"https:\/\/raval.es\/elx\/wp-content\/uploads\/2021\/03\/Reglamentban-300x300.jpg\" alt=\"\" class=\"wp-image-4622 alignnone size-medium\" style=\"display: block; margin-left: auto; margin-right: auto;\" width=\"300\" height=\"300\" srcset=\"https:\/\/raval.es\/elx\/wp-content\/uploads\/2021\/03\/Reglamentban-300x300.jpg 300w, https:\/\/raval.es\/elx\/wp-content\/uploads\/2021\/03\/Reglamentban-150x150.jpg 150w, https:\/\/raval.es\/elx\/wp-content\/uploads\/2021\/03\/Reglamentban-21x21.jpg 21w, https:\/\/raval.es\/elx\/wp-content\/uploads\/2021\/03\/Reglamentban-36x36.jpg 36w, https:\/\/raval.es\/elx\/wp-content\/uploads\/2021\/03\/Reglamentban-48x48.jpg 48w, https:\/\/raval.es\/elx\/wp-content\/uploads\/2021\/03\/Reglamentban.jpg 350w\" sizes=\"auto, (max-width: 300px) 100vw, 300px\" \/><\/a><\/p>\n<hr style=\"color: #ffffff;\" \/>\n<h3 style=\"text-align: center;\"><a href=\"https:\/\/raval.es\/elx\/normeshorta2021\"><span style=\"color: #ffffff;\"><strong>RES\u00daMEN NORMATIVO<\/strong><\/span><\/a><\/h3>\n<p><a href=\"https:\/\/raval.es\/elx\/normeshorta2021\"><img loading=\"lazy\" decoding=\"async\" src=\"https:\/\/raval.es\/elx\/wp-content\/uploads\/2021\/03\/normesban-300x300.jpg\" alt=\"\" class=\"wp-image-4626 alignnone size-medium\" style=\"display: block; margin-left: auto; margin-right: auto;\" width=\"300\" height=\"300\" srcset=\"https:\/\/raval.es\/elx\/wp-content\/uploads\/2021\/03\/normesban-300x300.jpg 300w, https:\/\/raval.es\/elx\/wp-content\/uploads\/2021\/03\/normesban-150x150.jpg 150w, https:\/\/raval.es\/elx\/wp-content\/uploads\/2021\/03\/normesban-21x21.jpg 21w, https:\/\/raval.es\/elx\/wp-content\/uploads\/2021\/03\/normesban-36x36.jpg 36w, https:\/\/raval.es\/elx\/wp-content\/uploads\/2021\/03\/normesban-48x48.jpg 48w, https:\/\/raval.es\/elx\/wp-content\/uploads\/2021\/03\/normesban.jpg 350w\" sizes=\"auto, (max-width: 300px) 100vw, 300px\" \/><\/a><\/p>\n<p>&nbsp;<\/p>[\/et_pb_text][\/et_pb_column][et_pb_column type=\u00bb2_3&#8243; _builder_version=\u00bb4.6.6&#8243; _module_preset=\u00bbdefault\u00bb][et_pb_text _builder_version=\u00bb4.6.6&#8243; _module_preset=\u00bbdefault\u00bb hover_enabled=\u00bb0&#8243; sticky_enabled=\u00bb0&#8243;]<h4 style=\"text-align: center;\"><strong>SORTEO DE MICROPARCELAS<\/strong><br \/> <strong> EN EL ECOHUERTO HORT DE FELIP<\/strong><strong><br \/> <\/strong><\/h4>\n<p>El <strong><a href=\"https:\/\/raval.es\/dox\/sorteighorta.pdf\">documento adjunto (PDF)<\/a> <\/strong>detalla el resultado del sorteo de asignaci\u00f3n de 11 microparcelas en el Ecohuerto Hort de Felip entre las solicitudes presentadas descartadas en la primera asignaci\u00f3n por baremaci\u00f3n.<br \/> El sorteo se realiz\u00f3 en la ma\u00f1ana del lunes 29 de marzo y se document\u00f3 en el video que puedes ver a continuaci\u00f3n. Con este acto se concluy\u00f3 la asignaci\u00f3n de las 37 microparcelas de la primera fase del EcoHuerto<br \/> La relaci\u00f3n final de asignaciones, as\u00ed como la lista de espera ordenada para el caso de bajas en las asignaciones puedes encontrarlas en <strong><a href=\"https:\/\/raval.es\/elx\/asignacions2021\/\">raval.es\/elx\/asignacions2021\/<\/a><\/strong><\/p>\n<p>&nbsp;<\/p>\n[\/et_pb_text][et_pb_code _builder_version=\u00bb4.6.6&#8243; _module_preset=\u00bbdefault\u00bb hover_enabled=\u00bb0&#8243; sticky_enabled=\u00bb0&#8243;]<iframe loading=\"lazy\" width=\"560\" height=\"315\" src=\"https:\/\/www.youtube.com\/embed\/hkEwZe09-aE\" title=\"YouTube video player\" frameborder=\"0\" allow=\"accelerometer; autoplay; clipboard-write; encrypted-media; gyroscope; picture-in-picture\" allowfullscreen><\/iframe>[\/et_pb_code][et_pb_code _builder_version=\u00bb4.6.6&#8243; _module_preset=\u00bbdefault\u00bb hover_enabled=\u00bb0&#8243; sticky_enabled=\u00bb0&#8243;]<a href=\"https:\/\/raval.es\/dox\/sorteighorta.pdf\" class=\"pdfemb-viewer\" style=\"\" data-width=\"max\" data-height=\"max\" data-toolbar=\"bottom\" data-toolbar-fixed=\"off\">sorteighorta<\/a>[\/et_pb_code][\/et_pb_column][\/et_pb_row][et_pb_row _builder_version=\u00bb4.6.6&#8243; _module_preset=\u00bbdefault\u00bb][et_pb_column type=\u00bb4_4&#8243; _builder_version=\u00bb4.6.6&#8243; _module_preset=\u00bbdefault\u00bb][et_pb_text _builder_version=\u00bb4.6.6&#8243; _module_preset=\u00bbdefault\u00bb]<p style=\"text-align: center;\"><img loading=\"lazy\" decoding=\"async\" src=\"https:\/\/raval.es\/elx\/wp-content\/uploads\/2018\/10\/RAVALlogo2108-300x150.png\" alt=\"\" class=\"wp-image-2394 alignnone size-medium\" width=\"150\" height=\"75\" srcset=\"https:\/\/raval.es\/elx\/wp-content\/uploads\/2018\/10\/RAVALlogo2108-300x150.png 300w, https:\/\/raval.es\/elx\/wp-content\/uploads\/2018\/10\/RAVALlogo2108-768x384.png 768w, https:\/\/raval.es\/elx\/wp-content\/uploads\/2018\/10\/RAVALlogo2108.png 898w\" sizes=\"auto, (max-width: 150px) 100vw, 150px\" \/> \u00a0\u00a0 <img loading=\"lazy\" decoding=\"async\" src=\"https:\/\/raval.es\/elx\/wp-content\/uploads\/2018\/10\/elxparticipa.png\" alt=\"\" class=\"wp-image-2459 alignnone size-full\" width=\"100\" height=\"100\" srcset=\"https:\/\/raval.es\/elx\/wp-content\/uploads\/2018\/10\/elxparticipa.png 300w, https:\/\/raval.es\/elx\/wp-content\/uploads\/2018\/10\/elxparticipa-150x150.png 150w\" sizes=\"auto, (max-width: 100px) 100vw, 100px\" \/> \u00a0\u00a0\u00a0<img loading=\"lazy\" decoding=\"async\" src=\"https:\/\/raval.es\/elx\/wp-content\/uploads\/2021\/03\/Regidoria-MediAmbient-300x99.png\" alt=\"\" class=\"wp-image-4569 alignnone size-medium\" width=\"300\" height=\"99\" \/><img loading=\"lazy\" decoding=\"async\" src=\"https:\/\/raval.es\/elx\/wp-content\/uploads\/2021\/03\/elx2030-300x101.jpg\" alt=\"\" class=\"wp-image-4653 alignnone size-medium\" width=\"300\" height=\"101\" \/><\/p>[\/et_pb_text][\/et_pb_column][\/et_pb_row][\/et_pb_section]\n","protected":false},"excerpt":{"rendered":"<p>Llista d&#8217;asignataris de les micro parcel\u00b7les i llista de reserves que entren al sorteig de la resta<\/p>\n","protected":false},"author":1,"featured_media":4740,"comment_status":"closed","ping_status":"closed","sticky":false,"template":"","format":"standard","meta":{"_et_pb_use_builder":"on","_et_pb_old_content":"","_et_gb_content_width":"1080","_joinchat":[],"footnotes":""},"categories":[136,54],"tags":[],"class_list":["post-4674","post","type-post","status-publish","format-standard","has-post-thumbnail","hentry","category-hort-de-felip","category-hort-urba"],"_links":{"self":[{"href":"https:\/\/raval.es\/elx\/wp-json\/wp\/v2\/posts\/4674","targetHints":{"allow":["GET"]}}],"collection":[{"href":"https:\/\/raval.es\/elx\/wp-json\/wp\/v2\/posts"}],"about":[{"href":"https:\/\/raval.es\/elx\/wp-json\/wp\/v2\/types\/post"}],"author":[{"embeddable":true,"href":"https:\/\/raval.es\/elx\/wp-json\/wp\/v2\/users\/1"}],"replies":[{"embeddable":true,"href":"https:\/\/raval.es\/elx\/wp-json\/wp\/v2\/comments?post=4674"}],"version-history":[{"count":16,"href":"https:\/\/raval.es\/elx\/wp-json\/wp\/v2\/posts\/4674\/revisions"}],"predecessor-version":[{"id":4747,"href":"https:\/\/raval.es\/elx\/wp-json\/wp\/v2\/posts\/4674\/revisions\/4747"}],"wp:featuredmedia":[{"embeddable":true,"href":"https:\/\/raval.es\/elx\/wp-json\/wp\/v2\/media\/4740"}],"wp:attachment":[{"href":"https:\/\/raval.es\/elx\/wp-json\/wp\/v2\/media?parent=4674"}],"wp:term":[{"taxonomy":"category","embeddable":true,"href":"https:\/\/raval.es\/elx\/wp-json\/wp\/v2\/categories?post=4674"},{"taxonomy":"post_tag","embeddable":true,"href":"https:\/\/raval.es\/elx\/wp-json\/wp\/v2\/tags?post=4674"}],"curies":[{"name":"wp","href":"https:\/\/api.w.org\/{rel}","templated":true}]}}