{"id":4753,"date":"2021-04-27T13:17:13","date_gmt":"2021-04-27T13:17:13","guid":{"rendered":"https:\/\/raval.es\/elx\/?p=4753"},"modified":"2021-05-09T15:58:15","modified_gmt":"2021-05-09T15:58:15","slug":"assemblea30a","status":"publish","type":"post","link":"https:\/\/raval.es\/elx\/assemblea30a\/","title":{"rendered":"ASSEMBLEA D&#8217;ASSIGNATARIS HORT DE FELIP"},"content":{"rendered":"<div id=\"fb-root\"><\/div>\n\n[et_pb_section fb_built=\u00bb1&#8243; _builder_version=\u00bb4.6.6&#8243; _module_preset=\u00bbdefault\u00bb][et_pb_row column_structure=\u00bb1_3,2_3&#8243; _builder_version=\u00bb4.6.6&#8243; _module_preset=\u00bbdefault\u00bb][et_pb_column type=\u00bb1_3&#8243; _builder_version=\u00bb4.6.6&#8243; _module_preset=\u00bbdefault\u00bb background_color=\u00bb#88c4dd\u00bb][et_pb_text _builder_version=\u00bb4.6.6&#8243; _module_preset=\u00bbdefault\u00bb min_height=\u00bb104px\u00bb inline_fonts=\u00bbUbuntu,Ubuntu Mono\u00bb]<h2 style=\"text-align: center;\"><span style=\"color: #ffffff; font-family: Ubuntu; font-weight: normal;\">M\u00e9s infomaci\u00f3 i contacte:<\/span><br \/> <span style=\"color: #ffffff; font-family: Ubuntu; font-weight: normal;\"> <a href=\"mailto:horta@raval.es\" style=\"color: #ffffff;\"><strong><\/strong><\/a><strong><a style=\"color: #ffffff;\">horta@raval.es<\/a><\/strong><\/span><\/h2>\n<p style=\"text-align: center;\"><span style=\"font-size: large;\"><strong><img loading=\"lazy\" decoding=\"async\" src=\"https:\/\/raval.es\/elx\/wp-content\/uploads\/2018\/07\/WhatsApp-Logo-297x300.png\" alt=\"\" class=\"wp-image-2281 alignnone size-medium\" width=\"27\" height=\"30\" \/><img loading=\"lazy\" decoding=\"async\" src=\"https:\/\/raval.es\/elx\/wp-content\/uploads\/2021\/02\/telegramweb.png\" alt=\"\" class=\"wp-image-4552 alignnone size-full\" width=\"30\" height=\"30\" srcset=\"https:\/\/raval.es\/elx\/wp-content\/uploads\/2021\/02\/telegramweb.png 150w, https:\/\/raval.es\/elx\/wp-content\/uploads\/2021\/02\/telegramweb-21x21.png 21w, https:\/\/raval.es\/elx\/wp-content\/uploads\/2021\/02\/telegramweb-36x36.png 36w, https:\/\/raval.es\/elx\/wp-content\/uploads\/2021\/02\/telegramweb-48x48.png 48w\" sizes=\"auto, (max-width: 30px) 100vw, 30px\" \/><\/strong><span style=\"font-family: Ubuntu; font-weight: normal; font-size: x-large; color: #ffffff;\"><strong>633 971 670<\/strong><\/span><\/span><\/p>\n<h4><strong><br \/> <\/strong><\/h4>[\/et_pb_text][et_pb_text _builder_version=\u00bb4.6.6&#8243; _module_preset=\u00bbdefault\u00bb]<h3 style=\"text-align: center;\"><a href=\"https:\/\/raval.es\/dox\/asignacion.pdf\"><\/a><a href=\"https:\/\/raval.es\/dox\/asignacion2021.pdf\">RELACI\u00d3N ASIGNATARIOS\/AS<\/a><br \/><a href=\"https:\/\/raval.es\/dox\/asignacion2021.pdf\"> MICROPARCELAS <\/a><br \/><a href=\"https:\/\/raval.es\/dox\/asignacion2021.pdf\"> HORT DE FELIP<strong> (pdf)<\/strong><span style=\"color: #ff0000;\"><strong><\/strong><\/span><span style=\"color: #ff0000;\"><strong><br \/> <\/strong><\/span><\/a><\/h3>\n<p><a href=\"https:\/\/raval.es\/dox\/asignacion2021.pdf\"><img loading=\"lazy\" decoding=\"async\" src=\"https:\/\/raval.es\/elx\/wp-content\/uploads\/2021\/03\/relacioprovis2-245x300.jpg\" alt=\"\" class=\"wp-image-4721 alignnone size-medium\" style=\"display: block; margin-left: auto; margin-right: auto;\" width=\"245\" height=\"300\" \/><\/a><\/p>[\/et_pb_text][et_pb_text _builder_version=\u00bb4.6.6&#8243; _module_preset=\u00bbdefault\u00bb]<h3 style=\"text-align: center;\"><a href=\"https:\/\/raval.es\/dox\/REGLAMENT_HORTA2021.pdf\"><span style=\"color: #ff0000;\"><span style=\"color: #ffffff;\"><strong>REGLAMENT INTERN <\/strong>(PDF)<\/span><strong><br \/> <\/strong><\/span><\/a><\/h3>\n<p><a href=\"https:\/\/raval.es\/dox\/REGLAMENT_HORTA2021.pdf\"><img loading=\"lazy\" decoding=\"async\" src=\"https:\/\/raval.es\/elx\/wp-content\/uploads\/2021\/03\/Reglamentban-300x300.jpg\" alt=\"\" class=\"wp-image-4622 alignnone size-medium\" style=\"display: block; margin-left: auto; margin-right: auto;\" width=\"300\" height=\"300\" srcset=\"https:\/\/raval.es\/elx\/wp-content\/uploads\/2021\/03\/Reglamentban-300x300.jpg 300w, https:\/\/raval.es\/elx\/wp-content\/uploads\/2021\/03\/Reglamentban-150x150.jpg 150w, https:\/\/raval.es\/elx\/wp-content\/uploads\/2021\/03\/Reglamentban-21x21.jpg 21w, https:\/\/raval.es\/elx\/wp-content\/uploads\/2021\/03\/Reglamentban-36x36.jpg 36w, https:\/\/raval.es\/elx\/wp-content\/uploads\/2021\/03\/Reglamentban-48x48.jpg 48w, https:\/\/raval.es\/elx\/wp-content\/uploads\/2021\/03\/Reglamentban.jpg 350w\" sizes=\"auto, (max-width: 300px) 100vw, 300px\" \/><\/a><\/p>\n<hr style=\"color: #ffffff;\" \/>\n<h3 style=\"text-align: center;\"><a href=\"https:\/\/raval.es\/elx\/normeshorta2021\"><span style=\"color: #ffffff;\"><strong>RES\u00daMEN NORMATIVO<\/strong><\/span><\/a><\/h3>\n<p><a href=\"https:\/\/raval.es\/elx\/normeshorta2021\"><img loading=\"lazy\" decoding=\"async\" src=\"https:\/\/raval.es\/elx\/wp-content\/uploads\/2021\/03\/normesban-300x300.jpg\" alt=\"\" class=\"wp-image-4626 alignnone size-medium\" style=\"display: block; margin-left: auto; margin-right: auto;\" width=\"300\" height=\"300\" srcset=\"https:\/\/raval.es\/elx\/wp-content\/uploads\/2021\/03\/normesban-300x300.jpg 300w, https:\/\/raval.es\/elx\/wp-content\/uploads\/2021\/03\/normesban-150x150.jpg 150w, https:\/\/raval.es\/elx\/wp-content\/uploads\/2021\/03\/normesban-21x21.jpg 21w, https:\/\/raval.es\/elx\/wp-content\/uploads\/2021\/03\/normesban-36x36.jpg 36w, https:\/\/raval.es\/elx\/wp-content\/uploads\/2021\/03\/normesban-48x48.jpg 48w, https:\/\/raval.es\/elx\/wp-content\/uploads\/2021\/03\/normesban.jpg 350w\" sizes=\"auto, (max-width: 300px) 100vw, 300px\" \/><\/a><\/p>\n<p>&nbsp;<\/p>[\/et_pb_text][\/et_pb_column][et_pb_column type=\u00bb2_3&#8243; _builder_version=\u00bb4.6.6&#8243; _module_preset=\u00bbdefault\u00bb][et_pb_text _builder_version=\u00bb4.6.6&#8243; _module_preset=\u00bbdefault\u00bb hover_enabled=\u00bb0&#8243; sticky_enabled=\u00bb0&#8243;]<h4 style=\"text-align: center;\"><strong>ASSEMBLEA D&#8217; ASSIGNATARIS\/ES DE MICROPARCEL\u00b7LES<\/strong><br \/> <strong> EN EL HORT DE FELIP<\/strong><strong> ECOL\u00d2GIC I URB\u00c0<br \/> <\/strong><\/h4>\n<p>Divendres que ve, 30 d&#8217;Abril comen\u00e7a l&#8217;activitat en l&#8217;hort urb\u00e0 i ecol\u00f2gic del Raval, situat en el Cam\u00ed de Felip, al costat del Centre de Salut del Raval<br \/>L&#8217;Hort de Felip acollir\u00e0 la primera assemblea dels\/les assignataris\/es de les microparcel\u00b7les que donaran vida a aquest projecte tan esperat, desitjat i il\u00b7lusionant.<br \/>En l&#8217;Assemblea es repartiran les acreditacions a les persones i entitats que han sigut assignades per a l&#8217;\u00fas de les 37 microparcel\u00b7les que seran sortejades en l&#8217;acte.<br \/>Aix\u00ed mateix se&#8217;ls donar\u00e0 c\u00f2pia del Reglament intern de l&#8217;ecohort i s&#8217;informar\u00e0 del funcionament i composici\u00f3 dels diferents grups de treball que conformaran la base operativa de l&#8217;estructura de l&#8217;Hort de Felip.<br \/>Amb motiu de la normativa de seguretat vigent que totes\/us coneixeu, nom\u00e9s es permetr\u00e0 l&#8217;assist\u00e8ncia a l&#8217;Assemblea de les persones assignataries de les micro parcel\u00b7les, sense acompanyants.<\/p>\n<p>El pr\u00f3ximo viernes, 30 de Abril comienza la actividad en el huerto urbano y ecol\u00f3gico del Raval, situado en el Cam\u00ed de Felip, junto al Centro de Salud del Raval<br \/>El Hort de Felip acoger\u00e1 la primera asamblea de los\/as asignatarios\/as de las microparcelas que dar\u00e1n vida a este proyecto tan esperado, deseado e ilusionante.<br \/>En la Asamblea se repartir\u00e1n las acreditaciones a las personas y entidades que han sido asignadas para el uso de las 37 microparcelas que ser\u00e1n sorteadas en el acto.<br \/>Asimismo se les dar\u00e1 copia del Reglamento interno del ecohuerto y se informar\u00e1 del funcionamiento y composici\u00f3n de los distintos grupos de trabajo que conformaran la base operativa de la estructura del Hort de Felip.<br \/>Con motivo de la normativa de seguridad vigente que todas\/os conoc\u00e9is, solo se permitir\u00e1 la asistencia a la Asamblea de las personas asignatarias de las micro parcelas, sin acompa\u00f1antes.<\/p>\n[\/et_pb_text][\/et_pb_column][\/et_pb_row][et_pb_row _builder_version=\u00bb4.6.6&#8243; _module_preset=\u00bbdefault\u00bb][et_pb_column type=\u00bb4_4&#8243; _builder_version=\u00bb4.6.6&#8243; _module_preset=\u00bbdefault\u00bb][et_pb_text _builder_version=\u00bb4.6.6&#8243; _module_preset=\u00bbdefault\u00bb]<p style=\"text-align: center;\"><img loading=\"lazy\" decoding=\"async\" src=\"https:\/\/raval.es\/elx\/wp-content\/uploads\/2018\/10\/RAVALlogo2108-300x150.png\" alt=\"\" class=\"wp-image-2394 alignnone size-medium\" width=\"150\" height=\"75\" srcset=\"https:\/\/raval.es\/elx\/wp-content\/uploads\/2018\/10\/RAVALlogo2108-300x150.png 300w, https:\/\/raval.es\/elx\/wp-content\/uploads\/2018\/10\/RAVALlogo2108-768x384.png 768w, https:\/\/raval.es\/elx\/wp-content\/uploads\/2018\/10\/RAVALlogo2108.png 898w\" sizes=\"auto, (max-width: 150px) 100vw, 150px\" \/> \u00a0\u00a0 <img loading=\"lazy\" decoding=\"async\" src=\"https:\/\/raval.es\/elx\/wp-content\/uploads\/2018\/10\/elxparticipa.png\" alt=\"\" class=\"wp-image-2459 alignnone size-full\" width=\"100\" height=\"100\" srcset=\"https:\/\/raval.es\/elx\/wp-content\/uploads\/2018\/10\/elxparticipa.png 300w, https:\/\/raval.es\/elx\/wp-content\/uploads\/2018\/10\/elxparticipa-150x150.png 150w\" sizes=\"auto, (max-width: 100px) 100vw, 100px\" \/> \u00a0\u00a0\u00a0<img loading=\"lazy\" decoding=\"async\" src=\"https:\/\/raval.es\/elx\/wp-content\/uploads\/2021\/03\/Regidoria-MediAmbient-300x99.png\" alt=\"\" class=\"wp-image-4569 alignnone size-medium\" width=\"300\" height=\"99\" \/><img loading=\"lazy\" decoding=\"async\" src=\"https:\/\/raval.es\/elx\/wp-content\/uploads\/2021\/03\/elx2030-300x101.jpg\" alt=\"\" class=\"wp-image-4653 alignnone size-medium\" width=\"300\" height=\"101\" \/><\/p>[\/et_pb_text][\/et_pb_column][\/et_pb_row][\/et_pb_section]\n","protected":false},"excerpt":{"rendered":"<p>Divendres, 30 de d&#8217;Abril, a les 17:30h a l&#8217;Hort de Felip, C\/Cam\u00ed de Felip, s\/n (al costat del Centre de Salut del Raval)<\/p>\n","protected":false},"author":1,"featured_media":4755,"comment_status":"closed","ping_status":"closed","sticky":false,"template":"","format":"standard","meta":{"_et_pb_use_builder":"on","_et_pb_old_content":"","_et_gb_content_width":"1080","_joinchat":[],"footnotes":""},"categories":[54],"tags":[],"class_list":["post-4753","post","type-post","status-publish","format-standard","has-post-thumbnail","hentry","category-hort-urba"],"_links":{"self":[{"href":"https:\/\/raval.es\/elx\/wp-json\/wp\/v2\/posts\/4753","targetHints":{"allow":["GET"]}}],"collection":[{"href":"https:\/\/raval.es\/elx\/wp-json\/wp\/v2\/posts"}],"about":[{"href":"https:\/\/raval.es\/elx\/wp-json\/wp\/v2\/types\/post"}],"author":[{"embeddable":true,"href":"https:\/\/raval.es\/elx\/wp-json\/wp\/v2\/users\/1"}],"replies":[{"embeddable":true,"href":"https:\/\/raval.es\/elx\/wp-json\/wp\/v2\/comments?post=4753"}],"version-history":[{"count":4,"href":"https:\/\/raval.es\/elx\/wp-json\/wp\/v2\/posts\/4753\/revisions"}],"predecessor-version":[{"id":4759,"href":"https:\/\/raval.es\/elx\/wp-json\/wp\/v2\/posts\/4753\/revisions\/4759"}],"wp:featuredmedia":[{"embeddable":true,"href":"https:\/\/raval.es\/elx\/wp-json\/wp\/v2\/media\/4755"}],"wp:attachment":[{"href":"https:\/\/raval.es\/elx\/wp-json\/wp\/v2\/media?parent=4753"}],"wp:term":[{"taxonomy":"category","embeddable":true,"href":"https:\/\/raval.es\/elx\/wp-json\/wp\/v2\/categories?post=4753"},{"taxonomy":"post_tag","embeddable":true,"href":"https:\/\/raval.es\/elx\/wp-json\/wp\/v2\/tags?post=4753"}],"curies":[{"name":"wp","href":"https:\/\/api.w.org\/{rel}","templated":true}]}}