{"id":4798,"date":"2021-05-10T11:31:42","date_gmt":"2021-05-10T11:31:42","guid":{"rendered":"https:\/\/raval.es\/elx\/?p=4798"},"modified":"2021-05-10T11:42:02","modified_gmt":"2021-05-10T11:42:02","slug":"entrevista-generacion-i","status":"publish","type":"post","link":"https:\/\/raval.es\/elx\/entrevista-generacion-i\/","title":{"rendered":"Entrevista a Joaqu\u00edn &#8211; Generaci\u00f3n i"},"content":{"rendered":"<div id=\"fb-root\"><\/div>\n\n<p><\/p>\n\n\n\n<figure class=\"wp-block-embed is-type-rich is-provider-gestor-del-servicio wp-block-embed-gestor-del-servicio wp-embed-aspect-16-9 wp-has-aspect-ratio\"><div class=\"wp-block-embed__wrapper\">\n<iframe loading=\"lazy\" title=\"Entrevista- Generaci\u00f3n i\" width=\"1080\" height=\"608\" src=\"https:\/\/www.youtube.com\/embed\/a7g6sjmHNUA?feature=oembed\" frameborder=\"0\" allow=\"accelerometer; autoplay; clipboard-write; encrypted-media; gyroscope; picture-in-picture\" allowfullscreen><\/iframe>\n<\/div><\/figure>\n\n\n\n<p>Entrevista a Joaqu\u00edn L\u00f3pez, miembro de la AV Raval y presidente del Consejo del Mayor a prop\u00f3sito del D\u00eda Europeo de la Solidaridad entre Generaciones (29 de abril) y el programa \u00abGeneraci\u00f3n i\u00bb<\/p>\n","protected":false},"excerpt":{"rendered":"<p>Joaqu\u00edn L\u00f3pez &#8211; D\u00eda Europeo de la Solidaridad entre Generaciones (29 de abril) <\/p>\n","protected":false},"author":1,"featured_media":4804,"comment_status":"closed","ping_status":"open","sticky":false,"template":"","format":"standard","meta":{"_et_pb_use_builder":"off","_et_pb_old_content":"","_et_gb_content_width":"793","_joinchat":[],"footnotes":""},"categories":[51],"tags":[],"class_list":["post-4798","post","type-post","status-publish","format-standard","has-post-thumbnail","hentry","category-noticias"],"_links":{"self":[{"href":"https:\/\/raval.es\/elx\/wp-json\/wp\/v2\/posts\/4798","targetHints":{"allow":["GET"]}}],"collection":[{"href":"https:\/\/raval.es\/elx\/wp-json\/wp\/v2\/posts"}],"about":[{"href":"https:\/\/raval.es\/elx\/wp-json\/wp\/v2\/types\/post"}],"author":[{"embeddable":true,"href":"https:\/\/raval.es\/elx\/wp-json\/wp\/v2\/users\/1"}],"replies":[{"embeddable":true,"href":"https:\/\/raval.es\/elx\/wp-json\/wp\/v2\/comments?post=4798"}],"version-history":[{"count":4,"href":"https:\/\/raval.es\/elx\/wp-json\/wp\/v2\/posts\/4798\/revisions"}],"predecessor-version":[{"id":4805,"href":"https:\/\/raval.es\/elx\/wp-json\/wp\/v2\/posts\/4798\/revisions\/4805"}],"wp:featuredmedia":[{"embeddable":true,"href":"https:\/\/raval.es\/elx\/wp-json\/wp\/v2\/media\/4804"}],"wp:attachment":[{"href":"https:\/\/raval.es\/elx\/wp-json\/wp\/v2\/media?parent=4798"}],"wp:term":[{"taxonomy":"category","embeddable":true,"href":"https:\/\/raval.es\/elx\/wp-json\/wp\/v2\/categories?post=4798"},{"taxonomy":"post_tag","embeddable":true,"href":"https:\/\/raval.es\/elx\/wp-json\/wp\/v2\/tags?post=4798"}],"curies":[{"name":"wp","href":"https:\/\/api.w.org\/{rel}","templated":true}]}}