{"id":4830,"date":"2021-05-26T18:32:31","date_gmt":"2021-05-26T18:32:31","guid":{"rendered":"https:\/\/raval.es\/elx\/?p=4830"},"modified":"2021-05-26T18:48:49","modified_gmt":"2021-05-26T18:48:49","slug":"lav-raval-premiada","status":"publish","type":"post","link":"https:\/\/raval.es\/elx\/lav-raval-premiada\/","title":{"rendered":"L&#8217;AV RAVAL PREMIADA"},"content":{"rendered":"<div id=\"fb-root\"><\/div>\n\n<p>La nostra tasca en la difusi\u00f3 per les xarxes socials, la Federaci\u00f3 d&#8217;Associacions Ve\u00efnals d&#8217;Elx ens ha reconegut amb aquesta impressora multifunci\u00f3.<br>Al mateix acte, celebrat a la seu de la federaci\u00f3 el darrer dimarts, 25 de maig, es va guardonar tamb\u00e9 a l&#8217;asociaci\u00f3 de Dones Ve\u00efnals per l&#8217;enorme seguiment aconseguit entre els\/les internautes<\/p>\n\n\n\n<p>Aix\u00edmateix va estar premiat el disseny web de l&#8217;Associaci\u00f3 Ve\u00efnal d&#8217;Altabix.<\/p>\n\n\n\n<p>Des d&#8217;aci volem agra\u00efr aquest reconeixement pel que significa de recolzament a la nostra tasca tant de la Federaci\u00f3 com per part dels centenars de ciutadans i ciutadanes que ens venen seguint des de la \u00abXarxa de xarxes\u00bb.<\/p>\n\n\n\n<figure class=\"wp-block-image size-large\"><img loading=\"lazy\" decoding=\"async\" width=\"1024\" height=\"648\" src=\"https:\/\/raval.es\/elx\/wp-content\/uploads\/2021\/05\/premiFAV-1024x648.jpeg\" alt=\"\" class=\"wp-image-4831\" srcset=\"https:\/\/raval.es\/elx\/wp-content\/uploads\/2021\/05\/premiFAV-1024x648.jpeg 1024w, https:\/\/raval.es\/elx\/wp-content\/uploads\/2021\/05\/premiFAV-300x190.jpeg 300w, https:\/\/raval.es\/elx\/wp-content\/uploads\/2021\/05\/premiFAV-768x486.jpeg 768w, https:\/\/raval.es\/elx\/wp-content\/uploads\/2021\/05\/premiFAV.jpeg 1599w\" sizes=\"auto, (max-width: 1024px) 100vw, 1024px\" \/><\/figure>\n","protected":false},"excerpt":{"rendered":"<p>La Federaci\u00f3 Ve\u00efnal Dama d&#8217;Elx premia la tasca de l&#8217;AV Raval a les xarxes<\/p>\n","protected":false},"author":1,"featured_media":4831,"comment_status":"open","ping_status":"open","sticky":false,"template":"","format":"standard","meta":{"_et_pb_use_builder":"off","_et_pb_old_content":"","_et_gb_content_width":"","_joinchat":[],"footnotes":""},"categories":[51],"tags":[],"class_list":["post-4830","post","type-post","status-publish","format-standard","has-post-thumbnail","hentry","category-noticias"],"_links":{"self":[{"href":"https:\/\/raval.es\/elx\/wp-json\/wp\/v2\/posts\/4830","targetHints":{"allow":["GET"]}}],"collection":[{"href":"https:\/\/raval.es\/elx\/wp-json\/wp\/v2\/posts"}],"about":[{"href":"https:\/\/raval.es\/elx\/wp-json\/wp\/v2\/types\/post"}],"author":[{"embeddable":true,"href":"https:\/\/raval.es\/elx\/wp-json\/wp\/v2\/users\/1"}],"replies":[{"embeddable":true,"href":"https:\/\/raval.es\/elx\/wp-json\/wp\/v2\/comments?post=4830"}],"version-history":[{"count":3,"href":"https:\/\/raval.es\/elx\/wp-json\/wp\/v2\/posts\/4830\/revisions"}],"predecessor-version":[{"id":4837,"href":"https:\/\/raval.es\/elx\/wp-json\/wp\/v2\/posts\/4830\/revisions\/4837"}],"wp:featuredmedia":[{"embeddable":true,"href":"https:\/\/raval.es\/elx\/wp-json\/wp\/v2\/media\/4831"}],"wp:attachment":[{"href":"https:\/\/raval.es\/elx\/wp-json\/wp\/v2\/media?parent=4830"}],"wp:term":[{"taxonomy":"category","embeddable":true,"href":"https:\/\/raval.es\/elx\/wp-json\/wp\/v2\/categories?post=4830"},{"taxonomy":"post_tag","embeddable":true,"href":"https:\/\/raval.es\/elx\/wp-json\/wp\/v2\/tags?post=4830"}],"curies":[{"name":"wp","href":"https:\/\/api.w.org\/{rel}","templated":true}]}}