{"id":4858,"date":"2021-06-18T17:23:58","date_gmt":"2021-06-18T17:23:58","guid":{"rendered":"https:\/\/raval.es\/elx\/?p=4858"},"modified":"2021-06-18T17:57:41","modified_gmt":"2021-06-18T17:57:41","slug":"joaquin-debatemunicipio","status":"publish","type":"post","link":"https:\/\/raval.es\/elx\/joaquin-debatemunicipio\/","title":{"rendered":"Joaquin en el Debate del Estado del Municipio"},"content":{"rendered":"<div id=\"fb-root\"><\/div>\n\n<p><\/p>\n\n\n\n<figure class=\"wp-block-embed is-type-video is-provider-youtube wp-block-embed-youtube wp-embed-aspect-16-9 wp-has-aspect-ratio\"><div class=\"wp-block-embed__wrapper\">\n<iframe loading=\"lazy\" title=\"Joaquin1\" width=\"1080\" height=\"608\" src=\"https:\/\/www.youtube.com\/embed\/o0fld7o-ZZE?feature=oembed\"  allow=\"accelerometer; autoplay; clipboard-write; encrypted-media; gyroscope; picture-in-picture\" allowfullscreen><\/iframe>\n<\/div><\/figure>\n\n\n\n<p>Joaqu\u00edn L\u00f3pez, secretario de la AV Raval y presidente del Consejo Municipal de Mayores en su intervenci\u00f3n durante el Debate sobre el Estado del Municipio . 8 de junio de 2021<\/p>\n","protected":false},"excerpt":{"rendered":"<p>Joaqu\u00edn L\u00f3pez &#8211; D\u00eda Europeo de la Solidaridad entre Generaciones (29 de abril) <\/p>\n","protected":false},"author":1,"featured_media":4860,"comment_status":"closed","ping_status":"open","sticky":false,"template":"","format":"standard","meta":{"_et_pb_use_builder":"off","_et_pb_old_content":"","_et_gb_content_width":"793","_joinchat":[],"footnotes":""},"categories":[51],"tags":[],"class_list":["post-4858","post","type-post","status-publish","format-standard","has-post-thumbnail","hentry","category-noticias"],"_links":{"self":[{"href":"https:\/\/raval.es\/elx\/wp-json\/wp\/v2\/posts\/4858","targetHints":{"allow":["GET"]}}],"collection":[{"href":"https:\/\/raval.es\/elx\/wp-json\/wp\/v2\/posts"}],"about":[{"href":"https:\/\/raval.es\/elx\/wp-json\/wp\/v2\/types\/post"}],"author":[{"embeddable":true,"href":"https:\/\/raval.es\/elx\/wp-json\/wp\/v2\/users\/1"}],"replies":[{"embeddable":true,"href":"https:\/\/raval.es\/elx\/wp-json\/wp\/v2\/comments?post=4858"}],"version-history":[{"count":2,"href":"https:\/\/raval.es\/elx\/wp-json\/wp\/v2\/posts\/4858\/revisions"}],"predecessor-version":[{"id":4861,"href":"https:\/\/raval.es\/elx\/wp-json\/wp\/v2\/posts\/4858\/revisions\/4861"}],"wp:featuredmedia":[{"embeddable":true,"href":"https:\/\/raval.es\/elx\/wp-json\/wp\/v2\/media\/4860"}],"wp:attachment":[{"href":"https:\/\/raval.es\/elx\/wp-json\/wp\/v2\/media?parent=4858"}],"wp:term":[{"taxonomy":"category","embeddable":true,"href":"https:\/\/raval.es\/elx\/wp-json\/wp\/v2\/categories?post=4858"},{"taxonomy":"post_tag","embeddable":true,"href":"https:\/\/raval.es\/elx\/wp-json\/wp\/v2\/tags?post=4858"}],"curies":[{"name":"wp","href":"https:\/\/api.w.org\/{rel}","templated":true}]}}