{"id":4871,"date":"2021-07-06T05:56:23","date_gmt":"2021-07-06T05:56:23","guid":{"rendered":"https:\/\/raval.es\/elx\/?p=4871"},"modified":"2021-09-19T13:27:03","modified_gmt":"2021-09-19T13:27:03","slug":"premisivcertamen","status":"publish","type":"post","link":"https:\/\/raval.es\/elx\/premisivcertamen\/","title":{"rendered":"IV Certamen Raval d&#8217;Elx &#8211; premis &#8211;"},"content":{"rendered":"<div id=\"fb-root\"><\/div>\n<p>[et_pb_section fb_built=\u00bb1&#8243; _builder_version=\u00bb4.9.5&#8243; _module_preset=\u00bbdefault\u00bb][et_pb_row _builder_version=\u00bb4.9.5&#8243; _module_preset=\u00bbdefault\u00bb][et_pb_column type=\u00bb4_4&#8243; _builder_version=\u00bb4.9.5&#8243; _module_preset=\u00bbdefault\u00bb][et_pb_image src=\u00bbhttps:\/\/raval.es\/elx\/wp-content\/uploads\/2020\/11\/retolWPcertamen.jpg\u00bb title_text=\u00bbretolWPcertamen\u00bb _builder_version=\u00bb4.9.5&#8243; _module_preset=\u00bbdefault\u00bb][\/et_pb_image][\/et_pb_column][\/et_pb_row][et_pb_row column_structure=\u00bb1_2,1_2&#8243; _builder_version=\u00bb4.9.5&#8243; _module_preset=\u00bbdefault\u00bb][et_pb_column type=\u00bb1_2&#8243; _builder_version=\u00bb4.9.5&#8243; _module_preset=\u00bbdefault\u00bb][et_pb_text _builder_version=\u00bb4.9.5&#8243; _module_preset=\u00bbdefault\u00bb hover_enabled=\u00bb0&#8243; inline_fonts=\u00bbMontserrat\u00bb sticky_enabled=\u00bb0&#8243;]<\/p>\n<p><strong><span style=\"font-family: Montserrat;\">CATEGORIA ADULTOS:<\/span><\/strong><\/p>\n<ol>\n<li>Premio: <a href=\"https:\/\/raval.es\/elx\/suceso\/\"><strong>EL SUCESO<\/strong>, de Luis Pueyo Garc\u00eda<\/a><\/li>\n<li>Premio: <strong>CAF\u00c9 OPORTUNITAT<\/strong>, de Israel Mart\u00ednez Guerrero<\/li>\n<li>Premio: <strong>EL CARTEL<\/strong>, de Maravillas Pastor Fern\u00e1ndez<\/li>\n<\/ol>\n<p>Acc\u00e9sit: <strong>ADI\u00d3S, MAR\u00edA, ADI\u00d3S<\/strong>, de Jorge Molla Olcina<\/p>\n<p>[\/et_pb_text][\/et_pb_column][et_pb_column type=\u00bb1_2&#8243; _builder_version=\u00bb4.9.5&#8243; _module_preset=\u00bbdefault\u00bb][et_pb_text _builder_version=\u00bb4.9.5&#8243; _module_preset=\u00bbdefault\u00bb hover_enabled=\u00bb0&#8243; inline_fonts=\u00bbMontserrat\u00bb sticky_enabled=\u00bb0&#8243;]<\/p>\n<p><strong><span style=\"font-family: Montserrat;\">CATEGORIA SENIOR:<\/span><\/strong><\/p>\n<ol>\n<li>Premio: <strong><a href=\"https:\/\/raval.es\/elx\/desdebalcon\/\">DESDE EL BALC\u00d3N<\/a><\/strong><a href=\"https:\/\/raval.es\/elx\/desdebalcon\/\">, de Lola Obrero Diez<\/a><\/li>\n<li>Premio: <strong>MI VIDA EN EL RAVAL<\/strong>, de Jos\u00e9 Guill\u00f3 Peregr\u00edn<\/li>\n<li>Premio: <strong>EL TESORO MALDITO<\/strong>, de Juan L\u00f3pez Garc\u00eda<\/li>\n<\/ol>\n<p>Acc\u00e9sit: <strong>DE LOS VIAJES DE LA DAMA<\/strong>, de Jos\u00e9 Ros Corb\u00ed<\/p>\n<p>[\/et_pb_text][\/et_pb_column][\/et_pb_row][et_pb_row _builder_version=\u00bb4.9.5&#8243; _module_preset=\u00bbdefault\u00bb][et_pb_column type=\u00bb4_4&#8243; _builder_version=\u00bb4.9.5&#8243; _module_preset=\u00bbdefault\u00bb][et_pb_text _builder_version=\u00bb4.9.5&#8243; _module_preset=\u00bbdefault\u00bb inline_fonts=\u00bbMontserrat\u00bb]<\/p>\n<p><span style=\"font-family: Montserrat;\"><strong>CATEGORIA INFANTIL:<\/strong><\/span><br \/>Fue declarada desierta aunque con menci\u00f3n de reconocimiento para<strong> LA FANTASIA<\/strong>, de Martina Hern\u00e1ndez Espinosa<\/p>\n<p>[\/et_pb_text][et_pb_text _builder_version=\u00bb4.9.5&#8243; _module_preset=\u00bbdefault\u00bb inline_fonts=\u00bbMontserrat\u00bb]<\/p>\n<p><span style=\"font-family: Montserrat;\"><strong>JURADO DEL CERTAMEN:<\/strong><\/span><br \/>Adela Bas, Jos\u00e9 Antonio Serrano, Carmen Buend\u00eda, Marina Maci\u00e1 y Pedro Tenza<\/p>\n<p>[\/et_pb_text][\/et_pb_column][\/et_pb_row][\/et_pb_section][et_pb_section fb_built=\u00bb1&#8243; _builder_version=\u00bb4.9.5&#8243; _module_preset=\u00bbdefault\u00bb][et_pb_row column_structure=\u00bb1_3,1_3,1_3&#8243; _builder_version=\u00bb3.25&#8243; background_size=\u00bbinitial\u00bb background_position=\u00bbtop_left\u00bb background_repeat=\u00bbrepeat\u00bb locked=\u00bboff\u00bb][et_pb_column type=\u00bb1_3&#8243; _builder_version=\u00bb3.25&#8243; custom_padding=\u00bb|||\u00bb custom_padding__hover=\u00bb|||\u00bb][et_pb_text _builder_version=\u00bb4.9.5&#8243; _module_preset=\u00bbdefault\u00bb]<\/p>\n<p>Nuestro m\u00e1s sincero agradecimiento a los <strong>patrocinadores<\/strong> que, con su apoyo, contribuyen a la promoci\u00f3n de la creatividad literaria.<\/p>\n<p>[\/et_pb_text][et_pb_image src=\u00bbhttps:\/\/raval.es\/elx\/wp-content\/uploads\/2020\/11\/ali-i-truc.jpg\u00bb url=\u00bbhttps:\/\/www.facebook.com\/llibreriaaliitruc\u00bb _builder_version=\u00bb4.4.3&#8243;][\/et_pb_image][\/et_pb_column][et_pb_column type=\u00bb1_3&#8243; _builder_version=\u00bb4.9.5&#8243; _module_preset=\u00bbdefault\u00bb][et_pb_image src=\u00bbhttps:\/\/raval.es\/elx\/wp-content\/uploads\/2020\/11\/LaGatera.jpg\u00bb url=\u00bbhttps:\/\/www.facebook.com\/gateraelche\u00bb _builder_version=\u00bb4.4.3&#8243;][\/et_pb_image][et_pb_image src=\u00bbhttps:\/\/raval.es\/elx\/wp-content\/uploads\/2020\/11\/Antonio.jpg\u00bb _builder_version=\u00bb4.4.3&#8243;][\/et_pb_image][\/et_pb_column][et_pb_column type=\u00bb1_3&#8243; _builder_version=\u00bb4.4.3&#8243;][et_pb_image src=\u00bbhttps:\/\/raval.es\/elx\/wp-content\/uploads\/2020\/11\/Beatriz.jpg\u00bb url=\u00bbhttps:\/\/www.podologiabeatriz.com\/\u00bb _builder_version=\u00bb4.4.3&#8243;][\/et_pb_image][\/et_pb_column][\/et_pb_row][et_pb_row column_structure=\u00bb1_4,1_4,1_4,1_4&#8243; _builder_version=\u00bb3.25&#8243; background_size=\u00bbinitial\u00bb background_position=\u00bbtop_left\u00bb background_repeat=\u00bbrepeat\u00bb locked=\u00bboff\u00bb][et_pb_column type=\u00bb1_4&#8243; _builder_version=\u00bb3.25&#8243; custom_padding=\u00bb|||\u00bb custom_padding__hover=\u00bb|||\u00bb][et_pb_image src=\u00bbhttps:\/\/raval.es\/elx\/wp-content\/uploads\/2020\/11\/paquito.jpg\u00bb url=\u00bbhttps:\/\/barpaquito.com\/\u00bb _builder_version=\u00bb4.4.3&#8243;][\/et_pb_image][et_pb_image src=\u00bbhttps:\/\/raval.es\/elx\/wp-content\/uploads\/2020\/11\/FruitesLaura.jpg\u00bb url=\u00bbhttps:\/\/www.facebook.com\/frutaslaura\u00bb _builder_version=\u00bb4.4.3&#8243;][\/et_pb_image][\/et_pb_column][et_pb_column type=\u00bb1_4&#8243; _builder_version=\u00bb3.25&#8243; custom_padding=\u00bb|||\u00bb custom_padding__hover=\u00bb|||\u00bb][et_pb_image src=\u00bbhttps:\/\/raval.es\/elx\/wp-content\/uploads\/2020\/11\/bonete.jpg\u00bb url=\u00bbhttps:\/\/www.anabonete.es\/\u00bb _builder_version=\u00bb4.4.3&#8243;][\/et_pb_image][et_pb_image src=\u00bbhttps:\/\/raval.es\/elx\/wp-content\/uploads\/2020\/11\/federacio-aavv-logoval.jpg\u00bb url=\u00bbhttps:\/\/www.federacionvecinoselche.org\/\u00bb _builder_version=\u00bb4.4.3&#8243;][\/et_pb_image][\/et_pb_column][et_pb_column type=\u00bb1_4&#8243; _builder_version=\u00bb4.9.5&#8243; _module_preset=\u00bbdefault\u00bb][et_pb_image src=\u00bbhttps:\/\/raval.es\/elx\/wp-content\/uploads\/2020\/11\/seneca.jpg\u00bb url=\u00bbhttps:\/\/www.senecalibros.com\/\u00bb _builder_version=\u00bb4.4.3&#8243;][\/et_pb_image][et_pb_image src=\u00bbhttps:\/\/raval.es\/elx\/wp-content\/uploads\/2020\/11\/Beni.jpg\u00bb url=\u00bbhttps:\/\/www.facebook.com\/desvanbeni\u00bb _builder_version=\u00bb4.4.3&#8243;][\/et_pb_image][\/et_pb_column][et_pb_column type=\u00bb1_4&#8243; _builder_version=\u00bb4.9.5&#8243; _module_preset=\u00bbdefault\u00bb][et_pb_image src=\u00bbhttps:\/\/raval.es\/elx\/wp-content\/uploads\/2020\/11\/salvador.jpg\u00bb url=\u00bbhttps:\/\/www.facebook.com\/Papeler%C3%ADa-el-Salvador-1066844366694255&#8243; _builder_version=\u00bb4.4.3&#8243;][\/et_pb_image][et_pb_image src=\u00bbhttps:\/\/raval.es\/elx\/wp-content\/uploads\/2020\/11\/tempir.jpg\u00bb url=\u00bbhttp:\/\/eltempir.cat\/\u00bb _builder_version=\u00bb4.4.3&#8243;][\/et_pb_image][\/et_pb_column][\/et_pb_row][\/et_pb_section]<\/p>\n","protected":false},"excerpt":{"rendered":"<p>Relaci\u00f3n de premiados\/as del IV Certamen de Relatos Cortos Raval d&#8217;Elx<\/p>\n","protected":false},"author":1,"featured_media":4876,"comment_status":"closed","ping_status":"open","sticky":false,"template":"","format":"standard","meta":{"_et_pb_use_builder":"on","_et_pb_old_content":"","_et_gb_content_width":"1080","_joinchat":[],"footnotes":""},"categories":[134,64,133],"tags":[],"class_list":["post-4871","post","type-post","status-publish","format-standard","has-post-thumbnail","hentry","category-134","category-actividades","category-certamen-relats"],"_links":{"self":[{"href":"https:\/\/raval.es\/elx\/wp-json\/wp\/v2\/posts\/4871","targetHints":{"allow":["GET"]}}],"collection":[{"href":"https:\/\/raval.es\/elx\/wp-json\/wp\/v2\/posts"}],"about":[{"href":"https:\/\/raval.es\/elx\/wp-json\/wp\/v2\/types\/post"}],"author":[{"embeddable":true,"href":"https:\/\/raval.es\/elx\/wp-json\/wp\/v2\/users\/1"}],"replies":[{"embeddable":true,"href":"https:\/\/raval.es\/elx\/wp-json\/wp\/v2\/comments?post=4871"}],"version-history":[{"count":10,"href":"https:\/\/raval.es\/elx\/wp-json\/wp\/v2\/posts\/4871\/revisions"}],"predecessor-version":[{"id":4898,"href":"https:\/\/raval.es\/elx\/wp-json\/wp\/v2\/posts\/4871\/revisions\/4898"}],"wp:featuredmedia":[{"embeddable":true,"href":"https:\/\/raval.es\/elx\/wp-json\/wp\/v2\/media\/4876"}],"wp:attachment":[{"href":"https:\/\/raval.es\/elx\/wp-json\/wp\/v2\/media?parent=4871"}],"wp:term":[{"taxonomy":"category","embeddable":true,"href":"https:\/\/raval.es\/elx\/wp-json\/wp\/v2\/categories?post=4871"},{"taxonomy":"post_tag","embeddable":true,"href":"https:\/\/raval.es\/elx\/wp-json\/wp\/v2\/tags?post=4871"}],"curies":[{"name":"wp","href":"https:\/\/api.w.org\/{rel}","templated":true}]}}