{"id":4899,"date":"2022-02-02T11:29:00","date_gmt":"2022-02-02T11:29:00","guid":{"rendered":"https:\/\/raval.es\/elx\/?p=4899"},"modified":"2024-01-29T20:33:56","modified_gmt":"2024-01-29T20:33:56","slug":"agreco22","status":"publish","type":"post","link":"https:\/\/raval.es\/elx\/agreco22\/","title":{"rendered":"Curso de Iniciaci\u00f3n a la AGRICULTURA ECOL\u00d3GICA"},"content":{"rendered":"<div id=\"fb-root\"><\/div>\n<p>[et_pb_section fb_built=\u00bb1&#8243; specialty=\u00bbon\u00bb _builder_version=\u00bb4.16&#8243; global_colors_info=\u00bb{}\u00bb][et_pb_column type=\u00bb1_2&#8243; _builder_version=\u00bb4.16&#8243; custom_padding=\u00bb|||\u00bb global_colors_info=\u00bb{}\u00bb custom_padding__hover=\u00bb|||\u00bb][et_pb_image src=\u00bbhttps:\/\/raval.es\/elx\/wp-content\/uploads\/2021\/09\/fotocurs-2.jpg\u00bb title_text=\u00bbfotocurs-2&#8243; show_bottom_space=\u00bboff\u00bb align_tablet=\u00bbcenter\u00bb align_phone=\u00bb\u00bb align_last_edited=\u00bbon|desktop\u00bb _builder_version=\u00bb4.16&#8243; animation_style=\u00bbslide\u00bb animation_direction=\u00bbleft\u00bb animation_duration=\u00bb500ms\u00bb animation_intensity_slide=\u00bb10%\u00bb animation=\u00bbleft\u00bb sticky=\u00bbon\u00bb use_border_color=\u00bboff\u00bb border_color=\u00bb#ffffff\u00bb border_style=\u00bbsolid\u00bb always_center_on_mobile=\u00bbon\u00bb global_colors_info=\u00bb{}\u00bb][\/et_pb_image][et_pb_text _builder_version=\u00bb4.18.0&#8243; module_alignment=\u00bbleft\u00bb hover_enabled=\u00bb0&#8243; border_color_all=\u00bb#ffffff\u00bb use_border_color=\u00bboff\u00bb global_colors_info=\u00bb{}\u00bb sticky_enabled=\u00bb0&#8243;]<\/p>\n<h5><strong><\/strong><\/h5>\n<h5><strong>CURSOS EN PRIMAVERA<br \/><\/strong><\/h5>\n<p><span style=\"font-weight: 400;\">Se trata de un curso te\u00f3rico-pr\u00e1ctico en el que se aprenden los conceptos a trav\u00e9s de la experimentaci\u00f3n directa en el huerto. \u00bfQu\u00e9 vas a aprender?:<\/span><\/p>\n<ul>\n<li><span style=\"font-weight: 400;\">Conceptos relacionados con la agricultura ecol\u00f3gica.<\/span><\/li>\n<li><span style=\"font-weight: 400;\">A dise\u00f1ar un huerto y preparar el terreno.<\/span><\/li>\n<li><span style=\"font-weight: 400;\">A sembrar, plantar y cultivar las hortalizas de temporada.<\/span><\/li>\n<li><span style=\"font-weight: 400;\">A conocer los posibles problemas (riego, insectos, hongos..) y c\u00f3mo hacerles frente.<\/span><\/li>\n<li><span style=\"font-weight: 400;\">Aprender sobre fauna y flora, aliadas para los cultivos.<\/span><\/li>\n<li><span style=\"font-weight: 400;\">\u00a1Y podr\u00e1s llevarte lo que cultives!<\/span><\/li>\n<\/ul>\n<p><span style=\"font-weight: 400;\">Una vez finalizado el curso puedes seguir haciendo pr\u00e1cticas hasta que comience la siguiente temporada.<\/span><\/p>\n<p><strong>Profesorado:<\/strong><\/p>\n<p><span style=\"font-weight: 400;\">Curso impartido por <strong>Maril\u00f3 Ant\u00f3n Bola\u00f1os<\/strong>, <em>Licenciada en Ciencias Ambientales y responsable de Educaci\u00f3n Ambiental del Huerto urbano de La Cuerna, con m\u00e1s de 10 a\u00f1os de experiencia en huertos urbanos y agricultura ecol\u00f3gica.<\/em><\/span><\/p>\n<p><strong>4 SESIONES TE\u00d3RICAS:<br \/><\/strong><strong>En lugar por determinar seg\u00fan las circunstancias<br \/><\/strong><\/p>\n<p><span style=\"font-weight: 400;\"><strong>Las primeras sesiones ser\u00e1n el <span style=\"color: #000000;\">jueves, 17 de marzo (grupo 1) y el viernes, 18 (grupo 2)<\/span><\/strong><\/span><span style=\"font-weight: 400;\"><\/span><span style=\"font-weight: 400;\">el resto de sesiones te\u00f3ricas se ir\u00e1n impartiendo <\/span><span style=\"font-weight: 400;\">en funci\u00f3n del progreso del cultivo.<\/span><\/p>\n<p><strong>8 SESIONES PR\u00c1CTICAS:<br \/>En Hort de Felip<\/strong> (barrio del Raval)<\/p>\n<p><span style=\"font-weight: 400;\"><span style=\"color: #000000;\"><strong>Horario:<\/strong> <\/span>de 17:00 a 19:00h.<br \/><\/span><\/p>\n<p><strong>Coste: <\/strong><span style=\"font-weight: 400;\">35 \u20ac para asociados de la AAVV del Raval y de 50 \u20ac para el resto de la ciudadan\u00eda.<br \/><\/span><span style=\"font-weight: 400;\">Debido a la actual situaci\u00f3n y como medida preventiva frente al Covid el pago del curso debe hacerse por ingreso o transferencia bancaria.<\/span><\/p>\n<p><span style=\"font-weight: 400;\">Al finalizar el curso, se emitir\u00e1 un <strong>Certificado de Participaci\u00f3n<\/strong> con un total de 25 horas, siempre y cuando se haya completado una asistencia de al menos el 80% de las horas.<\/span><\/p>\n<p><span style=\"font-weight: 400;\">Para la realizaci\u00f3n del curso habr\u00e1 que cubrir un m\u00ednimo de 10 plazas y el m\u00e1ximo de matriculados ser\u00e1 de 15 plazas.<\/span><\/p>\n<p><span style=\"font-weight: 400;\">Inscripciones en: <strong>https:\/\/raval.es\/agroeco2022<\/strong><\/span><\/p>\n<p>&nbsp;<\/p>\n<p><span style=\"font-weight: 400;\">TEMARIO DEL CURSO DE<br \/><strong>INICIACI\u00d3N A L A AGRICULTURA ECOLOGICA<\/strong><\/span><\/p>\n<p><strong>TEOR\u00cdA<\/strong><\/p>\n<ol>\n<li><strong> Definici\u00f3n de Agricultura Ecol\u00f3gica.<\/strong><\/li>\n<\/ol>\n<p>1.1. Caracter\u00edsticas<\/p>\n<ol start=\"2\">\n<li><strong> Elementos b\u00e1sicos del huerto.<\/strong><\/li>\n<\/ol>\n<p>2.1. Planificaci\u00f3n:<\/p>\n<ul>\n<li><span style=\"font-weight: 400;\"> Orientaci\u00f3n<\/span><\/li>\n<li><span style=\"font-weight: 400;\"> Dimensionamiento<\/span><\/li>\n<li><span style=\"font-weight: 400;\"> Dise\u00f1o y distribuci\u00f3n<\/span><\/li>\n<li><span style=\"font-weight: 400;\"> Elecci\u00f3n de cultivos<\/span><\/li>\n<li><span style=\"font-weight: 400;\"> Calendario de siembra, trasplante y cosecha<\/span><\/li>\n<\/ul>\n<ol start=\"3\">\n<li><strong> T\u00e9cnicas b\u00e1sicas en la Agricultura Ecol\u00f3gica.<\/strong><\/li>\n<\/ol>\n<p><span style=\"font-weight: 400;\">3.1. La vida en el suelo<\/span><\/p>\n<ul>\n<li><span style=\"font-weight: 400;\"> Tipos de suelo. caracter\u00edsticas principales<\/span><\/li>\n<li><span style=\"font-weight: 400;\"> Preparaci\u00f3n del terreno. Principios b\u00e1sicos<\/span><\/li>\n<li><span style=\"font-weight: 400;\"> Recuperaci\u00f3n y regeneraci\u00f3n del suelo<\/span><\/li>\n<li><span style=\"font-weight: 400;\"> Fertilizaci\u00f3n, el Compost.<\/span><\/li>\n<\/ul>\n<p><span style=\"font-weight: 400;\">3.2. Cultivos compatibles. Asociaciones de cultivos. Rotaci\u00f3n, cultivos <\/span><span style=\"font-weight: 400;\">complementarios: Plantas medicinales y ornamentales.<\/span><\/p>\n<p><span style=\"font-weight: 400;\">3.3. Control de plagas y enfermedades.<\/span><\/p>\n<ul>\n<li><span style=\"font-weight: 400;\"> Plagas m\u00e1s frecuentes<\/span><\/li>\n<li><span style=\"font-weight: 400;\"> Fauna auxiliar, los depredadores del huerto.<\/span><\/li>\n<li><span style=\"font-weight: 400;\"> Plantas que atraen y sirven de refugio a los depredadores.<\/span><\/li>\n<li><span style=\"font-weight: 400;\"> Recetas caseras y remedios naturales<\/span><\/li>\n<li><span style=\"font-weight: 400;\"> Tratamientos en el huerto.<\/span><\/li>\n<\/ul>\n<p><strong>PR\u00c1CTICA EN EL HUERTO<\/strong><\/p>\n<ul>\n<li><span style=\"font-weight: 400;\"> Preparaci\u00f3n del terreno: labrar, rastrillar y definir paradas.<\/span><\/li>\n<li><span style=\"font-weight: 400;\"> Plantar y sembrar.<\/span><\/li>\n<li><span style=\"font-weight: 400;\"> Mantenimiento: Tratamientos fitosanitarios, reposici\u00f3n de plantas, <\/span><span style=\"font-weight: 400;\">observaci\u00f3n, riego, arreglo de herramientas y gomas de goteo&#8230;<\/span><\/li>\n<\/ul>\n<ul><\/ul>\n<p>&nbsp;<\/p>\n<p>[\/et_pb_text][\/et_pb_column][et_pb_column type=\u00bb1_2&#8243; specialty_columns=\u00bb2&#8243; _builder_version=\u00bb4.16&#8243; custom_padding=\u00bb|||\u00bb global_colors_info=\u00bb{}\u00bb custom_padding__hover=\u00bb|||\u00bb][et_pb_row_inner admin_label=\u00bbFila\u00bb _builder_version=\u00bb4.16&#8243; global_colors_info=\u00bb{}\u00bb][et_pb_column_inner saved_specialty_column_type=\u00bb1_2&#8243; _builder_version=\u00bb4.16&#8243; custom_padding=\u00bb|||\u00bb global_colors_info=\u00bb{}\u00bb custom_padding__hover=\u00bb|||\u00bb][et_pb_image src=\u00bbhttps:\/\/raval.es\/elx\/wp-content\/uploads\/2021\/09\/fotocurs1.jpg\u00bb title_text=\u00bbfotocurs1&#8243; align_tablet=\u00bbcenter\u00bb align_phone=\u00bb\u00bb align_last_edited=\u00bbon|desktop\u00bb _builder_version=\u00bb4.16&#8243; animation_style=\u00bbslide\u00bb animation_direction=\u00bbleft\u00bb animation_duration=\u00bb500ms\u00bb animation_intensity_slide=\u00bb10%\u00bb use_border_color=\u00bboff\u00bb global_colors_info=\u00bb{}\u00bb][\/et_pb_image][et_pb_text _builder_version=\u00bb4.18.0&#8243; module_alignment=\u00bbleft\u00bb hover_enabled=\u00bb0&#8243; border_color_all=\u00bb#ffffff\u00bb use_border_color=\u00bboff\u00bb global_colors_info=\u00bb{}\u00bb sticky_enabled=\u00bb0&#8243;]<\/p>\n<h5><strong>Nueva convocatoria<br \/><\/strong><strong><span style=\"color: #e02b20;\">Dijous, del 17 de marzo al 16 de junio<\/span><br \/><\/strong>HORARIO: <span style=\"font-weight: 400;\"><\/span><strong><span style=\"font-weight: 400;\">de 17:00 a 19:00h.<\/span><\/strong><strong><\/strong><\/h5>\n<h5><strong><span style=\"color: #e02b20;\">Divendres, del 18 de marzo al 17 de junio<\/span><br \/><\/strong>HORARIO: <span style=\"font-weight: 400;\"><\/span><strong><span style=\"font-weight: 400;\">de 17:00 a 19:00h.<\/span><\/strong><\/h5>\n<p>&nbsp;<\/p>\n<p>La A.V. RAVAL subvenciona una parte de los costes del curso. Vuestra aportaci\u00f3n por las 12 sesiones es de 35 Euros para los miembos de la AV Raval o de 50 Euros para no asociados.<br \/>Se abonar\u00e1 previamente mediante ingreso bancario o trasferencia <em>(el n\u00famero de cuenta lo encontrar\u00e1s en el formulario de inscripci\u00f3n)<br \/><\/em><\/p>\n<p>[\/et_pb_text][et_pb_text _builder_version=\u00bb4.16&#8243; module_alignment=\u00bbleft\u00bb border_color_all=\u00bb#ffffff\u00bb use_border_color=\u00bboff\u00bb global_colors_info=\u00bb{}\u00bb]<\/p>\n<p style=\"text-align: center;\"><strong><img loading=\"lazy\" decoding=\"async\" src=\"https:\/\/raval.es\/elx\/wp-content\/uploads\/2021\/04\/normescovid-300x120.jpg\" alt=\"\" class=\"wp-image-4762 alignnone size-medium\" width=\"300\" height=\"120\" \/><\/strong><\/p>\n<p style=\"text-align: center;\"><strong>Medidas para hacer frente<br \/> a los contagios por Covid<\/strong><\/p>\n<p><span style=\"font-weight: 400;\">El curso se desarrolla al aire libre pero aun as\u00ed no debemos bajar la guardia y seguir las recomendaciones para evitar los contagios:<\/span><\/p>\n<ul>\n<li><span style=\"font-weight: 400;\"> <\/span><span style=\"font-weight: 400;\">Obligatoriedad del uso de mascarilla<\/span><\/li>\n<li><span style=\"font-weight: 400;\"> <\/span><span style=\"font-weight: 400;\">Mantener la distancia<\/span><\/li>\n<li><span style=\"font-weight: 400;\"> <\/span><span style=\"font-weight: 400;\">Desinfecci\u00f3n de herramientas y lavado frecuente de manos<\/span><\/li>\n<\/ul>\n<p>[\/et_pb_text][et_pb_text _builder_version=\u00bb4.16&#8243; _module_preset=\u00bbdefault\u00bb global_colors_info=\u00bb{}\u00bb]<\/p>\n<h3 style=\"text-align: center;\">GALERIES<\/h3>\n<p>[\/et_pb_text][et_pb_code _builder_version=\u00bb4.16&#8243; _module_preset=\u00bbdefault\u00bb global_colors_info=\u00bb{}\u00bb]<iframe loading=\"lazy\" src=\"https:\/\/www.facebook.com\/plugins\/video.php?height=316&#038;href=https%3A%2F%2Fwww.facebook.com%2FHortDeFelipElx%2Fvideos%2F446863553699196%2F&#038;show_text=false&#038;width=560&#038;t=0\" width=\"560\" height=\"316\" style=\"border:none;overflow:hidden\" scrolling=\"no\" frameborder=\"0\" allowfullscreen=\"true\" allow=\"autoplay; clipboard-write; encrypted-media; picture-in-picture; web-share\" allowFullScreen=\"true\"><\/iframe>[\/et_pb_code][et_pb_code _builder_version=\u00bb4.16&#8243; _module_preset=\u00bbdefault\u00bb global_colors_info=\u00bb{}\u00bb]<iframe loading=\"lazy\" src=\"https:\/\/www.facebook.com\/plugins\/post.php?href=https%3A%2F%2Fwww.facebook.com%2FHortDeFelipElx%2Fposts%2F238642498302813&#038;show_text=true&#038;width=500\" width=\"500\" height=\"781\" style=\"border:none;overflow:hidden\" scrolling=\"no\" frameborder=\"0\" allowfullscreen=\"true\" allow=\"autoplay; clipboard-write; encrypted-media; picture-in-picture; web-share\"><\/iframe>[\/et_pb_code][\/et_pb_column_inner][\/et_pb_row_inner][\/et_pb_column][\/et_pb_section]<\/p>\n","protected":false},"excerpt":{"rendered":"<p>En mar\u00e7 (dijous, 17 i divendres., 18) comen\u00e7en nous cursos. Ja pots inscriure&#8217;t a raval.es\/agroeco22<\/p>\n","protected":false},"author":1,"featured_media":5035,"comment_status":"closed","ping_status":"closed","sticky":false,"template":"","format":"standard","meta":{"_et_pb_use_builder":"on","_et_pb_old_content":"","_et_gb_content_width":"2880","_joinchat":[],"footnotes":""},"categories":[135,64,137,54],"tags":[],"class_list":["post-4899","post","type-post","status-publish","format-standard","has-post-thumbnail","hentry","category-135","category-actividades","category-cursos-agricultura","category-hort-urba"],"_links":{"self":[{"href":"https:\/\/raval.es\/elx\/wp-json\/wp\/v2\/posts\/4899","targetHints":{"allow":["GET"]}}],"collection":[{"href":"https:\/\/raval.es\/elx\/wp-json\/wp\/v2\/posts"}],"about":[{"href":"https:\/\/raval.es\/elx\/wp-json\/wp\/v2\/types\/post"}],"author":[{"embeddable":true,"href":"https:\/\/raval.es\/elx\/wp-json\/wp\/v2\/users\/1"}],"replies":[{"embeddable":true,"href":"https:\/\/raval.es\/elx\/wp-json\/wp\/v2\/comments?post=4899"}],"version-history":[{"count":20,"href":"https:\/\/raval.es\/elx\/wp-json\/wp\/v2\/posts\/4899\/revisions"}],"predecessor-version":[{"id":6992,"href":"https:\/\/raval.es\/elx\/wp-json\/wp\/v2\/posts\/4899\/revisions\/6992"}],"wp:featuredmedia":[{"embeddable":true,"href":"https:\/\/raval.es\/elx\/wp-json\/wp\/v2\/media\/5035"}],"wp:attachment":[{"href":"https:\/\/raval.es\/elx\/wp-json\/wp\/v2\/media?parent=4899"}],"wp:term":[{"taxonomy":"category","embeddable":true,"href":"https:\/\/raval.es\/elx\/wp-json\/wp\/v2\/categories?post=4899"},{"taxonomy":"post_tag","embeddable":true,"href":"https:\/\/raval.es\/elx\/wp-json\/wp\/v2\/tags?post=4899"}],"curies":[{"name":"wp","href":"https:\/\/api.w.org\/{rel}","templated":true}]}}