{"id":4906,"date":"2021-07-17T18:37:48","date_gmt":"2021-07-17T18:37:48","guid":{"rendered":"https:\/\/raval.es\/elx\/?p=4906"},"modified":"2021-09-28T12:18:40","modified_gmt":"2021-09-28T12:18:40","slug":"ganaivcertamen","status":"publish","type":"post","link":"https:\/\/raval.es\/elx\/ganaivcertamen\/","title":{"rendered":"Luis Pueyo y Lola Obrero ganadores del IV Certamen literario \u00abRaval d&#8217;Elx\u00bb"},"content":{"rendered":"<div id=\"fb-root\"><\/div>\n\n[et_pb_section fb_built=\u00bb1&#8243; admin_label=\u00bbsection\u00bb _builder_version=\u00bb3.22&#8243;][et_pb_row admin_label=\u00bbrow\u00bb _builder_version=\u00bb3.25&#8243; background_size=\u00bbinitial\u00bb background_position=\u00bbtop_left\u00bb background_repeat=\u00bbrepeat\u00bb][et_pb_column type=\u00bb4_4&#8243; _builder_version=\u00bb3.25&#8243; custom_padding=\u00bb|||\u00bb custom_padding__hover=\u00bb|||\u00bb][et_pb_text admin_label=\u00bbText\u00bb _builder_version=\u00bb3.27.4&#8243; background_size=\u00bbinitial\u00bb background_position=\u00bbtop_left\u00bb background_repeat=\u00bbrepeat\u00bb]<div>\n<p><img loading=\"lazy\" decoding=\"async\" class=\"size-medium wp-image-4908 alignleft\" src=\"https:\/\/raval.es\/elx\/wp-content\/uploads\/2021\/07\/enradiow-300x168.jpg\" alt=\"\" width=\"300\" height=\"168\" \/>El pasado lunes, 12 de julio, se hizo entrega en las instalaciones de la emisora TeleElx de los Diplomas y obsequios a los ganadores del IV Certamen de Relatos Raval d&#8217;Elx.<\/p>\n<p>Las circunstancias que todos conocemos impidieron realizar este acto en la Pla\u00e7a Major del Raval como en ediciones anteriores, por lo que la emisora de Radio local\u00a0 Teleelx nos facilit\u00f3 sus medios para, al menos, dar a conocer el fallo del cert\u00e1men y, al tiempo, a los autores de las obras premiadas.<\/p>\n<p><img loading=\"lazy\" decoding=\"async\" class=\"size-medium wp-image-4910 alignleft\" src=\"https:\/\/raval.es\/elx\/wp-content\/uploads\/2021\/07\/terracetaw-300x153.jpg\" alt=\"\" width=\"300\" height=\"153\" \/>All\u00ed nos acompa\u00f1aron Luis Pueyo, cuyo relato<strong> <a href=\"https:\/\/raval.es\/elx\/suceso\/\">\u00abEL SUCESO\u00bb <\/a><\/strong>fue considerado el mejor en la categor\u00eda \u00abAdultos\u00bb por el jurado del Certamen. <br \/>As\u00edmismo, en la categor\u00eda Senior, el galard\u00f3n recay\u00f3 en Lola Obrero, por su relato <a href=\"https:\/\/raval.es\/elx\/desdebalcon\/\"><strong>\u00abDESDE EL BALCON\u00bb<\/strong><\/a><strong><\/strong><\/p>\n<\/div>\n<p><!-- \/divi:paragraph --><\/p>\n<p><!-- divi:paragraph --><\/p>\n<p><!-- \/divi:paragraph --><\/p>\n<p><!-- divi:paragraph --><\/p>\n<p><!-- \/divi:paragraph --><\/p>[\/et_pb_text][\/et_pb_column][\/et_pb_row][et_pb_row column_structure=\u00bb2_5,3_5&#8243; admin_label=\u00bbrow\u00bb _builder_version=\u00bb3.25&#8243; background_size=\u00bbinitial\u00bb background_position=\u00bbtop_left\u00bb background_repeat=\u00bbrepeat\u00bb][et_pb_column type=\u00bb2_5&#8243; _builder_version=\u00bb3.25&#8243; custom_padding=\u00bb|||\u00bb custom_padding__hover=\u00bb|||\u00bb][et_pb_gallery gallery_ids=\u00bb4928,4926,4927&#8243; show_pagination=\u00bboff\u00bb _builder_version=\u00bb4.9.5&#8243; _module_preset=\u00bbdefault\u00bb hover_enabled=\u00bb0&#8243; sticky_enabled=\u00bb0&#8243;][\/et_pb_gallery][\/et_pb_column][et_pb_column type=\u00bb3_5&#8243; _builder_version=\u00bb3.25&#8243; custom_padding=\u00bb|||\u00bb custom_padding__hover=\u00bb|||\u00bb][et_pb_text admin_label=\u00bbText\u00bb _builder_version=\u00bb4.9.5&#8243; background_size=\u00bbinitial\u00bb background_position=\u00bbtop_left\u00bb background_repeat=\u00bbrepeat\u00bb hover_enabled=\u00bb0&#8243; sticky_enabled=\u00bb0&#8243;]<div>\n<p>El viernes, 16 de julio, completamos la entrega de premios en La Gatera, con la asistencia del resto de autores galardonados en el IV Certamen de Relatos Raval d&#8217;Elx.<\/p>\n<p>Israel Mart\u00ednez, por <strong>\u00abCAFE OPORTUNITAT\u00bb<\/strong>, Maravillas Pastor,\u00a0 por <strong>\u00abEL CARTEL\u00bb<\/strong> y Jorge Molla, por <strong>\u00abADI\u00d3S, MAR\u00cdA, ADI\u00d3S\u00bb<\/strong>, recibieron el segundo, tercer premio y acc\u00e9sit de la Categor\u00eda Adultos.<a href=\"https:\/\/raval.es\/elx\/desdebalcon\/\"><strong><\/strong><\/a><\/p>\n<p>Juan L\u00f3pez, recibi\u00f3 el tercer premio de la Categor\u00eda Senior por<strong> \u00abEL TESORO MALDITO\u00bb <\/strong>y Martina Hern\u00e1ndez, por <strong>\u00abLA FANTAS\u00cdA\u00bb<\/strong> el acc\u00e9sit de la Categor\u00eda Infantil que fue declarada desierta por el jurado.<strong><\/strong><\/p>\n<p>Y finalmente\u00a0 el 4 de Agosto y el 27 de septiembre hicimos entrega de los dos \u00faltimos premios \u00abrezagados\u00bb: A Jos\u00e9 Guillot por <strong>\u00abMI VIDA EN EL RAVAL\u00bb<\/strong> y Jos\u00e9 Ros, por <strong>\u00abDE LOS VIAJES DE LA DAMA\u00bb<\/strong>, segundo premio y acc\u00e9sit categpr\u00eda Senior respectivamente<\/p>\n<\/div>\n<p><!-- \/divi:paragraph --><\/p>\n<p><!-- divi:paragraph --><\/p>\n<p><!-- \/divi:paragraph --><\/p>\n<p><!-- divi:paragraph --><\/p>\n<p><!-- \/divi:paragraph --><\/p>[\/et_pb_text][et_pb_gallery _builder_version=\u00bb4.9.5&#8243; _module_preset=\u00bbdefault\u00bb gallery_ids=\u00bb5083,5084&#8243; hover_enabled=\u00bb0&#8243; sticky_enabled=\u00bb0&#8243; show_pagination=\u00bboff\u00bb posts_number=\u00bb2&#8243;][\/et_pb_gallery][et_pb_text _builder_version=\u00bb4.9.5&#8243; _module_preset=\u00bbdefault\u00bb hover_enabled=\u00bb0&#8243; sticky_enabled=\u00bb0&#8243; background_color=\u00bb#e0ef92&#8243;]<p style=\"text-align: center;\"><a href=\"https:\/\/raval.es\/dox\/Raval_dElx-2017_2021.pdf\"><strong><\/strong><\/a>Puedes descargar el libro con todos los relatos premiados en las cuatro ediciones del cert\u00e1men en este enlace:<br \/><a href=\"https:\/\/raval.es\/dox\/Raval_dElx-2017_2021.pdf\"><strong>raval.es\/dox\/Raval_dElx-2017_2021.pdf<\/strong><\/a><\/p>[\/et_pb_text][\/et_pb_column][\/et_pb_row][et_pb_row admin_label=\u00bbrow\u00bb _builder_version=\u00bb3.25&#8243; background_size=\u00bbinitial\u00bb background_position=\u00bbtop_left\u00bb background_repeat=\u00bbrepeat\u00bb][et_pb_column type=\u00bb4_4&#8243; _builder_version=\u00bb3.25&#8243; custom_padding=\u00bb|||\u00bb custom_padding__hover=\u00bb|||\u00bb][et_pb_text admin_label=\u00bbText\u00bb _builder_version=\u00bb4.9.5&#8243; background_size=\u00bbinitial\u00bb background_position=\u00bbtop_left\u00bb background_repeat=\u00bbrepeat\u00bb]<div>\n<p style=\"text-align: center;\"><a href=\"https:\/\/raval.es\/elx\/premisivcertamen\/\"><strong>En este enlace tienes la relaci\u00f3n completa de premiados y el jurado que tan amablemente ha colaborado con\u00a0 la Asociaci\u00f3n para dar el veredicto final<\/strong><\/a><\/p>\n<p><img loading=\"lazy\" decoding=\"async\" class=\"size-medium wp-image-4909 alignleft\" src=\"https:\/\/raval.es\/elx\/wp-content\/uploads\/2021\/07\/jurado1w-300x185.jpg\" alt=\"\" width=\"300\" height=\"185\" \/>Tambi\u00e9n hemos de agradecer especialmente el patrocinio de tantas entidades que nos ha servido de aliciente y ayuda en la promoci\u00f3n del Certamen. Confiamos seguir contando con ellos en posteriores convocatorias&#8230; y con el cari\u00f1o, creatividad y esfuerzo de tantos autores locales que nos permiten seguir apostando por la promoci\u00f3n de la literatura.<\/p>\n<\/div>\n<div><\/div>\n<div><\/div>\n<div><\/div>\n<p><!-- divi:paragraph --><\/p>\n<p><!-- \/divi:paragraph --><\/p>[\/et_pb_text][\/et_pb_column][\/et_pb_row][et_pb_row admin_label=\u00bbrow\u00bb _builder_version=\u00bb3.25&#8243; background_size=\u00bbinitial\u00bb background_position=\u00bbtop_left\u00bb background_repeat=\u00bbrepeat\u00bb][et_pb_column type=\u00bb4_4&#8243; _builder_version=\u00bb3.25&#8243; custom_padding=\u00bb|||\u00bb custom_padding__hover=\u00bb|||\u00bb][et_pb_text admin_label=\u00bbText\u00bb _builder_version=\u00bb4.9.5&#8243; background_size=\u00bbinitial\u00bb background_position=\u00bbtop_left\u00bb background_repeat=\u00bbrepeat\u00bb]<div>\n<p>&nbsp;<\/p>\n<\/div>\n<div><\/div>\n<div><\/div>\n<div><strong><span class=\"has-inline-color has-vivid-red-color\">PREMIADOS EN EDICIONES ANTERIORES:<\/span><\/strong><\/div>\n<ul>\n<li><strong><a href=\"https:\/\/raval.es\/elx\/premiats3certamen\/\">III CERTAMEN RELATOS CORTOS \u00abRAVAL D&#8217;ELX\u00bb: Adrian Belmonte y Sof\u00eda Marim\u00f3n<\/a><\/strong><\/li>\n<li><strong><\/strong><strong><a href=\"https:\/\/raval.es\/elx\/certamen-literari-2-2\/\">II CERTAMEN RELATOS CORTOS \u00abRAVAL D&#8217;ELX\u00bb: Alberto Mart\u00edn y Daniela Ayala<\/a><\/strong><\/li>\n<li><!-- divi:paragraph --><a href=\"http:\/\/raval.es\/elx\/ganadorescertamenliterario\/\"><strong>I CERTAMEN RELATOS CORTOS \u00abRAVAL D&#8217;ELX\u00bb: Jos\u00e9 Adsuar y Elena Mart\u00ednez<\/strong><\/a><\/li>\n<\/ul>\n<p><!-- \/divi:paragraph --><\/p>[\/et_pb_text][\/et_pb_column][\/et_pb_row][\/et_pb_section]\n","protected":false},"excerpt":{"rendered":"<p>El pasado lunes, 12 de julio, se hizo entrega en las instalaciones de la emisora TeleElx de los Diplomas y obsequios a los ganadores del IV Certamen de Relatos Raval d&#8217;Elx.<\/p>\n","protected":false},"author":1,"featured_media":4908,"comment_status":"closed","ping_status":"open","sticky":false,"template":"","format":"standard","meta":{"_et_pb_use_builder":"on","_et_pb_old_content":"<div>\n<p><img class=\"size-medium wp-image-4908 alignleft\" src=\"https:\/\/raval.es\/elx\/wp-content\/uploads\/2021\/07\/enradiow-300x168.jpg\" alt=\"\" width=\"300\" height=\"168\" \/>El pasado lunes, 12 de julio, se hizo entrega en las instalaciones de la emisora TeleElx de los Diplomas y obsequios a los ganadores del IV Certamen de Relatos Raval d'Elx.<\/p>\n<p>Las circunstancias que todos conocemos impidieron realizar este acto en la Pla\u00e7a Major del Raval como en ediciones anteriores, por lo que la emisora de Radio local\u00a0 Teleelx nos facilit\u00f3 sus medios para, al menos, dar a conocer el fallo del cert\u00e1men y, al tiempo, a los autores de las obras premiadas.<\/p>\n<p><img class=\"size-medium wp-image-4910 alignleft\" src=\"https:\/\/raval.es\/elx\/wp-content\/uploads\/2021\/07\/terracetaw-300x153.jpg\" alt=\"\" width=\"300\" height=\"153\" \/>All\u00ed nos acompa\u00f1aron Luis Pueyo, cuyo relato<strong> <a href=\"https:\/\/raval.es\/elx\/suceso\/\">\"EL SUCESO\" <\/a><\/strong>fue considerado el mejor en la categor\u00eda \"Adultos\" por el jurado del Certamen. <br \/>As\u00edmismo, en la categor\u00eda Senior, el galard\u00f3n recay\u00f3 en Lola Obrero, por su relato <a href=\"https:\/\/raval.es\/elx\/desdebalcon\/\"><strong>\"DESDE EL BALCON\"<\/strong><\/a><br \/><br \/><a href=\"https:\/\/raval.es\/elx\/premisivcertamen\/\"><strong>En este enlace tienes la relaci\u00f3n completa de premiados y el jurado que tan amablemente ha colaborado con\u00a0 la Asociaci\u00f3n para dar el veredicto final<\/strong><\/a><\/p>\n<p><img class=\"size-medium wp-image-4909 alignleft\" src=\"https:\/\/raval.es\/elx\/wp-content\/uploads\/2021\/07\/jurado1w-300x185.jpg\" alt=\"\" width=\"300\" height=\"185\" \/>Tambi\u00e9n hemos de agradecer especialmente el patrocinio de tantas entidades que nos ha servido de aliciente y ayuda en la promoci\u00f3n del Certamen. Confiamos seguir contando con ellos en posteriores convocatorias... y con el cari\u00f1o, creatividad y esfuerzo de tantos autores locales que nos permiten seguir apostando por la promoci\u00f3n de la literatura. <\/p>\n<\/div>\n<div>\u00a0<\/div>\n<div>\u00a0<\/div>\n<div>\u00a0<\/div>\n\n<!-- wp:paragraph -->\n<p><\/p>\n<!-- \/wp:paragraph -->\n\n<!-- wp:paragraph -->\n<p><strong><span class=\"has-inline-color has-vivid-red-color\">PREMIADOS EN EDICIONES ANTERIORES:<\/span><\/strong><\/p>\n<!-- \/wp:paragraph -->\n\n<!-- wp:paragraph -->\n<p><strong><a href=\"https:\/\/raval.es\/elx\/premiats3certamen\/\">III CERTAMEN RELATOS CORTOS \"RAVAL D'ELX\": Adrian Belmonte y Sof\u00eda Marim\u00f3n<\/a><\/strong><\/p>\n<!-- \/wp:paragraph -->\n\n<!-- wp:paragraph -->\n<p><strong><a href=\"https:\/\/raval.es\/elx\/certamen-literari-2-2\/\">II CERTAMEN RELATOS CORTOS \"RAVAL D'ELX\": Alberto Mart\u00edn y Daniela Ayala<\/a><\/strong><\/p>\n<!-- \/wp:paragraph -->\n\n<!-- wp:paragraph -->\n<p><a href=\"http:\/\/raval.es\/elx\/ganadorescertamenliterario\/\"><strong>I CERTAMEN RELATOS CORTOS \"RAVAL D'ELX\": Jos\u00e9 Adsuar y Elena Mart\u00ednez<\/strong><\/a><\/p>\n<!-- \/wp:paragraph -->","_et_gb_content_width":"793","_joinchat":[],"footnotes":""},"categories":[134,64,133],"tags":[],"class_list":["post-4906","post","type-post","status-publish","format-standard","has-post-thumbnail","hentry","category-134","category-actividades","category-certamen-relats"],"_links":{"self":[{"href":"https:\/\/raval.es\/elx\/wp-json\/wp\/v2\/posts\/4906","targetHints":{"allow":["GET"]}}],"collection":[{"href":"https:\/\/raval.es\/elx\/wp-json\/wp\/v2\/posts"}],"about":[{"href":"https:\/\/raval.es\/elx\/wp-json\/wp\/v2\/types\/post"}],"author":[{"embeddable":true,"href":"https:\/\/raval.es\/elx\/wp-json\/wp\/v2\/users\/1"}],"replies":[{"embeddable":true,"href":"https:\/\/raval.es\/elx\/wp-json\/wp\/v2\/comments?post=4906"}],"version-history":[{"count":8,"href":"https:\/\/raval.es\/elx\/wp-json\/wp\/v2\/posts\/4906\/revisions"}],"predecessor-version":[{"id":5088,"href":"https:\/\/raval.es\/elx\/wp-json\/wp\/v2\/posts\/4906\/revisions\/5088"}],"wp:featuredmedia":[{"embeddable":true,"href":"https:\/\/raval.es\/elx\/wp-json\/wp\/v2\/media\/4908"}],"wp:attachment":[{"href":"https:\/\/raval.es\/elx\/wp-json\/wp\/v2\/media?parent=4906"}],"wp:term":[{"taxonomy":"category","embeddable":true,"href":"https:\/\/raval.es\/elx\/wp-json\/wp\/v2\/categories?post=4906"},{"taxonomy":"post_tag","embeddable":true,"href":"https:\/\/raval.es\/elx\/wp-json\/wp\/v2\/tags?post=4906"}],"curies":[{"name":"wp","href":"https:\/\/api.w.org\/{rel}","templated":true}]}}