{"id":5008,"date":"2021-09-02T19:58:01","date_gmt":"2021-09-02T19:58:01","guid":{"rendered":"https:\/\/raval.es\/elx\/?p=5008"},"modified":"2021-10-31T13:28:29","modified_gmt":"2021-10-31T13:28:29","slug":"abanico-hortasept21","status":"publish","type":"post","link":"https:\/\/raval.es\/elx\/abanico-hortasept21\/","title":{"rendered":"\u00abEl Abanico\u00bb de TeleElx en el Hort"},"content":{"rendered":"<div id=\"fb-root\"><\/div>\n\n[et_pb_section fb_built=\u00bb1&#8243; _builder_version=\u00bb3.22&#8243;][et_pb_row _builder_version=\u00bb4.9.5&#8243; _module_preset=\u00bbdefault\u00bb][et_pb_column type=\u00bb4_4&#8243; _builder_version=\u00bb4.9.5&#8243; _module_preset=\u00bbdefault\u00bb][et_pb_video src=\u00bbhttps:\/\/youtu.be\/Fok1jy3dNtQ\u00bb _builder_version=\u00bb4.9.5&#8243; _module_preset=\u00bbdefault\u00bb hover_enabled=\u00bb0&#8243; sticky_enabled=\u00bb0&#8243;][\/et_pb_video][\/et_pb_column][\/et_pb_row][et_pb_row _builder_version=\u00bb3.25&#8243; background_size=\u00bbinitial\u00bb background_position=\u00bbtop_left\u00bb background_repeat=\u00bbrepeat\u00bb][et_pb_column type=\u00bb4_4&#8243; _builder_version=\u00bb3.25&#8243; custom_padding=\u00bb|||\u00bb custom_padding__hover=\u00bb|||\u00bb][et_pb_text _builder_version=\u00bb4.9.5&#8243; background_size=\u00bbinitial\u00bb background_position=\u00bbtop_left\u00bb background_repeat=\u00bbrepeat\u00bb hover_enabled=\u00bb0&#8243; sticky_enabled=\u00bb0&#8243;]<p><!-- divi:paragraph -->Ens visita TeleElx, l&#8217;espai El Abanico per xerrar amb nosaltres sobre l&#8217;Hort de Felip, l&#8217;AV Raval, agricultura ecol\u00f2gica&#8230; 45 minuts per con\u00e8ixer un poc m\u00e9s l&#8217;horta urbana<\/p>\n<p><!-- \/divi:embed --><\/p>\n<div id=\"simple-translate\">\n<div>\n<div style=\"background-image: url('moz-extension:\/\/ef0316b0-abd1-ca4e-8fd4-d168035ea8b2\/icons\/512.png'); height: 22px; width: 22px; top: 0px; left: 99px;\" class=\"simple-translate-button isShow\"><\/div>\n<div class=\"simple-translate-panel \" style=\"width: 300px; height: 200px; top: 0px; left: 0px; font-size: 13px; background-color: #ffffff;\">\n<div class=\"simple-translate-result-wrapper\" style=\"overflow: hidden;\">\n<div class=\"simple-translate-move\" draggable=\"true\"><\/div>\n<div class=\"simple-translate-result-contents\">\n<p class=\"simple-translate-result\" style=\"color: #000000;\" dir=\"auto\">\n<p class=\"simple-translate-candidate\" style=\"color: #737373;\" dir=\"auto\">\n<\/div>\n<\/div>\n<\/div>\n<\/div>\n<\/div>[\/et_pb_text][\/et_pb_column][\/et_pb_row][\/et_pb_section]\n","protected":false},"excerpt":{"rendered":"<p>Ens visita TeleElx, l&#8217;espai El Abanico per xerrar amb nosaltres sobre l&#8217;Hort de Felip i m\u00e9s&#8230;<\/p>\n","protected":false},"author":1,"featured_media":5013,"comment_status":"closed","ping_status":"open","sticky":false,"template":"","format":"standard","meta":{"_et_pb_use_builder":"on","_et_pb_old_content":"<!-- wp:paragraph -->\n<p>Bego\u00f1a presentando el proyecto del Hort de Felip en la emisora local Tele Elx<\/p>\n<!-- \/wp:paragraph -->\n\n<!-- wp:embed {\"url\":\"https:\/\/www.dailymotion.com\/video\/x82rug7\"} -->\n<figure class=\"wp-block-embed\"><div class=\"wp-block-embed__wrapper\">\nhttps:\/\/www.dailymotion.com\/video\/x82rug7\n<\/div><\/figure>\n<!-- \/wp:embed -->","_et_gb_content_width":"793","_joinchat":[],"footnotes":""},"categories":[136,54,51],"tags":[],"class_list":["post-5008","post","type-post","status-publish","format-standard","has-post-thumbnail","hentry","category-hort-de-felip","category-hort-urba","category-noticias"],"_links":{"self":[{"href":"https:\/\/raval.es\/elx\/wp-json\/wp\/v2\/posts\/5008","targetHints":{"allow":["GET"]}}],"collection":[{"href":"https:\/\/raval.es\/elx\/wp-json\/wp\/v2\/posts"}],"about":[{"href":"https:\/\/raval.es\/elx\/wp-json\/wp\/v2\/types\/post"}],"author":[{"embeddable":true,"href":"https:\/\/raval.es\/elx\/wp-json\/wp\/v2\/users\/1"}],"replies":[{"embeddable":true,"href":"https:\/\/raval.es\/elx\/wp-json\/wp\/v2\/comments?post=5008"}],"version-history":[{"count":3,"href":"https:\/\/raval.es\/elx\/wp-json\/wp\/v2\/posts\/5008\/revisions"}],"predecessor-version":[{"id":5014,"href":"https:\/\/raval.es\/elx\/wp-json\/wp\/v2\/posts\/5008\/revisions\/5014"}],"wp:featuredmedia":[{"embeddable":true,"href":"https:\/\/raval.es\/elx\/wp-json\/wp\/v2\/media\/5013"}],"wp:attachment":[{"href":"https:\/\/raval.es\/elx\/wp-json\/wp\/v2\/media?parent=5008"}],"wp:term":[{"taxonomy":"category","embeddable":true,"href":"https:\/\/raval.es\/elx\/wp-json\/wp\/v2\/categories?post=5008"},{"taxonomy":"post_tag","embeddable":true,"href":"https:\/\/raval.es\/elx\/wp-json\/wp\/v2\/tags?post=5008"}],"curies":[{"name":"wp","href":"https:\/\/api.w.org\/{rel}","templated":true}]}}