{"id":5052,"date":"2021-09-24T19:00:00","date_gmt":"2021-09-24T19:00:00","guid":{"rendered":"https:\/\/raval.es\/elx\/?p=5052"},"modified":"2022-03-14T10:05:56","modified_gmt":"2022-03-14T10:05:56","slug":"relats-llibre","status":"publish","type":"post","link":"https:\/\/raval.es\/elx\/relats-llibre\/","title":{"rendered":"Certamen Literari Raval d&#8217;Elx 2017-2020 (llibre) 2017-2020"},"content":{"rendered":"<div id=\"fb-root\"><\/div>\n\n[et_pb_section fb_built=\u00bb1&#8243; _builder_version=\u00bb4.6.6&#8243; _module_preset=\u00bbdefault\u00bb][et_pb_row _builder_version=\u00bb4.9.5&#8243; _module_preset=\u00bbdefault\u00bb column_structure=\u00bb1_2,1_2&#8243;][et_pb_column _builder_version=\u00bb4.9.5&#8243; _module_preset=\u00bbdefault\u00bb type=\u00bb1_2&#8243;][et_pb_text _builder_version=\u00bb4.9.5&#8243; _module_preset=\u00bbdefault\u00bb hover_enabled=\u00bb0&#8243; sticky_enabled=\u00bb0&#8243;]<h4 style=\"text-align: center;\"><strong>RELATS PREMIATS EN ELS<br \/>CERT\u00c0MENS DE RELATS CURTS \u00abRAVAL D&#8217;ELX\u00bb<\/strong><\/h4>\n<p>Pots llegir-los ac\u00ed o <a href=\"https:\/\/raval.es\/dox\/Raval_dElx-2017_2021.pdf\">descarregar el llibre en PDF<\/a><\/p>\n<p>La primera edici\u00f3 en paper ja est\u00e0 esgotada, per\u00f2 tenim previst reeditar-ho, amb millores, en breu. Si est\u00e0s interessat\/a a rebre una c\u00f2pia sol\u00b7licita-la a <a href=\"mailto:certamenliterari@raval.es\">certamenliterari@raval.es<\/a><\/p>\n<div id=\"simple-translate\">\n<div>\n<div style=\"background-image: url('moz-extension:\/\/5971498d-3d5a-3849-aa55-aa33b76ba650\/icons\/512.png'); height: 22px; width: 22px; top: 18px; left: 48px;\" class=\"simple-translate-button isShow\"><\/div>\n<div class=\"simple-translate-panel \" style=\"width: 300px; height: 200px; top: 0px; left: 0px; font-size: 13px; background-color: #ffffff;\">\n<div class=\"simple-translate-result-wrapper\" style=\"overflow: hidden;\">\n<div class=\"simple-translate-move\" draggable=\"true\"><\/div>\n<div class=\"simple-translate-result-contents\">\n<p class=\"simple-translate-result\" style=\"color: #000000;\" dir=\"auto\">\n<p class=\"simple-translate-candidate\" style=\"color: #737373;\" dir=\"auto\">\n<\/div>\n<\/div>\n<\/div>\n<\/div>\n<\/div>[\/et_pb_text][\/et_pb_column][et_pb_column _builder_version=\u00bb4.9.5&#8243; _module_preset=\u00bbdefault\u00bb type=\u00bb1_2&#8243;][et_pb_text _builder_version=\u00bb4.9.5&#8243; _module_preset=\u00bbdefault\u00bb hover_enabled=\u00bb0&#8243; sticky_enabled=\u00bb0&#8243;]<h4 style=\"text-align: center;\"><strong>RELATOS PREMIADOS EN LOS CERTAMENES <br \/><\/strong><strong>DE RELATOS CORTOS \u00abRAVAL D&#8217;ELX\u00bb<\/strong><strong><br \/><\/strong><\/h4>\n<p>Puedes leerlos aqui o\u00a0 <a href=\"https:\/\/raval.es\/dox\/Raval_dElx-2017_2021.pdf\">descargar el libro en PDF<\/a><\/p>\n<p>La primera edici\u00f3n en papel ya est\u00e1 agotada, pero tenemos previsto reeditarlo, con mejoras, en breve. Si est\u00e1s interesado\/a en recibir una copia solic\u00edtala a <a href=\"mailto:certamenliterari@raval.es\">certamenliterari@raval.es<\/a><\/p>\n<p>&nbsp;<\/p>[\/et_pb_text][\/et_pb_column][\/et_pb_row][et_pb_row _builder_version=\u00bb4.6.6&#8243; _module_preset=\u00bbdefault\u00bb][et_pb_column type=\u00bb4_4&#8243; _builder_version=\u00bb4.6.6&#8243; _module_preset=\u00bbdefault\u00bb background_color=\u00bb#88c4dd\u00bb][et_pb_code _builder_version=\u00bb4.9.5&#8243; _module_preset=\u00bbdefault\u00bb]<a href=\"https:\/\/raval.es\/dox\/Raval_dElx-2017_2021.pdf\" class=\"pdfemb-viewer\" style=\"\" data-width=\"max\" data-height=\"max\" data-toolbar=\"bottom\" data-toolbar-fixed=\"off\">Raval_dElx-2017_2021<\/a>[\/et_pb_code][\/et_pb_column][\/et_pb_row][et_pb_row _builder_version=\u00bb4.6.6&#8243; _module_preset=\u00bbdefault\u00bb][et_pb_column type=\u00bb4_4&#8243; _builder_version=\u00bb4.6.6&#8243; _module_preset=\u00bbdefault\u00bb][et_pb_text _builder_version=\u00bb4.9.5&#8243; _module_preset=\u00bbdefault\u00bb]<p style=\"text-align: center;\"><img loading=\"lazy\" decoding=\"async\" src=\"https:\/\/raval.es\/elx\/wp-content\/uploads\/2018\/10\/RAVALlogo2108-300x150.png\" alt=\"\" class=\"wp-image-2394 alignnone size-medium\" width=\"150\" height=\"75\" srcset=\"https:\/\/raval.es\/elx\/wp-content\/uploads\/2018\/10\/RAVALlogo2108-300x150.png 300w, https:\/\/raval.es\/elx\/wp-content\/uploads\/2018\/10\/RAVALlogo2108-768x384.png 768w, https:\/\/raval.es\/elx\/wp-content\/uploads\/2018\/10\/RAVALlogo2108.png 898w\" sizes=\"auto, (max-width: 150px) 100vw, 150px\" \/> \u00a0\u00a0 <img loading=\"lazy\" decoding=\"async\" src=\"https:\/\/raval.es\/elx\/wp-content\/uploads\/2018\/10\/elxparticipa.png\" alt=\"\" class=\"wp-image-2459 alignnone size-full\" width=\"100\" height=\"100\" srcset=\"https:\/\/raval.es\/elx\/wp-content\/uploads\/2018\/10\/elxparticipa.png 300w, https:\/\/raval.es\/elx\/wp-content\/uploads\/2018\/10\/elxparticipa-150x150.png 150w\" sizes=\"auto, (max-width: 100px) 100vw, 100px\" \/> \u00a0\u00a0 <img loading=\"lazy\" decoding=\"async\" src=\"https:\/\/raval.es\/elx\/wp-content\/uploads\/2021\/03\/elx2030-300x101.jpg\" alt=\"\" class=\"wp-image-4653 alignnone size-medium\" width=\"300\" height=\"101\" \/><\/p>[\/et_pb_text][\/et_pb_column][\/et_pb_row][\/et_pb_section]\n","protected":false},"excerpt":{"rendered":"<p>Tots els relats premiats a les 4 edicions del Certamen de Relat Curt \u00abRaval d&#8217;Elx\u00bb<\/p>\n","protected":false},"author":1,"featured_media":5059,"comment_status":"closed","ping_status":"closed","sticky":false,"template":"","format":"standard","meta":{"_et_pb_use_builder":"on","_et_pb_old_content":"","_et_gb_content_width":"1080","_joinchat":[],"footnotes":""},"categories":[135,64,133],"tags":[],"class_list":["post-5052","post","type-post","status-publish","format-standard","has-post-thumbnail","hentry","category-135","category-actividades","category-certamen-relats"],"_links":{"self":[{"href":"https:\/\/raval.es\/elx\/wp-json\/wp\/v2\/posts\/5052","targetHints":{"allow":["GET"]}}],"collection":[{"href":"https:\/\/raval.es\/elx\/wp-json\/wp\/v2\/posts"}],"about":[{"href":"https:\/\/raval.es\/elx\/wp-json\/wp\/v2\/types\/post"}],"author":[{"embeddable":true,"href":"https:\/\/raval.es\/elx\/wp-json\/wp\/v2\/users\/1"}],"replies":[{"embeddable":true,"href":"https:\/\/raval.es\/elx\/wp-json\/wp\/v2\/comments?post=5052"}],"version-history":[{"count":6,"href":"https:\/\/raval.es\/elx\/wp-json\/wp\/v2\/posts\/5052\/revisions"}],"predecessor-version":[{"id":5064,"href":"https:\/\/raval.es\/elx\/wp-json\/wp\/v2\/posts\/5052\/revisions\/5064"}],"wp:featuredmedia":[{"embeddable":true,"href":"https:\/\/raval.es\/elx\/wp-json\/wp\/v2\/media\/5059"}],"wp:attachment":[{"href":"https:\/\/raval.es\/elx\/wp-json\/wp\/v2\/media?parent=5052"}],"wp:term":[{"taxonomy":"category","embeddable":true,"href":"https:\/\/raval.es\/elx\/wp-json\/wp\/v2\/categories?post=5052"},{"taxonomy":"post_tag","embeddable":true,"href":"https:\/\/raval.es\/elx\/wp-json\/wp\/v2\/tags?post=5052"}],"curies":[{"name":"wp","href":"https:\/\/api.w.org\/{rel}","templated":true}]}}