{"id":5159,"date":"2021-11-01T21:53:12","date_gmt":"2021-11-01T21:53:12","guid":{"rendered":"https:\/\/raval.es\/elx\/?p=5159"},"modified":"2022-02-21T13:37:00","modified_gmt":"2022-02-21T13:37:00","slug":"raval-ajudes2021","status":"publish","type":"post","link":"https:\/\/raval.es\/elx\/raval-ajudes2021\/","title":{"rendered":"AV RAVAL&#8230; Anem a m\u00e9s!"},"content":{"rendered":"<div id=\"fb-root\"><\/div>\n\n<p>Quan es treballa amb ganes i voluntat de fer b\u00e9 les coses. Quan es junta un equip tan magn\u00edfic com el que gestiona l&#8217;Associaci\u00f3 i uns col\u00b7laboradors de tot arreu que aporten m\u00e9s treball, propostes  i \u00e0nims.<br>Quan es junta tot aix\u00f2 amb un entorn amable com el del nostre barri, els ve\u00efns i visitants&#8230; La cosa no pot sin\u00f2 anar a millor.<br>Aix\u00ec ho entenen tamb\u00e9 les administracions, Ajuntament, Diputaci\u00f3 i Generalitat que ens ajuden cada cop m\u00e9s a suportar la tremenda despesa que tot aix\u00f2 comporta.<br>Aquest any estem prou satisfets\/es de confirmar-vos que hem rebut les seg\u00fcents subvencions:<\/p>\n\n\n\n<ul class=\"wp-block-list\"><li>Generalitat Valenciana, Conselleria de Participaci\u00f3, Transpar\u00e8ncia, Cooperaci\u00f3 i Qualitat Democr\u00e0tica: 6.000\u20ac <\/li><\/ul>\n\n\n\n<ul class=\"wp-block-list\"><li>Generalitat Valenciana, Direcci\u00f3 general de Politica Ling\u00fc\u00edstica i Gesti\u00f3 del Multiling\u00fcisme de la Conselleria d&#8217;Educaci\u00f3, Esports i Cultura: 2.400\u20ac<\/li><\/ul>\n\n\n\n<ul class=\"wp-block-list\"><li>Ajuntament d&#8217;Elx. Regidoria de Participaci\u00f3 Ciutadana: 2558,74\u20ac<\/li><\/ul>\n\n\n\n<ul class=\"wp-block-list\"><li>Diputaci\u00f3 d&#8217;Alacant. \u00c1rea de Joventut: 1.499,12\u20ac<\/li><\/ul>\n\n\n\n<p><\/p>\n\n\n\n<p>Tenim plena confian\u00e7a que, d&#8217;ara endavant, no nom\u00e9s consolidarem aquestes ajudes sin\u00f2 que les augmentarem, involucrant, a m\u00e9s, altres organismes. El Raval creix en persones i projectes, i aix\u00f2 s&#8217;ha de tradu\u00efr en una millora de les condicions i recursos per seguir donant els millors fruits<\/p>\n\n\n\n<figure class=\"wp-block-image size-full\"><img loading=\"lazy\" decoding=\"async\" width=\"769\" height=\"641\" src=\"https:\/\/raval.es\/elx\/wp-content\/uploads\/2021\/11\/235900069_197448802422183_4298133906722559578_n.jpg\" alt=\"\" class=\"wp-image-5160\" srcset=\"https:\/\/raval.es\/elx\/wp-content\/uploads\/2021\/11\/235900069_197448802422183_4298133906722559578_n.jpg 769w, https:\/\/raval.es\/elx\/wp-content\/uploads\/2021\/11\/235900069_197448802422183_4298133906722559578_n-480x400.jpg 480w\" sizes=\"auto, (min-width: 0px) and (max-width: 480px) 480px, (min-width: 481px) 769px, 100vw\" \/><\/figure>\n","protected":false},"excerpt":{"rendered":"<p>Amb el suport de l&#8217;Ajuntament, Diputaci\u00f3 i Generalitat Valenciana<\/p>\n","protected":false},"author":1,"featured_media":5161,"comment_status":"closed","ping_status":"open","sticky":false,"template":"","format":"standard","meta":{"_et_pb_use_builder":"off","_et_pb_old_content":"","_et_gb_content_width":"","_joinchat":[],"footnotes":""},"categories":[51],"tags":[],"class_list":["post-5159","post","type-post","status-publish","format-standard","has-post-thumbnail","hentry","category-noticias"],"_links":{"self":[{"href":"https:\/\/raval.es\/elx\/wp-json\/wp\/v2\/posts\/5159","targetHints":{"allow":["GET"]}}],"collection":[{"href":"https:\/\/raval.es\/elx\/wp-json\/wp\/v2\/posts"}],"about":[{"href":"https:\/\/raval.es\/elx\/wp-json\/wp\/v2\/types\/post"}],"author":[{"embeddable":true,"href":"https:\/\/raval.es\/elx\/wp-json\/wp\/v2\/users\/1"}],"replies":[{"embeddable":true,"href":"https:\/\/raval.es\/elx\/wp-json\/wp\/v2\/comments?post=5159"}],"version-history":[{"count":3,"href":"https:\/\/raval.es\/elx\/wp-json\/wp\/v2\/posts\/5159\/revisions"}],"predecessor-version":[{"id":5165,"href":"https:\/\/raval.es\/elx\/wp-json\/wp\/v2\/posts\/5159\/revisions\/5165"}],"wp:featuredmedia":[{"embeddable":true,"href":"https:\/\/raval.es\/elx\/wp-json\/wp\/v2\/media\/5161"}],"wp:attachment":[{"href":"https:\/\/raval.es\/elx\/wp-json\/wp\/v2\/media?parent=5159"}],"wp:term":[{"taxonomy":"category","embeddable":true,"href":"https:\/\/raval.es\/elx\/wp-json\/wp\/v2\/categories?post=5159"},{"taxonomy":"post_tag","embeddable":true,"href":"https:\/\/raval.es\/elx\/wp-json\/wp\/v2\/tags?post=5159"}],"curies":[{"name":"wp","href":"https:\/\/api.w.org\/{rel}","templated":true}]}}