{"id":5213,"date":"2021-11-28T20:35:05","date_gmt":"2021-11-28T20:35:05","guid":{"rendered":"https:\/\/raval.es\/elx\/?p=5213"},"modified":"2022-02-21T13:37:04","modified_gmt":"2022-02-21T13:37:04","slug":"raval-ajudes2021-2","status":"publish","type":"post","link":"https:\/\/raval.es\/elx\/raval-ajudes2021-2\/","title":{"rendered":"SEMBREM ELS HORTS"},"content":{"rendered":"<div id=\"fb-root\"><\/div>\n\n\n[et_pb_section fb_built=\u00bb1&#8243; _builder_version=\u00bb3.22&#8243;][et_pb_row _builder_version=\u00bb3.25&#8243; background_size=\u00bbinitial\u00bb background_position=\u00bbtop_left\u00bb background_repeat=\u00bbrepeat\u00bb column_structure=\u00bb1_2,1_2&#8243;][et_pb_column type=\u00bb1_2&#8243; _builder_version=\u00bb3.25&#8243; custom_padding=\u00bb|||\u00bb custom_padding__hover=\u00bb|||\u00bb][et_pb_text _builder_version=\u00bb3.27.4&#8243; background_size=\u00bbinitial\u00bb background_position=\u00bbtop_left\u00bb background_repeat=\u00bbrepeat\u00bb]<!-- divi:paragraph -->\n<p>Este mat\u00ed, en l&#8217;aniversari de la declaraci\u00f3 del Palmerar com a Patrimoni de la Humanitat ens hem afegit a la convocat\u00f2ria de Volem Palmerar per con\u00e8ixer m\u00e9s sobre aquest emblem\u00e0tic entorn, la situaci\u00f3 actual i la reivindaci\u00f3 de l&#8217;Hort del Gat com centre de promoci\u00f3 i defensa d&#8217;aquest patrimoni.<\/p>\n<!-- \/divi:paragraph --><!-- divi:paragraph --><!-- \/divi:paragraph --><!-- divi:image {\"id\":5160,\"sizeSlug\":\"full\",\"linkDestination\":\"none\"} -->\n<figure class=\"wp-block-image size-full\"><\/figure>\n<!-- \/divi:image -->[\/et_pb_text][et_pb_button button_text=\u00bbGALERIA\u00bb _builder_version=\u00bb4.9.5&#8243; _module_preset=\u00bbdefault\u00bb button_url=\u00bbhttp:\/\/u.pc.cd\/jN57&#8243; hover_enabled=\u00bb0&#8243; sticky_enabled=\u00bb0&#8243; button_alignment=\u00bbcenter\u00bb][\/et_pb_button][et_pb_image src=\u00bbhttps:\/\/raval.es\/elx\/wp-content\/uploads\/2021\/11\/Sembrem3-2021-11-28.jpeg\u00bb _builder_version=\u00bb4.9.5&#8243; _module_preset=\u00bbdefault\u00bb title_text=\u00bbSembrem3-2021-11-28&#8243; hover_enabled=\u00bb0&#8243; sticky_enabled=\u00bb0&#8243; show_in_lightbox=\u00bbon\u00bb][\/et_pb_image][\/et_pb_column][et_pb_column _builder_version=\u00bb4.9.5&#8243; _module_preset=\u00bbdefault\u00bb type=\u00bb1_2&#8243;][et_pb_image src=\u00bbhttps:\/\/raval.es\/elx\/wp-content\/uploads\/2021\/11\/sembremhorts.jpg\u00bb _builder_version=\u00bb4.9.5&#8243; _module_preset=\u00bbdefault\u00bb title_text=\u00bbsembremhorts\u00bb hover_enabled=\u00bb0&#8243; sticky_enabled=\u00bb0&#8243; show_in_lightbox=\u00bbon\u00bb][\/et_pb_image][\/et_pb_column][\/et_pb_row][\/et_pb_section]\n\n","protected":false},"excerpt":{"rendered":"<p>Este mat\u00ed, en l&#8217;aniversari de la declaraci\u00f3 del palmerar com a patrimoni de la humanitat<\/p>\n","protected":false},"author":1,"featured_media":5222,"comment_status":"closed","ping_status":"open","sticky":false,"template":"","format":"standard","meta":{"_et_pb_use_builder":"on","_et_pb_old_content":"<!-- wp:paragraph -->\n<p>Este mat\u00ed, en l'aniversari de la declaraci\u00f3 del Palmerar com a Patrimoni de la Humanitat ens hem afegit a la convocat\u00f2ria de Volem Palmerar per con\u00e8ixer m\u00e9s sobre aquest emblem\u00e0tic entorn, la situaci\u00f3 actual i la reivindaci\u00f3 de l'Hort del Gat com centre de promoci\u00f3 i defensa d'aquest patrimoni.<\/p>\n<!-- \/wp:paragraph -->\n\n<!-- wp:paragraph -->\n<p><\/p>\n<!-- \/wp:paragraph -->\n\n<!-- wp:image {\"id\":5160,\"sizeSlug\":\"full\",\"linkDestination\":\"none\"} -->\n<figure class=\"wp-block-image size-full\"><img src=\"https:\/\/raval.es\/elx\/wp-content\/uploads\/2021\/11\/235900069_197448802422183_4298133906722559578_n.jpg\" alt=\"\" class=\"wp-image-5160\"\/><\/figure>\n<!-- \/wp:image -->","_et_gb_content_width":"","_joinchat":[],"footnotes":""},"categories":[51],"tags":[],"class_list":["post-5213","post","type-post","status-publish","format-standard","has-post-thumbnail","hentry","category-noticias"],"_links":{"self":[{"href":"https:\/\/raval.es\/elx\/wp-json\/wp\/v2\/posts\/5213","targetHints":{"allow":["GET"]}}],"collection":[{"href":"https:\/\/raval.es\/elx\/wp-json\/wp\/v2\/posts"}],"about":[{"href":"https:\/\/raval.es\/elx\/wp-json\/wp\/v2\/types\/post"}],"author":[{"embeddable":true,"href":"https:\/\/raval.es\/elx\/wp-json\/wp\/v2\/users\/1"}],"replies":[{"embeddable":true,"href":"https:\/\/raval.es\/elx\/wp-json\/wp\/v2\/comments?post=5213"}],"version-history":[{"count":6,"href":"https:\/\/raval.es\/elx\/wp-json\/wp\/v2\/posts\/5213\/revisions"}],"predecessor-version":[{"id":5224,"href":"https:\/\/raval.es\/elx\/wp-json\/wp\/v2\/posts\/5213\/revisions\/5224"}],"wp:featuredmedia":[{"embeddable":true,"href":"https:\/\/raval.es\/elx\/wp-json\/wp\/v2\/media\/5222"}],"wp:attachment":[{"href":"https:\/\/raval.es\/elx\/wp-json\/wp\/v2\/media?parent=5213"}],"wp:term":[{"taxonomy":"category","embeddable":true,"href":"https:\/\/raval.es\/elx\/wp-json\/wp\/v2\/categories?post=5213"},{"taxonomy":"post_tag","embeddable":true,"href":"https:\/\/raval.es\/elx\/wp-json\/wp\/v2\/tags?post=5213"}],"curies":[{"name":"wp","href":"https:\/\/api.w.org\/{rel}","templated":true}]}}