{"id":5395,"date":"2022-02-06T20:45:21","date_gmt":"2022-02-06T20:45:21","guid":{"rendered":"https:\/\/raval.es\/elx\/?p=5395"},"modified":"2022-02-28T21:00:34","modified_gmt":"2022-02-28T21:00:34","slug":"compostatgefeb22","status":"publish","type":"post","link":"https:\/\/raval.es\/elx\/compostatgefeb22\/","title":{"rendered":"Taller de Compostatge"},"content":{"rendered":"<div id=\"fb-root\"><\/div>\n<p>[et_pb_section fb_built=\u00bb1&#8243; _builder_version=\u00bb3.22.3&#8243; global_colors_info=\u00bb{}\u00bb][et_pb_row column_structure=\u00bb1_2,1_2&#8243; _builder_version=\u00bb3.25&#8243; background_size=\u00bbinitial\u00bb background_position=\u00bbtop_left\u00bb background_repeat=\u00bbrepeat\u00bb global_colors_info=\u00bb{}\u00bb][et_pb_column type=\u00bb1_2&#8243; _builder_version=\u00bb3.25&#8243; custom_padding=\u00bb|||\u00bb global_colors_info=\u00bb{}\u00bb custom_padding__hover=\u00bb|||\u00bb][et_pb_image src=\u00bbhttps:\/\/raval.es\/elx\/wp-content\/uploads\/2022\/02\/compostatgepost.jpg\u00bb title_text=\u00bbcompostatgepost\u00bb show_in_lightbox=\u00bbon\u00bb _builder_version=\u00bb4.14.6&#8243; _module_preset=\u00bbdefault\u00bb global_colors_info=\u00bb{}\u00bb][\/et_pb_image][et_pb_image src=\u00bbhttps:\/\/raval.es\/elx\/wp-content\/uploads\/2022\/02\/compostajepost.jpg\u00bb title_text=\u00bbcompostajepost\u00bb show_in_lightbox=\u00bbon\u00bb _builder_version=\u00bb4.14.6&#8243; _module_preset=\u00bbdefault\u00bb global_colors_info=\u00bb{}\u00bb][\/et_pb_image][\/et_pb_column][et_pb_column type=\u00bb1_2&#8243; _builder_version=\u00bb3.25&#8243; custom_padding=\u00bb|||\u00bb global_colors_info=\u00bb{}\u00bb custom_padding__hover=\u00bb|||\u00bb][et_pb_text _builder_version=\u00bb4.14.6&#8243; background_size=\u00bbinitial\u00bb background_position=\u00bbtop_left\u00bb background_repeat=\u00bbrepeat\u00bb use_border_color=\u00bboff\u00bb global_colors_info=\u00bb{}\u00bb]<\/p>\n<h3><em><strong>\u00abAl meu barri compostem\u00bb<\/strong><\/em><span><br \/><\/span><\/h3>\n<p><span><span style=\"font-weight: 400;\">\u201cCada vegada \u00e9s m\u00e9s important que aprenguem a transformar els residus que generem. Aquest curs est\u00e0 dirigit a aprofitar els residus org\u00e0nics generats en l&#8217;hort i en la llar.\u201d <\/span><\/span><\/p>\n<p><span>Diumenge 13<br \/>De 10 a 13h.<br \/><\/span><span>Hort de Felip<br \/>Ponent: <strong>Raul Moral<\/strong>, professor de UMH, membre de la xarxa espanyola de compostatge.<br \/><\/span><span><\/span><\/p>\n<p><span>El taller t\u00e9 places limitades per la qual cosa \u00e9s important que confirmes quan abans en <a href=\"http:\/\/www.raval.es\/2022\"><strong>www.raval.es\/2022<\/strong><\/a><\/span><\/p>\n<p>[\/et_pb_text][et_pb_text _builder_version=\u00bb4.14.6&#8243; _module_preset=\u00bbdefault\u00bb global_colors_info=\u00bb{}\u00bb]<\/p>\n<p style=\"text-align: center;\"><strong>Col\u00b7laboren:<br \/>MARGALL\u00d3 &#8211; ECOLOGISTES EN ACCI\u00d3<br \/><\/strong><strong>UNIVERSITAT MIGUEL HERNANDEZ<\/strong><\/p>\n<p style=\"text-align: center;\"><strong><img loading=\"lazy\" decoding=\"async\" src=\"https:\/\/raval.es\/elx\/wp-content\/uploads\/2017\/01\/margallo.jpg\" alt=\"\" class=\"wp-image-1110 alignnone size-full\" width=\"200\" height=\"200\" srcset=\"https:\/\/raval.es\/elx\/wp-content\/uploads\/2017\/01\/margallo.jpg 200w, https:\/\/raval.es\/elx\/wp-content\/uploads\/2017\/01\/margallo-150x150.jpg 150w\" sizes=\"auto, (max-width: 200px) 100vw, 200px\" \/><\/strong><strong><img loading=\"lazy\" decoding=\"async\" src=\"https:\/\/raval.es\/elx\/wp-content\/uploads\/2022\/02\/UMH-alta-255x300.jpg\" alt=\"\" class=\"wp-image-5410 alignnone size-medium\" width=\"170\" height=\"200\" \/><\/strong><\/p>\n<p>[\/et_pb_text][et_pb_code _builder_version=\u00bb4.14.6&#8243; _module_preset=\u00bbdefault\u00bb hover_enabled=\u00bb0&#8243; sticky_enabled=\u00bb0&#8243;]<iframe loading=\"lazy\" src=\"https:\/\/www.facebook.com\/plugins\/post.php?href=https%3A%2F%2Fwww.facebook.com%2FHortDeFelipElx%2Fposts%2F313844304115965&#038;show_text=true&#038;width=500\" width=\"500\" height=\"767\" style=\"border:none;overflow:hidden\" scrolling=\"no\" frameborder=\"0\" allowfullscreen=\"true\" allow=\"autoplay; clipboard-write; encrypted-media; picture-in-picture; web-share\"><\/iframe>[\/et_pb_code][\/et_pb_column][\/et_pb_row][et_pb_row column_structure=\u00bb1_3,1_3,1_3&#8243; _builder_version=\u00bb3.25&#8243; background_size=\u00bbinitial\u00bb background_position=\u00bbtop_left\u00bb background_repeat=\u00bbrepeat\u00bb global_colors_info=\u00bb{}\u00bb][et_pb_column type=\u00bb1_3&#8243; _builder_version=\u00bb3.25&#8243; custom_padding=\u00bb|||\u00bb global_colors_info=\u00bb{}\u00bb custom_padding__hover=\u00bb|||\u00bb][et_pb_image src=\u00bbhttp:\/\/raval.es\/elx\/wp-content\/uploads\/2018\/10\/AV-logo.png\u00bb align_tablet=\u00bbcenter\u00bb align_phone=\u00bb\u00bb align_last_edited=\u00bbon|desktop\u00bb _builder_version=\u00bb3.23&#8243; global_colors_info=\u00bb{}\u00bb][\/et_pb_image][\/et_pb_column][et_pb_column type=\u00bb1_3&#8243; _builder_version=\u00bb3.25&#8243; custom_padding=\u00bb|||\u00bb global_colors_info=\u00bb{}\u00bb custom_padding__hover=\u00bb|||\u00bb][et_pb_image src=\u00bbhttp:\/\/raval.es\/elx\/wp-content\/uploads\/2018\/10\/GVAlogo.png\u00bb _builder_version=\u00bb3.24&#8243; global_colors_info=\u00bb{}\u00bb][\/et_pb_image][\/et_pb_column][et_pb_column type=\u00bb1_3&#8243; _builder_version=\u00bb4.6.6&#8243; _module_preset=\u00bbdefault\u00bb global_colors_info=\u00bb{}\u00bb][et_pb_image src=\u00bbhttps:\/\/raval.es\/elx\/wp-content\/uploads\/2022\/02\/RegidoriaMediAmbient.jpg\u00bb title_text=\u00bbRegidoriaMediAmbient\u00bb align_tablet=\u00bbcenter\u00bb align_phone=\u00bb\u00bb align_last_edited=\u00bbon|desktop\u00bb _builder_version=\u00bb4.14.6&#8243; global_colors_info=\u00bb{}\u00bb][\/et_pb_image][\/et_pb_column][\/et_pb_row][\/et_pb_section]<\/p>\n","protected":false},"excerpt":{"rendered":"<p>\u00abAL MEU BARRI COMPOSTEM\u00bb<br \/>\nDiumenge 13 de febrer, de 10 a 13h. &#8211; Hort de Felip<\/p>\n","protected":false},"author":1,"featured_media":5396,"comment_status":"closed","ping_status":"open","sticky":false,"template":"","format":"standard","meta":{"_et_pb_use_builder":"on","_et_pb_old_content":"","_et_gb_content_width":"2880","_joinchat":[],"footnotes":""},"categories":[135,64,137,136,54],"tags":[],"class_list":["post-5395","post","type-post","status-publish","format-standard","has-post-thumbnail","hentry","category-135","category-actividades","category-cursos-agricultura","category-hort-de-felip","category-hort-urba"],"_links":{"self":[{"href":"https:\/\/raval.es\/elx\/wp-json\/wp\/v2\/posts\/5395","targetHints":{"allow":["GET"]}}],"collection":[{"href":"https:\/\/raval.es\/elx\/wp-json\/wp\/v2\/posts"}],"about":[{"href":"https:\/\/raval.es\/elx\/wp-json\/wp\/v2\/types\/post"}],"author":[{"embeddable":true,"href":"https:\/\/raval.es\/elx\/wp-json\/wp\/v2\/users\/1"}],"replies":[{"embeddable":true,"href":"https:\/\/raval.es\/elx\/wp-json\/wp\/v2\/comments?post=5395"}],"version-history":[{"count":11,"href":"https:\/\/raval.es\/elx\/wp-json\/wp\/v2\/posts\/5395\/revisions"}],"predecessor-version":[{"id":5495,"href":"https:\/\/raval.es\/elx\/wp-json\/wp\/v2\/posts\/5395\/revisions\/5495"}],"wp:featuredmedia":[{"embeddable":true,"href":"https:\/\/raval.es\/elx\/wp-json\/wp\/v2\/media\/5396"}],"wp:attachment":[{"href":"https:\/\/raval.es\/elx\/wp-json\/wp\/v2\/media?parent=5395"}],"wp:term":[{"taxonomy":"category","embeddable":true,"href":"https:\/\/raval.es\/elx\/wp-json\/wp\/v2\/categories?post=5395"},{"taxonomy":"post_tag","embeddable":true,"href":"https:\/\/raval.es\/elx\/wp-json\/wp\/v2\/tags?post=5395"}],"curies":[{"name":"wp","href":"https:\/\/api.w.org\/{rel}","templated":true}]}}